{"id":64667,"date":"2022-05-02T18:59:28","date_gmt":"2022-05-02T21:59:28","guid":{"rendered":"http:\/\/blogdoeloiltoncajuhy.com.br\/site\/?p=64667"},"modified":"2022-05-02T18:59:30","modified_gmt":"2022-05-02T21:59:30","slug":"wanessa-camargo-anuncia-fim-do-casamento-apos-17-anos","status":"publish","type":"post","link":"https:\/\/blogdoeloiltoncajuhy.com.br\/site\/wanessa-camargo-anuncia-fim-do-casamento-apos-17-anos\/","title":{"rendered":"Wanessa Camargo anuncia fim do casamento ap\u00f3s 17 anos"},"content":{"rendered":"\n<p><strong>Por Jetss<\/strong><\/p>\n\n\n\n<div class=\"wp-block-image\"><figure class=\"aligncenter size-full\"><a href=\"https:\/\/i0.wp.com\/blogdoeloiltoncajuhy.com.br\/site\/wp-content\/uploads\/2022\/05\/Wanessa-Camargo-Fim-do-casamento_01.jpg\"><img data-recalc-dims=\"1\" fetchpriority=\"high\" decoding=\"async\" width=\"466\" height=\"582\" src=\"https:\/\/i0.wp.com\/blogdoeloiltoncajuhy.com.br\/site\/wp-content\/uploads\/2022\/05\/Wanessa-Camargo-Fim-do-casamento_01.jpg?resize=466%2C582\" alt=\"\" class=\"wp-image-64668\" srcset=\"https:\/\/i0.wp.com\/blogdoeloiltoncajuhy.com.br\/site\/wp-content\/uploads\/2022\/05\/Wanessa-Camargo-Fim-do-casamento_01.jpg?w=466&amp;ssl=1 466w, https:\/\/i0.wp.com\/blogdoeloiltoncajuhy.com.br\/site\/wp-content\/uploads\/2022\/05\/Wanessa-Camargo-Fim-do-casamento_01.jpg?resize=240%2C300&amp;ssl=1 240w\" sizes=\"(max-width: 466px) 100vw, 466px\" \/><\/a><figcaption><sub>Foto: Instagram<\/sub><\/figcaption><\/figure><\/div>\n\n\n\n<p>Em um comunicado oficial nas redes sociais, a cantora Wanessa Camargo anunciou o fim de seu casamento com o empres\u00e1rio Marcus Buaiz. A revela\u00e7\u00e3o, publicada nesta nesta segunda-feira (2), pegou f\u00e3s e seguidores de surpresa.<\/p>\n\n\n\n<p>\u201cAp\u00f3s 17 anos juntos, um relacionamento pautado pelo amor, respeito m\u00fatuo e felicidade, anunciamos que n\u00e3o somos mais um casal. Depois de muita reflex\u00e3o, decidimos pacificamente encerrar nossa rela\u00e7\u00e3o conjugal\u201d, diz a nota assinada pelo casal.<\/p>\n\n\n\n<div class=\"wp-block-image\"><figure class=\"aligncenter size-full\"><a href=\"https:\/\/i0.wp.com\/blogdoeloiltoncajuhy.com.br\/site\/wp-content\/uploads\/2022\/05\/Wanessa-Camargo-02052022.jpg\"><img data-recalc-dims=\"1\" decoding=\"async\" width=\"466\" height=\"582\" src=\"https:\/\/i0.wp.com\/blogdoeloiltoncajuhy.com.br\/site\/wp-content\/uploads\/2022\/05\/Wanessa-Camargo-02052022.jpg?resize=466%2C582\" alt=\"\" class=\"wp-image-64669\" srcset=\"https:\/\/i0.wp.com\/blogdoeloiltoncajuhy.com.br\/site\/wp-content\/uploads\/2022\/05\/Wanessa-Camargo-02052022.jpg?w=466&amp;ssl=1 466w, https:\/\/i0.wp.com\/blogdoeloiltoncajuhy.com.br\/site\/wp-content\/uploads\/2022\/05\/Wanessa-Camargo-02052022.jpg?resize=240%2C300&amp;ssl=1 240w\" sizes=\"(max-width: 466px) 100vw, 466px\" \/><\/a><figcaption><sub>Foto: Instagram<\/sub><\/figcaption><\/figure><\/div>\n\n\n\n<p>O comunicado ainda enfatiza que ambos estar\u00e3o presentes na cria\u00e7\u00e3o dos filhos e pedem respeito \u00e0 sua privacidade. \u201cAo lado de nossos filhos incr\u00edveis e que amamos incondicionalmente, continuaremos a ser uma fam\u00edlia, com os mesmos valores e princ\u00edpios que nos uniram at\u00e9 aqui\u201d, declara outro trecho da postagem.<\/p>\n\n\n\n<p>Wanessa e Marcus Buaiz oficializaram o casamento em 2007 e t\u00eam dois dois filhos juntos: Jos\u00e9 Marcus e Jo\u00e3o Francisco.<\/p>\n","protected":false},"excerpt":{"rendered":"<p>Por Jetss Em um comunicado oficial nas redes sociais, a cantora Wanessa Camargo anunciou o fim de seu casamento com o empres\u00e1rio Marcus Buaiz. A revela\u00e7\u00e3o, publicada nesta nesta segunda-feira (2), pegou f\u00e3s e seguidores de surpresa. \u201cAp\u00f3s 17 anos juntos, um relacionamento pautado pelo amor, respeito m\u00fatuo e felicidade, anunciamos que n\u00e3o somos mais [&hellip;]<\/p>\n","protected":false},"author":2,"featured_media":64668,"comment_status":"open","ping_status":"open","sticky":false,"template":"","format":"standard","meta":{"_acf_changed":false,"_monsterinsights_skip_tracking":false,"_monsterinsights_sitenote_active":false,"_monsterinsights_sitenote_note":"","_monsterinsights_sitenote_category":0,"_jetpack_memberships_contains_paid_content":false,"footnotes":"","jetpack_publicize_message":"","jetpack_publicize_feature_enabled":true,"jetpack_social_post_already_shared":true,"jetpack_social_options":{"image_generator_settings":{"template":"highway","default_image_id":0,"font":"","enabled":false},"version":2}},"categories":[8],"tags":[],"class_list":["post-64667","post","type-post","status-publish","format-standard","has-post-thumbnail","hentry","category-cultura"],"acf":[],"jetpack_publicize_connections":[],"jetpack_featured_media_url":"https:\/\/i0.wp.com\/blogdoeloiltoncajuhy.com.br\/site\/wp-content\/uploads\/2022\/05\/Wanessa-Camargo-Fim-do-casamento_01.jpg?fit=466%2C582&ssl=1","jetpack_sharing_enabled":true,"publishpress_future_workflow_manual_trigger":{"enabledWorkflows":[]},"_links":{"self":[{"href":"https:\/\/blogdoeloiltoncajuhy.com.br\/site\/wp-json\/wp\/v2\/posts\/64667","targetHints":{"allow":["GET"]}}],"collection":[{"href":"https:\/\/blogdoeloiltoncajuhy.com.br\/site\/wp-json\/wp\/v2\/posts"}],"about":[{"href":"https:\/\/blogdoeloiltoncajuhy.com.br\/site\/wp-json\/wp\/v2\/types\/post"}],"author":[{"embeddable":true,"href":"https:\/\/blogdoeloiltoncajuhy.com.br\/site\/wp-json\/wp\/v2\/users\/2"}],"replies":[{"embeddable":true,"href":"https:\/\/blogdoeloiltoncajuhy.com.br\/site\/wp-json\/wp\/v2\/comments?post=64667"}],"version-history":[{"count":1,"href":"https:\/\/blogdoeloiltoncajuhy.com.br\/site\/wp-json\/wp\/v2\/posts\/64667\/revisions"}],"predecessor-version":[{"id":64670,"href":"https:\/\/blogdoeloiltoncajuhy.com.br\/site\/wp-json\/wp\/v2\/posts\/64667\/revisions\/64670"}],"wp:featuredmedia":[{"embeddable":true,"href":"https:\/\/blogdoeloiltoncajuhy.com.br\/site\/wp-json\/wp\/v2\/media\/64668"}],"wp:attachment":[{"href":"https:\/\/blogdoeloiltoncajuhy.com.br\/site\/wp-json\/wp\/v2\/media?parent=64667"}],"wp:term":[{"taxonomy":"category","embeddable":true,"href":"https:\/\/blogdoeloiltoncajuhy.com.br\/site\/wp-json\/wp\/v2\/categories?post=64667"},{"taxonomy":"post_tag","embeddable":true,"href":"https:\/\/blogdoeloiltoncajuhy.com.br\/site\/wp-json\/wp\/v2\/tags?post=64667"}],"curies":[{"name":"wp","href":"https:\/\/api.w.org\/{rel}","templated":true}]}}