{"id":64664,"date":"2022-05-02T09:14:49","date_gmt":"2022-05-02T12:14:49","guid":{"rendered":"http:\/\/blogdoeloiltoncajuhy.com.br\/site\/?p=64664"},"modified":"2022-05-02T09:14:50","modified_gmt":"2022-05-02T12:14:50","slug":"tradicao-musical-de-bonfim-inspirou-a-criacao-da-orquestra-e-coral-da-saudade","status":"publish","type":"post","link":"https:\/\/blogdoeloiltoncajuhy.com.br\/site\/tradicao-musical-de-bonfim-inspirou-a-criacao-da-orquestra-e-coral-da-saudade\/","title":{"rendered":"Tradi\u00e7\u00e3o musical de Bonfim inspirou a cria\u00e7\u00e3o da Orquestra e Coral da Saudade"},"content":{"rendered":"\n<p><strong>Por Minha Cidade &#8211; Senhor do Bonfim<\/strong><\/p>\n\n\n\n<div class=\"wp-block-image\"><figure class=\"aligncenter size-large is-resized\"><a href=\"https:\/\/i0.wp.com\/blogdoeloiltoncajuhy.com.br\/site\/wp-content\/uploads\/2022\/05\/MC_Orquestra-e-Coral-da-Saudade-02052022.jpg\"><img data-recalc-dims=\"1\" fetchpriority=\"high\" decoding=\"async\" src=\"https:\/\/i0.wp.com\/blogdoeloiltoncajuhy.com.br\/site\/wp-content\/uploads\/2022\/05\/MC_Orquestra-e-Coral-da-Saudade-02052022.jpg?resize=768%2C539\" alt=\"\" class=\"wp-image-64665\" width=\"768\" height=\"539\" srcset=\"https:\/\/i0.wp.com\/blogdoeloiltoncajuhy.com.br\/site\/wp-content\/uploads\/2022\/05\/MC_Orquestra-e-Coral-da-Saudade-02052022.jpg?resize=1024%2C718&amp;ssl=1 1024w, https:\/\/i0.wp.com\/blogdoeloiltoncajuhy.com.br\/site\/wp-content\/uploads\/2022\/05\/MC_Orquestra-e-Coral-da-Saudade-02052022.jpg?resize=300%2C210&amp;ssl=1 300w, https:\/\/i0.wp.com\/blogdoeloiltoncajuhy.com.br\/site\/wp-content\/uploads\/2022\/05\/MC_Orquestra-e-Coral-da-Saudade-02052022.jpg?resize=768%2C538&amp;ssl=1 768w, https:\/\/i0.wp.com\/blogdoeloiltoncajuhy.com.br\/site\/wp-content\/uploads\/2022\/05\/MC_Orquestra-e-Coral-da-Saudade-02052022.jpg?w=1080&amp;ssl=1 1080w\" sizes=\"(max-width: 768px) 100vw, 768px\" \/><\/a><\/figure><\/div>\n\n\n\n<p>Em 1974, inspirada pela hist\u00f3ria e tradi\u00e7\u00e3o musical da cidade nos tempos das grandes filarm\u00f4nicas, a professora Ieda Belitardo partilhou com as amigas Yvone Lamartine e Margarida Dourado o desejo de formar uma orquestra.<\/p>\n\n\n\n<p>Com apoio das amigas e de m\u00fasicos como Fernando Dantas e Jo\u00e3o Longuinho, a professora Ieda ainda convenceu sua av\u00f3, Dona Sinim, uma jovem violinista de 84 anos, a participar desse sonho. Nascia assim a Orquestra da Saudade e posteriormente o Coral da Saudade, patrim\u00f4nios culturais de Senhor do Bonfim.<\/p>\n\n\n\n<p>A Orquestra da Saudade teve em sua primeira diretoria a professora Ieda Belitardo, Fernando Dantas, Orlando Oliveira Santos, Leopoldina Castro, Regina Iara Salgado, Maria Auxiliadora Cavalcante, Otac\u00edlio Neves, Jandira Soares da Silva, Margarida Gon\u00e7alves Dourado, Maria Sim\u00f5es Belitardo e Ant\u00f4nia de Santana Salgado.<\/p>\n\n\n\n<p><em>Foto: Acervo JB<br>Fonte: MSB<\/em><\/p>\n","protected":false},"excerpt":{"rendered":"<p>Por Minha Cidade &#8211; Senhor do Bonfim Em 1974, inspirada pela hist\u00f3ria e tradi\u00e7\u00e3o musical da cidade nos tempos das grandes filarm\u00f4nicas, a professora Ieda Belitardo partilhou com as amigas Yvone Lamartine e Margarida Dourado o desejo de formar uma orquestra. Com apoio das amigas e de m\u00fasicos como Fernando Dantas e Jo\u00e3o Longuinho, a [&hellip;]<\/p>\n","protected":false},"author":2,"featured_media":64665,"comment_status":"open","ping_status":"open","sticky":false,"template":"","format":"standard","meta":{"_acf_changed":false,"_monsterinsights_skip_tracking":false,"_monsterinsights_sitenote_active":false,"_monsterinsights_sitenote_note":"","_monsterinsights_sitenote_category":0,"_jetpack_memberships_contains_paid_content":false,"footnotes":"","jetpack_publicize_message":"","jetpack_publicize_feature_enabled":true,"jetpack_social_post_already_shared":true,"jetpack_social_options":{"image_generator_settings":{"template":"highway","default_image_id":0,"font":"","enabled":false},"version":2}},"categories":[6],"tags":[],"class_list":["post-64664","post","type-post","status-publish","format-standard","has-post-thumbnail","hentry","category-esportes"],"acf":[],"jetpack_publicize_connections":[],"jetpack_featured_media_url":"https:\/\/i0.wp.com\/blogdoeloiltoncajuhy.com.br\/site\/wp-content\/uploads\/2022\/05\/MC_Orquestra-e-Coral-da-Saudade-02052022.jpg?fit=1080%2C757&ssl=1","jetpack_sharing_enabled":true,"publishpress_future_workflow_manual_trigger":{"enabledWorkflows":[]},"_links":{"self":[{"href":"https:\/\/blogdoeloiltoncajuhy.com.br\/site\/wp-json\/wp\/v2\/posts\/64664","targetHints":{"allow":["GET"]}}],"collection":[{"href":"https:\/\/blogdoeloiltoncajuhy.com.br\/site\/wp-json\/wp\/v2\/posts"}],"about":[{"href":"https:\/\/blogdoeloiltoncajuhy.com.br\/site\/wp-json\/wp\/v2\/types\/post"}],"author":[{"embeddable":true,"href":"https:\/\/blogdoeloiltoncajuhy.com.br\/site\/wp-json\/wp\/v2\/users\/2"}],"replies":[{"embeddable":true,"href":"https:\/\/blogdoeloiltoncajuhy.com.br\/site\/wp-json\/wp\/v2\/comments?post=64664"}],"version-history":[{"count":1,"href":"https:\/\/blogdoeloiltoncajuhy.com.br\/site\/wp-json\/wp\/v2\/posts\/64664\/revisions"}],"predecessor-version":[{"id":64666,"href":"https:\/\/blogdoeloiltoncajuhy.com.br\/site\/wp-json\/wp\/v2\/posts\/64664\/revisions\/64666"}],"wp:featuredmedia":[{"embeddable":true,"href":"https:\/\/blogdoeloiltoncajuhy.com.br\/site\/wp-json\/wp\/v2\/media\/64665"}],"wp:attachment":[{"href":"https:\/\/blogdoeloiltoncajuhy.com.br\/site\/wp-json\/wp\/v2\/media?parent=64664"}],"wp:term":[{"taxonomy":"category","embeddable":true,"href":"https:\/\/blogdoeloiltoncajuhy.com.br\/site\/wp-json\/wp\/v2\/categories?post=64664"},{"taxonomy":"post_tag","embeddable":true,"href":"https:\/\/blogdoeloiltoncajuhy.com.br\/site\/wp-json\/wp\/v2\/tags?post=64664"}],"curies":[{"name":"wp","href":"https:\/\/api.w.org\/{rel}","templated":true}]}}