{"id":64662,"date":"2022-05-02T09:05:18","date_gmt":"2022-05-02T12:05:18","guid":{"rendered":"http:\/\/blogdoeloiltoncajuhy.com.br\/site\/?p=64662"},"modified":"2022-05-02T09:05:19","modified_gmt":"2022-05-02T12:05:19","slug":"covid-19-bahia-registra-segundo-dia-consecutivo-sem-mortes-causadas-pela-doenca","status":"publish","type":"post","link":"https:\/\/blogdoeloiltoncajuhy.com.br\/site\/covid-19-bahia-registra-segundo-dia-consecutivo-sem-mortes-causadas-pela-doenca\/","title":{"rendered":"Covid-19: Bahia registra segundo dia consecutivo sem mortes causadas pela doen\u00e7a"},"content":{"rendered":"\n<p class=\"has-text-align-center\"><em>Informa\u00e7\u00e3o foi divulgada pela Sesab, em boletim publicado neste domingo (1\u00ba). Estado tem 354 casos ativos da doen\u00e7a.<\/em><\/p>\n\n\n\n<p><strong>Por g1 BA<\/strong><\/p>\n\n\n\n<div class=\"wp-block-image\"><figure class=\"aligncenter size-full is-resized\"><a href=\"https:\/\/i0.wp.com\/blogdoeloiltoncajuhy.com.br\/site\/wp-content\/uploads\/2022\/02\/CORONAVIRUS-15022022.jpg\"><img data-recalc-dims=\"1\" fetchpriority=\"high\" decoding=\"async\" src=\"https:\/\/i0.wp.com\/blogdoeloiltoncajuhy.com.br\/site\/wp-content\/uploads\/2022\/02\/CORONAVIRUS-15022022.jpg?resize=619%2C353\" alt=\"\" class=\"wp-image-62868\" width=\"619\" height=\"353\" srcset=\"https:\/\/i0.wp.com\/blogdoeloiltoncajuhy.com.br\/site\/wp-content\/uploads\/2022\/02\/CORONAVIRUS-15022022.jpg?w=825&amp;ssl=1 825w, https:\/\/i0.wp.com\/blogdoeloiltoncajuhy.com.br\/site\/wp-content\/uploads\/2022\/02\/CORONAVIRUS-15022022.jpg?resize=300%2C171&amp;ssl=1 300w, https:\/\/i0.wp.com\/blogdoeloiltoncajuhy.com.br\/site\/wp-content\/uploads\/2022\/02\/CORONAVIRUS-15022022.jpg?resize=768%2C438&amp;ssl=1 768w\" sizes=\"(max-width: 619px) 100vw, 619px\" \/><\/a><\/figure><\/div>\n\n\n\n<p>Pelo segundo dia consecutivo, a Bahia n\u00e3o registra \u00f3bitos causados pela Covid-19. A informa\u00e7\u00e3o foi divulgada pela Secretaria da Sa\u00fade do estado (Sesab), em boletim publicado na tarde deste domingo (1\u00ba).<\/p>\n\n\n\n<p>Antes, a pasta havia contabilizado os mesmos dados sem \u00f3bitos no s\u00e1bado (30), feito que n\u00e3o ocorria desde abril de 2020 (al\u00e9m de 26 de dezembro de 2021, quando o sistema apresentou problemas e os dados n\u00e3o foram divulgados).<\/p>\n\n\n\n<p>Al\u00e9m disso, 27 casos positivos foram registrados nas \u00faltimas 24 horas (taxa de crescimento de 0,02%) e 33 pessoas recuperadas (crescimento tamb\u00e9m de 0,02%).<\/p>\n\n\n\n<p>Ao todo, 1.542.907 foram confirmados desde o in\u00edcio da pandemia. Outros 354 est\u00e3o ativos e 29.856 pessoas perderam a vida para a Covid-19 em todo o estado.<\/p>\n\n\n\n<p>O boletim epidemiol\u00f3gico registra ainda 1.850.070 casos descartados e 331.989 em investiga\u00e7\u00e3o. De acordo com a Sesab, 63.215 profissionais da sa\u00fade testaram positivo para a doen\u00e7a.<\/p>\n\n\n\n<p>Os dados completos podem ser acessados no site da secretaria e na plataforma disponibilizada pelo \u00f3rg\u00e3o, o Business Intelligence.<\/p>\n\n\n\n<p class=\"has-black-color has-text-color has-medium-font-size\"><strong>Vacina\u00e7\u00e3o<\/strong><\/p>\n\n\n\n<p>Ainda conforme a Sesab, 11.493.861 de pessoas foram vacinadas com a primeira dose, 10.638.427 com a segunda dose ou dose \u00fanica, 5.458.008 com a dose de refor\u00e7o e 38.507 com o segundo refor\u00e7o.<\/p>\n\n\n\n<p>Entre o p\u00fablico de 5 a 11 anos, 913.614 crian\u00e7as j\u00e1 foram imunizadas com a primeira dose e 350.763 j\u00e1 tomaram tamb\u00e9m a segunda dose em toda a Bahia.<\/p>\n","protected":false},"excerpt":{"rendered":"<p>Informa\u00e7\u00e3o foi divulgada pela Sesab, em boletim publicado neste domingo (1\u00ba). Estado tem 354 casos ativos da doen\u00e7a. Por g1 BA Pelo segundo dia consecutivo, a Bahia n\u00e3o registra \u00f3bitos causados pela Covid-19. A informa\u00e7\u00e3o foi divulgada pela Secretaria da Sa\u00fade do estado (Sesab), em boletim publicado na tarde deste domingo (1\u00ba). Antes, a pasta [&hellip;]<\/p>\n","protected":false},"author":2,"featured_media":58676,"comment_status":"open","ping_status":"open","sticky":false,"template":"","format":"standard","meta":{"_acf_changed":false,"_monsterinsights_skip_tracking":false,"_monsterinsights_sitenote_active":false,"_monsterinsights_sitenote_note":"","_monsterinsights_sitenote_category":0,"_jetpack_memberships_contains_paid_content":false,"footnotes":"","jetpack_publicize_message":"","jetpack_publicize_feature_enabled":true,"jetpack_social_post_already_shared":true,"jetpack_social_options":{"image_generator_settings":{"template":"highway","default_image_id":0,"font":"","enabled":false},"version":2}},"categories":[7],"tags":[],"class_list":["post-64662","post","type-post","status-publish","format-standard","has-post-thumbnail","hentry","category-saude"],"acf":[],"jetpack_publicize_connections":[],"jetpack_featured_media_url":"https:\/\/i0.wp.com\/blogdoeloiltoncajuhy.com.br\/site\/wp-content\/uploads\/2021\/08\/Corona-Vacina-13062021.jpg?fit=1119%2C791&ssl=1","jetpack_sharing_enabled":true,"publishpress_future_workflow_manual_trigger":{"enabledWorkflows":[]},"_links":{"self":[{"href":"https:\/\/blogdoeloiltoncajuhy.com.br\/site\/wp-json\/wp\/v2\/posts\/64662","targetHints":{"allow":["GET"]}}],"collection":[{"href":"https:\/\/blogdoeloiltoncajuhy.com.br\/site\/wp-json\/wp\/v2\/posts"}],"about":[{"href":"https:\/\/blogdoeloiltoncajuhy.com.br\/site\/wp-json\/wp\/v2\/types\/post"}],"author":[{"embeddable":true,"href":"https:\/\/blogdoeloiltoncajuhy.com.br\/site\/wp-json\/wp\/v2\/users\/2"}],"replies":[{"embeddable":true,"href":"https:\/\/blogdoeloiltoncajuhy.com.br\/site\/wp-json\/wp\/v2\/comments?post=64662"}],"version-history":[{"count":1,"href":"https:\/\/blogdoeloiltoncajuhy.com.br\/site\/wp-json\/wp\/v2\/posts\/64662\/revisions"}],"predecessor-version":[{"id":64663,"href":"https:\/\/blogdoeloiltoncajuhy.com.br\/site\/wp-json\/wp\/v2\/posts\/64662\/revisions\/64663"}],"wp:featuredmedia":[{"embeddable":true,"href":"https:\/\/blogdoeloiltoncajuhy.com.br\/site\/wp-json\/wp\/v2\/media\/58676"}],"wp:attachment":[{"href":"https:\/\/blogdoeloiltoncajuhy.com.br\/site\/wp-json\/wp\/v2\/media?parent=64662"}],"wp:term":[{"taxonomy":"category","embeddable":true,"href":"https:\/\/blogdoeloiltoncajuhy.com.br\/site\/wp-json\/wp\/v2\/categories?post=64662"},{"taxonomy":"post_tag","embeddable":true,"href":"https:\/\/blogdoeloiltoncajuhy.com.br\/site\/wp-json\/wp\/v2\/tags?post=64662"}],"curies":[{"name":"wp","href":"https:\/\/api.w.org\/{rel}","templated":true}]}}