{"id":64640,"date":"2022-05-01T09:15:28","date_gmt":"2022-05-01T12:15:28","guid":{"rendered":"http:\/\/blogdoeloiltoncajuhy.com.br\/site\/?p=64640"},"modified":"2022-05-01T09:15:30","modified_gmt":"2022-05-01T12:15:30","slug":"policia-civil-da-bahia-realiza-selecao-para-profissionais-de-saude-veja-como-concorrer-a-uma-das-vagas","status":"publish","type":"post","link":"https:\/\/blogdoeloiltoncajuhy.com.br\/site\/policia-civil-da-bahia-realiza-selecao-para-profissionais-de-saude-veja-como-concorrer-a-uma-das-vagas\/","title":{"rendered":"Pol\u00edcia Civil da Bahia realiza sele\u00e7\u00e3o para profissionais de sa\u00fade; veja como concorrer a uma das vagas"},"content":{"rendered":"\n<p class=\"has-text-align-center\"><em>Edital do Processo Reda foi publicado no Di\u00e1rio Oficial do Estado, deste s\u00e1bado (30), e oferece 26 vagas para profissionais de sa\u00fade.<\/em><\/p>\n\n\n\n<p><strong>Por g1 BA<\/strong><\/p>\n\n\n\n<div class=\"wp-block-image\"><figure class=\"aligncenter size-full is-resized\"><a href=\"https:\/\/i0.wp.com\/blogdoeloiltoncajuhy.com.br\/site\/wp-content\/uploads\/2022\/05\/PC_Reda-2022.webp\"><img data-recalc-dims=\"1\" fetchpriority=\"high\" decoding=\"async\" src=\"https:\/\/i0.wp.com\/blogdoeloiltoncajuhy.com.br\/site\/wp-content\/uploads\/2022\/05\/PC_Reda-2022.webp?resize=646%2C485\" alt=\"\" class=\"wp-image-64641\" width=\"646\" height=\"485\" srcset=\"https:\/\/i0.wp.com\/blogdoeloiltoncajuhy.com.br\/site\/wp-content\/uploads\/2022\/05\/PC_Reda-2022.webp?w=984&amp;ssl=1 984w, https:\/\/i0.wp.com\/blogdoeloiltoncajuhy.com.br\/site\/wp-content\/uploads\/2022\/05\/PC_Reda-2022.webp?resize=300%2C225&amp;ssl=1 300w, https:\/\/i0.wp.com\/blogdoeloiltoncajuhy.com.br\/site\/wp-content\/uploads\/2022\/05\/PC_Reda-2022.webp?resize=768%2C576&amp;ssl=1 768w\" sizes=\"(max-width: 646px) 100vw, 646px\" \/><\/a><\/figure><\/div>\n\n\n\n<p>A Pol\u00edcia Civil da Bahia vai realizar um processo seletivo para contrata\u00e7\u00e3o tempor\u00e1ria de profissionais de sa\u00fade, que ir\u00e3o integrar o Departamento M\u00e9dico (Demep) da institu\u00e7\u00e3o. A contrata\u00e7\u00e3o \u00e9 em Regime Especial de Direito Administrativo (Reda).<\/p>\n\n\n\n<p>De acordo com o edital publicado no Di\u00e1rio Oficial do Estado (DOE), deste s\u00e1bado (30), s\u00e3o 26 vagas e os profissionais v\u00e3o trabalhar em Salvador, no Demep, na Rua Alegria dos Barris, nos Barris.<\/p>\n\n\n\n<p>As vagas s\u00e3o direcionadas aos profissionais m\u00e9dico cl\u00ednico geral, m\u00e9dico oftalmologista, m\u00e9dico psiquiatra, psic\u00f3logo, fisioterapeuta, enfermeiro, assistente social, auxiliar de consult\u00f3rio odontol\u00f3gico e t\u00e9cnico em enfermagem.<\/p>\n\n\n\n<p>Ainda de acordo com o edital, o processo seletivo ser\u00e1 por an\u00e1lise curricular e por meios eletr\u00f4nicos. As inscri\u00e7\u00f5es ficar\u00e3o abertas, exclusivamente pela internet no site selecao.ba.gov.br, a partir das 23h do dia 09 de maio at\u00e9 \u00e0s 23:59h do dia 13 de maio.<\/p>\n\n\n\n<p>O contrato de trabalho \u00e9 pelo prazo de at\u00e9 24 meses, com possibilidade de renova\u00e7\u00e3o por igual per\u00edodo, uma \u00fanica vez.<\/p>\n\n\n\n<p>O edital com mais informa\u00e7\u00f5es sobre a sele\u00e7\u00e3o est\u00e1 dispon\u00edvel no site da Pol\u00edcia Civil.<\/p>\n","protected":false},"excerpt":{"rendered":"<p>Edital do Processo Reda foi publicado no Di\u00e1rio Oficial do Estado, deste s\u00e1bado (30), e oferece 26 vagas para profissionais de sa\u00fade. Por g1 BA A Pol\u00edcia Civil da Bahia vai realizar um processo seletivo para contrata\u00e7\u00e3o tempor\u00e1ria de profissionais de sa\u00fade, que ir\u00e3o integrar o Departamento M\u00e9dico (Demep) da institu\u00e7\u00e3o. A contrata\u00e7\u00e3o \u00e9 em [&hellip;]<\/p>\n","protected":false},"author":2,"featured_media":64641,"comment_status":"open","ping_status":"open","sticky":false,"template":"","format":"standard","meta":{"_acf_changed":false,"_monsterinsights_skip_tracking":false,"_monsterinsights_sitenote_active":false,"_monsterinsights_sitenote_note":"","_monsterinsights_sitenote_category":0,"_jetpack_memberships_contains_paid_content":false,"footnotes":"","jetpack_publicize_message":"","jetpack_publicize_feature_enabled":true,"jetpack_social_post_already_shared":true,"jetpack_social_options":{"image_generator_settings":{"template":"highway","default_image_id":0,"font":"","enabled":false},"version":2}},"categories":[5],"tags":[],"class_list":["post-64640","post","type-post","status-publish","format-standard","has-post-thumbnail","hentry","category-cotidiano"],"acf":[],"jetpack_publicize_connections":[],"jetpack_featured_media_url":"https:\/\/i0.wp.com\/blogdoeloiltoncajuhy.com.br\/site\/wp-content\/uploads\/2022\/05\/PC_Reda-2022.webp?fit=984%2C738&ssl=1","jetpack_sharing_enabled":true,"publishpress_future_workflow_manual_trigger":{"enabledWorkflows":[]},"_links":{"self":[{"href":"https:\/\/blogdoeloiltoncajuhy.com.br\/site\/wp-json\/wp\/v2\/posts\/64640","targetHints":{"allow":["GET"]}}],"collection":[{"href":"https:\/\/blogdoeloiltoncajuhy.com.br\/site\/wp-json\/wp\/v2\/posts"}],"about":[{"href":"https:\/\/blogdoeloiltoncajuhy.com.br\/site\/wp-json\/wp\/v2\/types\/post"}],"author":[{"embeddable":true,"href":"https:\/\/blogdoeloiltoncajuhy.com.br\/site\/wp-json\/wp\/v2\/users\/2"}],"replies":[{"embeddable":true,"href":"https:\/\/blogdoeloiltoncajuhy.com.br\/site\/wp-json\/wp\/v2\/comments?post=64640"}],"version-history":[{"count":1,"href":"https:\/\/blogdoeloiltoncajuhy.com.br\/site\/wp-json\/wp\/v2\/posts\/64640\/revisions"}],"predecessor-version":[{"id":64642,"href":"https:\/\/blogdoeloiltoncajuhy.com.br\/site\/wp-json\/wp\/v2\/posts\/64640\/revisions\/64642"}],"wp:featuredmedia":[{"embeddable":true,"href":"https:\/\/blogdoeloiltoncajuhy.com.br\/site\/wp-json\/wp\/v2\/media\/64641"}],"wp:attachment":[{"href":"https:\/\/blogdoeloiltoncajuhy.com.br\/site\/wp-json\/wp\/v2\/media?parent=64640"}],"wp:term":[{"taxonomy":"category","embeddable":true,"href":"https:\/\/blogdoeloiltoncajuhy.com.br\/site\/wp-json\/wp\/v2\/categories?post=64640"},{"taxonomy":"post_tag","embeddable":true,"href":"https:\/\/blogdoeloiltoncajuhy.com.br\/site\/wp-json\/wp\/v2\/tags?post=64640"}],"curies":[{"name":"wp","href":"https:\/\/api.w.org\/{rel}","templated":true}]}}