{"id":64635,"date":"2022-05-01T08:49:50","date_gmt":"2022-05-01T11:49:50","guid":{"rendered":"http:\/\/blogdoeloiltoncajuhy.com.br\/site\/?p=64635"},"modified":"2022-05-01T08:49:52","modified_gmt":"2022-05-01T11:49:52","slug":"governo-muda-regra-de-concessao-do-auxilio-doenca-veja-quem-tem-direito-e-como-pedir-beneficio","status":"publish","type":"post","link":"https:\/\/blogdoeloiltoncajuhy.com.br\/site\/governo-muda-regra-de-concessao-do-auxilio-doenca-veja-quem-tem-direito-e-como-pedir-beneficio\/","title":{"rendered":"Governo muda regra de concess\u00e3o do aux\u00edlio-doen\u00e7a; veja quem tem direito e como pedir benef\u00edcio"},"content":{"rendered":"\n<p><strong>Por Bolavip Brasil<\/strong><\/p>\n\n\n\n<figure class=\"wp-block-embed is-type-video is-provider-youtube wp-block-embed-youtube wp-embed-aspect-16-9 wp-has-aspect-ratio\"><div class=\"wp-block-embed__wrapper\">\n<iframe title=\"AUX\u00cdLIO-DOEN\u00c7A, agora \u00e9 AUX\u00cdLIO POR INCAPACIDADE TEMPOR\u00c1RIA - 2021\" width=\"800\" height=\"450\" src=\"https:\/\/www.youtube.com\/embed\/K_Pc5N6E6Fo?feature=oembed\" frameborder=\"0\" allow=\"accelerometer; autoplay; clipboard-write; encrypted-media; gyroscope; picture-in-picture\" allowfullscreen><\/iframe>\n<\/div><\/figure>\n\n\n\n<p>Tamb\u00e9m chamado de benef\u00edcio por incapacidade tempor\u00e1ria, o aux\u00edlio-doen\u00e7a \u00e9 pago para pessoas que estejam incapazes de trabalhar por mais de 15 dias de maneira provis\u00f3ria e n\u00e3o permanente. Ou seja, sem prazo certo de recupera\u00e7\u00e3o.<\/p>\n\n\n\n<p>Agora, o governo publicou, no \u00faltimo dia 20 de abril, uma medida provis\u00f3ria. Dessa forma, mudou algumas regras para a an\u00e1lise e concess\u00e3o de benef\u00edcios, incluindo o aux\u00edlio-doen\u00e7a. Sendo assim, a partir de agora, n\u00e3o ser\u00e1 mais necess\u00e1rio uma avalia\u00e7\u00e3o da per\u00edcia m\u00e9dica do Instituto Nacional do Seguro Social (INSS).<\/p>\n\n\n\n<p>Para garantir o aux\u00edlio, ser\u00e1 concedido por avalia\u00e7\u00e3o documental. Esse precisa comprovar a enfermidade do seguro, sendo atestada por laudos ou atestados realizados pelo INSS. O formato n\u00e3o \u00e9 novo e foi adotado durante os anos de 2020 e 2021. A medida provis\u00f3ria 1.113 no dia 20 de abril, segundo publica\u00e7\u00e3o do Di\u00e1rio Oficial da Uni\u00e3o.<\/p>\n\n\n\n<p class=\"has-black-color has-text-color has-medium-font-size\"><strong>Como pedir o aux\u00edlio-doen\u00e7a?<\/strong><\/p>\n\n\n\n<p>Para realizar o pedido o segurado deve entrar em contato nos canais de atendimento:<\/p>\n\n\n\n<ul class=\"wp-block-list\"><li>Entre no Meu INSS;<br><\/li><\/ul>\n\n\n\n<ul class=\"wp-block-list\"><li>Fa\u00e7a o login no sistema;<br><\/li><\/ul>\n\n\n\n<ul class=\"wp-block-list\"><li>Escolha a op\u00e7\u00e3o \u201cAgende sua Per\u00edcia\u201d, que fica no menu lateral esquerdo;<br><\/li><\/ul>\n\n\n\n<ul class=\"wp-block-list\"><li>Clique em \u201cAgendar Novo\u201d<br><\/li><\/ul>\n\n\n\n<ul class=\"wp-block-list\"><li>Escolha se \u00e9 primeiro pedido ou \u201cAgendar Prorroga\u00e7\u00e3o\u201d para prorrogar o benef\u00edcio<br><\/li><\/ul>\n\n\n\n<ul class=\"wp-block-list\"><li>Acompanhe o andamento pelo Meu INSS, na op\u00e7\u00e3o \u201cResultado de Requerimento\/Benef\u00edcio por Incapacidade\u201d.<\/li><\/ul>\n","protected":false},"excerpt":{"rendered":"<p>Por Bolavip Brasil Tamb\u00e9m chamado de benef\u00edcio por incapacidade tempor\u00e1ria, o aux\u00edlio-doen\u00e7a \u00e9 pago para pessoas que estejam incapazes de trabalhar por mais de 15 dias de maneira provis\u00f3ria e n\u00e3o permanente. Ou seja, sem prazo certo de recupera\u00e7\u00e3o. Agora, o governo publicou, no \u00faltimo dia 20 de abril, uma medida provis\u00f3ria. Dessa forma, mudou [&hellip;]<\/p>\n","protected":false},"author":2,"featured_media":64269,"comment_status":"open","ping_status":"open","sticky":false,"template":"","format":"standard","meta":{"_acf_changed":false,"_monsterinsights_skip_tracking":false,"_monsterinsights_sitenote_active":false,"_monsterinsights_sitenote_note":"","_monsterinsights_sitenote_category":0,"_jetpack_memberships_contains_paid_content":false,"footnotes":"","jetpack_publicize_message":"","jetpack_publicize_feature_enabled":true,"jetpack_social_post_already_shared":true,"jetpack_social_options":{"image_generator_settings":{"template":"highway","default_image_id":0,"font":"","enabled":false},"version":2}},"categories":[5],"tags":[],"class_list":["post-64635","post","type-post","status-publish","format-standard","has-post-thumbnail","hentry","category-cotidiano"],"acf":[],"jetpack_publicize_connections":[],"jetpack_featured_media_url":"https:\/\/i0.wp.com\/blogdoeloiltoncajuhy.com.br\/site\/wp-content\/uploads\/2022\/04\/INSS-gov.br-16042022.jpeg?fit=500%2C320&ssl=1","jetpack_sharing_enabled":true,"publishpress_future_workflow_manual_trigger":{"enabledWorkflows":[]},"_links":{"self":[{"href":"https:\/\/blogdoeloiltoncajuhy.com.br\/site\/wp-json\/wp\/v2\/posts\/64635","targetHints":{"allow":["GET"]}}],"collection":[{"href":"https:\/\/blogdoeloiltoncajuhy.com.br\/site\/wp-json\/wp\/v2\/posts"}],"about":[{"href":"https:\/\/blogdoeloiltoncajuhy.com.br\/site\/wp-json\/wp\/v2\/types\/post"}],"author":[{"embeddable":true,"href":"https:\/\/blogdoeloiltoncajuhy.com.br\/site\/wp-json\/wp\/v2\/users\/2"}],"replies":[{"embeddable":true,"href":"https:\/\/blogdoeloiltoncajuhy.com.br\/site\/wp-json\/wp\/v2\/comments?post=64635"}],"version-history":[{"count":1,"href":"https:\/\/blogdoeloiltoncajuhy.com.br\/site\/wp-json\/wp\/v2\/posts\/64635\/revisions"}],"predecessor-version":[{"id":64636,"href":"https:\/\/blogdoeloiltoncajuhy.com.br\/site\/wp-json\/wp\/v2\/posts\/64635\/revisions\/64636"}],"wp:featuredmedia":[{"embeddable":true,"href":"https:\/\/blogdoeloiltoncajuhy.com.br\/site\/wp-json\/wp\/v2\/media\/64269"}],"wp:attachment":[{"href":"https:\/\/blogdoeloiltoncajuhy.com.br\/site\/wp-json\/wp\/v2\/media?parent=64635"}],"wp:term":[{"taxonomy":"category","embeddable":true,"href":"https:\/\/blogdoeloiltoncajuhy.com.br\/site\/wp-json\/wp\/v2\/categories?post=64635"},{"taxonomy":"post_tag","embeddable":true,"href":"https:\/\/blogdoeloiltoncajuhy.com.br\/site\/wp-json\/wp\/v2\/tags?post=64635"}],"curies":[{"name":"wp","href":"https:\/\/api.w.org\/{rel}","templated":true}]}}