{"id":64632,"date":"2022-04-30T10:05:40","date_gmt":"2022-04-30T13:05:40","guid":{"rendered":"http:\/\/blogdoeloiltoncajuhy.com.br\/site\/?p=64632"},"modified":"2022-04-30T10:05:42","modified_gmt":"2022-04-30T13:05:42","slug":"jovem-de-21-anos-e-morto-a-tiros-no-bairro-sao-jorge-em-senhor-do-bonfim","status":"publish","type":"post","link":"https:\/\/blogdoeloiltoncajuhy.com.br\/site\/jovem-de-21-anos-e-morto-a-tiros-no-bairro-sao-jorge-em-senhor-do-bonfim\/","title":{"rendered":"Jovem de 21 anos \u00e9 morto a tiros no Bairro S\u00e3o Jorge em Senhor do Bonfim"},"content":{"rendered":"\n<p><strong>Blog do Eloilton Cajuhy<\/strong><\/p>\n\n\n\n<div class=\"wp-block-image\"><figure class=\"aligncenter size-large is-resized\"><a href=\"https:\/\/i0.wp.com\/blogdoeloiltoncajuhy.com.br\/site\/wp-content\/uploads\/2022\/04\/Bonfim_Crime-bairro-Sao-Jorge_29042022.jpg\"><img data-recalc-dims=\"1\" fetchpriority=\"high\" decoding=\"async\" src=\"https:\/\/i0.wp.com\/blogdoeloiltoncajuhy.com.br\/site\/wp-content\/uploads\/2022\/04\/Bonfim_Crime-bairro-Sao-Jorge_29042022.jpg?resize=639%2C639\" alt=\"\" class=\"wp-image-64633\" width=\"639\" height=\"639\" srcset=\"https:\/\/i0.wp.com\/blogdoeloiltoncajuhy.com.br\/site\/wp-content\/uploads\/2022\/04\/Bonfim_Crime-bairro-Sao-Jorge_29042022.jpg?resize=1024%2C1024&amp;ssl=1 1024w, https:\/\/i0.wp.com\/blogdoeloiltoncajuhy.com.br\/site\/wp-content\/uploads\/2022\/04\/Bonfim_Crime-bairro-Sao-Jorge_29042022.jpg?resize=300%2C300&amp;ssl=1 300w, https:\/\/i0.wp.com\/blogdoeloiltoncajuhy.com.br\/site\/wp-content\/uploads\/2022\/04\/Bonfim_Crime-bairro-Sao-Jorge_29042022.jpg?resize=150%2C150&amp;ssl=1 150w, https:\/\/i0.wp.com\/blogdoeloiltoncajuhy.com.br\/site\/wp-content\/uploads\/2022\/04\/Bonfim_Crime-bairro-Sao-Jorge_29042022.jpg?resize=768%2C768&amp;ssl=1 768w, https:\/\/i0.wp.com\/blogdoeloiltoncajuhy.com.br\/site\/wp-content\/uploads\/2022\/04\/Bonfim_Crime-bairro-Sao-Jorge_29042022.jpg?resize=1536%2C1536&amp;ssl=1 1536w, https:\/\/i0.wp.com\/blogdoeloiltoncajuhy.com.br\/site\/wp-content\/uploads\/2022\/04\/Bonfim_Crime-bairro-Sao-Jorge_29042022.jpg?w=1600&amp;ssl=1 1600w\" sizes=\"(max-width: 639px) 100vw, 639px\" \/><\/a><\/figure><\/div>\n\n\n\n<p>Um assassinato foi registrado por volta das 20h desta sexta-feira (29) na Rua Alan Kardec, Bairro S\u00e3o Jorge em Senhor do Bonfim. A informa\u00e7\u00e3o \u00e9 de <strong>Nonato Not\u00edcias<\/strong>.<\/p>\n\n\n\n<p>A v\u00edtima foi identificada como <strong>Ant\u00f4nio Vitor Ribeiro da Silva<\/strong>, 21 anos, que foi atingido na cabe\u00e7a com v\u00e1rios disparos de arma de fogo. Ant\u00f4nio Vitor foi socorrido para a UPA 24h, mas chegou \u00e0quela unidade de sa\u00fade j\u00e1 sem vida.<\/p>\n\n\n\n<p>A pol\u00edcia vai investigar as circunst\u00e2ncias do crime. At\u00e9 a produ\u00e7\u00e3o desta mat\u00e9ria, ningu\u00e9m havia sido preso.<\/p>\n","protected":false},"excerpt":{"rendered":"<p>Blog do Eloilton Cajuhy Um assassinato foi registrado por volta das 20h desta sexta-feira (29) na Rua Alan Kardec, Bairro S\u00e3o Jorge em Senhor do Bonfim. A informa\u00e7\u00e3o \u00e9 de Nonato Not\u00edcias. A v\u00edtima foi identificada como Ant\u00f4nio Vitor Ribeiro da Silva, 21 anos, que foi atingido na cabe\u00e7a com v\u00e1rios disparos de arma de [&hellip;]<\/p>\n","protected":false},"author":2,"featured_media":64633,"comment_status":"open","ping_status":"open","sticky":false,"template":"","format":"standard","meta":{"_acf_changed":false,"_monsterinsights_skip_tracking":false,"_monsterinsights_sitenote_active":false,"_monsterinsights_sitenote_note":"","_monsterinsights_sitenote_category":0,"_jetpack_memberships_contains_paid_content":false,"footnotes":"","jetpack_publicize_message":"","jetpack_publicize_feature_enabled":true,"jetpack_social_post_already_shared":true,"jetpack_social_options":{"image_generator_settings":{"template":"highway","default_image_id":0,"font":"","enabled":false},"version":2}},"categories":[15],"tags":[],"class_list":["post-64632","post","type-post","status-publish","format-standard","has-post-thumbnail","hentry","category-policia"],"acf":[],"jetpack_publicize_connections":[],"jetpack_featured_media_url":"https:\/\/i0.wp.com\/blogdoeloiltoncajuhy.com.br\/site\/wp-content\/uploads\/2022\/04\/Bonfim_Crime-bairro-Sao-Jorge_29042022.jpg?fit=1600%2C1600&ssl=1","jetpack_sharing_enabled":true,"publishpress_future_workflow_manual_trigger":{"enabledWorkflows":[]},"_links":{"self":[{"href":"https:\/\/blogdoeloiltoncajuhy.com.br\/site\/wp-json\/wp\/v2\/posts\/64632","targetHints":{"allow":["GET"]}}],"collection":[{"href":"https:\/\/blogdoeloiltoncajuhy.com.br\/site\/wp-json\/wp\/v2\/posts"}],"about":[{"href":"https:\/\/blogdoeloiltoncajuhy.com.br\/site\/wp-json\/wp\/v2\/types\/post"}],"author":[{"embeddable":true,"href":"https:\/\/blogdoeloiltoncajuhy.com.br\/site\/wp-json\/wp\/v2\/users\/2"}],"replies":[{"embeddable":true,"href":"https:\/\/blogdoeloiltoncajuhy.com.br\/site\/wp-json\/wp\/v2\/comments?post=64632"}],"version-history":[{"count":1,"href":"https:\/\/blogdoeloiltoncajuhy.com.br\/site\/wp-json\/wp\/v2\/posts\/64632\/revisions"}],"predecessor-version":[{"id":64634,"href":"https:\/\/blogdoeloiltoncajuhy.com.br\/site\/wp-json\/wp\/v2\/posts\/64632\/revisions\/64634"}],"wp:featuredmedia":[{"embeddable":true,"href":"https:\/\/blogdoeloiltoncajuhy.com.br\/site\/wp-json\/wp\/v2\/media\/64633"}],"wp:attachment":[{"href":"https:\/\/blogdoeloiltoncajuhy.com.br\/site\/wp-json\/wp\/v2\/media?parent=64632"}],"wp:term":[{"taxonomy":"category","embeddable":true,"href":"https:\/\/blogdoeloiltoncajuhy.com.br\/site\/wp-json\/wp\/v2\/categories?post=64632"},{"taxonomy":"post_tag","embeddable":true,"href":"https:\/\/blogdoeloiltoncajuhy.com.br\/site\/wp-json\/wp\/v2\/tags?post=64632"}],"curies":[{"name":"wp","href":"https:\/\/api.w.org\/{rel}","templated":true}]}}