{"id":64622,"date":"2022-04-30T09:32:30","date_gmt":"2022-04-30T12:32:30","guid":{"rendered":"http:\/\/blogdoeloiltoncajuhy.com.br\/site\/?p=64622"},"modified":"2022-04-30T09:36:07","modified_gmt":"2022-04-30T12:36:07","slug":"sao-joao-2022-prefeitura-de-bonfim-anuncia-programacao-milionaria","status":"publish","type":"post","link":"https:\/\/blogdoeloiltoncajuhy.com.br\/site\/sao-joao-2022-prefeitura-de-bonfim-anuncia-programacao-milionaria\/","title":{"rendered":"S\u00e3o Jo\u00e3o 2022: Prefeitura de Bonfim anuncia programa\u00e7\u00e3o milion\u00e1ria"},"content":{"rendered":"\n<p><strong>Blog do Eloilton Cajuhy<\/strong><\/p>\n\n\n\n<div class=\"wp-block-image\"><figure class=\"aligncenter size-full is-resized\"><a href=\"https:\/\/i0.wp.com\/blogdoeloiltoncajuhy.com.br\/site\/wp-content\/uploads\/2022\/04\/Sao-Joao-2022-Lancamento.png\"><img data-recalc-dims=\"1\" fetchpriority=\"high\" decoding=\"async\" src=\"https:\/\/i0.wp.com\/blogdoeloiltoncajuhy.com.br\/site\/wp-content\/uploads\/2022\/04\/Sao-Joao-2022-Lancamento.png?resize=569%2C613\" alt=\"\" class=\"wp-image-64623\" width=\"569\" height=\"613\" srcset=\"https:\/\/i0.wp.com\/blogdoeloiltoncajuhy.com.br\/site\/wp-content\/uploads\/2022\/04\/Sao-Joao-2022-Lancamento.png?w=758&amp;ssl=1 758w, https:\/\/i0.wp.com\/blogdoeloiltoncajuhy.com.br\/site\/wp-content\/uploads\/2022\/04\/Sao-Joao-2022-Lancamento.png?resize=278%2C300&amp;ssl=1 278w\" sizes=\"(max-width: 569px) 100vw, 569px\" \/><\/a><\/figure><\/div>\n\n\n\n<p>Depois de muita expectativa, a Prefeitura de Senhor do Bonfim divulgou na noite desta sexta-feira (29), a programa\u00e7\u00e3o do S\u00e3o Jo\u00e3o 2022. O evento foi realizado no Campo Clube, com a presen\u00e7a de alguns convidados e transmitido pelas redes sociais da prefeitura.<\/p>\n\n\n\n<p>A festa oficial vai acontecer de 22 a 26 de junho, com 5 dias de programa\u00e7\u00e3o no Espa\u00e7o Gonzag\u00e3o do Arraial da Tapera, no Parque da Cidade. Durante os festejos, de acordo com o governo municipal, ainda haver\u00e1 Alvorada, Forr\u00f3 nos Bairros, Forr\u00f3 na Feira e Apresenta\u00e7\u00f5es Culturais.<\/p>\n\n\n\n<p>A grade oficial traz artistas de peso, a exemplo de Wesley Safad\u00e3o, Simone e Simaria, Eduardo Costa, Israel &amp; Rodolfo, dentre outros. Apesar da contrata\u00e7\u00e3o de grandes artistas, v\u00e1rias pessoas j\u00e1 se manifestaram pelo excesso de atra\u00e7\u00f5es que n\u00e3o t\u00eam tradi\u00e7\u00e3o junina. Este ano, s\u00e3o quatro artistas contratados fora do estilo forr\u00f3.<\/p>\n\n\n\n<p class=\"has-vivid-red-color has-text-color has-medium-font-size\"><strong>Confira a grade divulgada noite passada pela prefeitura:<\/strong><\/p>\n\n\n\n<ul class=\"wp-block-list\"><li>Dia 22\/06 &#8211; Cicinho de Assis, Tayrone, Israel &amp; Rodolfo e Dorgival Dantas<\/li><\/ul>\n\n\n\n<ul class=\"wp-block-list\"><li>Dia 23\/06 &#8211; Atra\u00e7\u00e3o local, Wesley Safad\u00e3o, Zezinho da Ema e Pedro Guerra<\/li><\/ul>\n\n\n\n<ul class=\"wp-block-list\"><li>Dia 24\/06 &#8211; Atra\u00e7\u00e3o local, Fl\u00e1vio Jos\u00e9, Kevi Jonny e Kelvin Diniz<\/li><\/ul>\n\n\n\n<ul class=\"wp-block-list\"><li>Dia 25\/06 &#8211; Atra\u00e7\u00e3o local, Adelm\u00e1rio Coelho, Eduardo Costa e Nino Coutinho<\/li><\/ul>\n\n\n\n<ul class=\"wp-block-list\"><li>Dia 26\/06 &#8211; Atra\u00e7\u00e3o local, Tarc\u00edsio do Acordeon, Simone &amp; Simaria e Marcinho Sensa\u00e7\u00e3o<\/li><\/ul>\n\n\n\n<p><\/p>\n\n\n\n<p>Ainda de acordo com a prefeitura, no Espa\u00e7o Assis do Acordeon, na Pra\u00e7a Nova do Congresso, haver\u00e1 shows de artistas locais e de outros nomes conhecidos do forr\u00f3, como Assis\u00e3o e Carlos Pita.<\/p>\n","protected":false},"excerpt":{"rendered":"<p>Blog do Eloilton Cajuhy Depois de muita expectativa, a Prefeitura de Senhor do Bonfim divulgou na noite desta sexta-feira (29), a programa\u00e7\u00e3o do S\u00e3o Jo\u00e3o 2022. O evento foi realizado no Campo Clube, com a presen\u00e7a de alguns convidados e transmitido pelas redes sociais da prefeitura. A festa oficial vai acontecer de 22 a 26 [&hellip;]<\/p>\n","protected":false},"author":2,"featured_media":64624,"comment_status":"open","ping_status":"open","sticky":false,"template":"","format":"standard","meta":{"_acf_changed":false,"_monsterinsights_skip_tracking":false,"_monsterinsights_sitenote_active":false,"_monsterinsights_sitenote_note":"","_monsterinsights_sitenote_category":0,"_jetpack_memberships_contains_paid_content":false,"footnotes":"","jetpack_publicize_message":"","jetpack_publicize_feature_enabled":true,"jetpack_social_post_already_shared":true,"jetpack_social_options":{"image_generator_settings":{"template":"highway","default_image_id":0,"font":"","enabled":false},"version":2}},"categories":[4],"tags":[],"class_list":["post-64622","post","type-post","status-publish","format-standard","has-post-thumbnail","hentry","category-local"],"acf":[],"jetpack_publicize_connections":[],"jetpack_featured_media_url":"https:\/\/i0.wp.com\/blogdoeloiltoncajuhy.com.br\/site\/wp-content\/uploads\/2022\/04\/Sao-Joao-2022-capa.png?fit=855%2C491&ssl=1","jetpack_sharing_enabled":true,"publishpress_future_workflow_manual_trigger":{"enabledWorkflows":[]},"_links":{"self":[{"href":"https:\/\/blogdoeloiltoncajuhy.com.br\/site\/wp-json\/wp\/v2\/posts\/64622","targetHints":{"allow":["GET"]}}],"collection":[{"href":"https:\/\/blogdoeloiltoncajuhy.com.br\/site\/wp-json\/wp\/v2\/posts"}],"about":[{"href":"https:\/\/blogdoeloiltoncajuhy.com.br\/site\/wp-json\/wp\/v2\/types\/post"}],"author":[{"embeddable":true,"href":"https:\/\/blogdoeloiltoncajuhy.com.br\/site\/wp-json\/wp\/v2\/users\/2"}],"replies":[{"embeddable":true,"href":"https:\/\/blogdoeloiltoncajuhy.com.br\/site\/wp-json\/wp\/v2\/comments?post=64622"}],"version-history":[{"count":4,"href":"https:\/\/blogdoeloiltoncajuhy.com.br\/site\/wp-json\/wp\/v2\/posts\/64622\/revisions"}],"predecessor-version":[{"id":64628,"href":"https:\/\/blogdoeloiltoncajuhy.com.br\/site\/wp-json\/wp\/v2\/posts\/64622\/revisions\/64628"}],"wp:featuredmedia":[{"embeddable":true,"href":"https:\/\/blogdoeloiltoncajuhy.com.br\/site\/wp-json\/wp\/v2\/media\/64624"}],"wp:attachment":[{"href":"https:\/\/blogdoeloiltoncajuhy.com.br\/site\/wp-json\/wp\/v2\/media?parent=64622"}],"wp:term":[{"taxonomy":"category","embeddable":true,"href":"https:\/\/blogdoeloiltoncajuhy.com.br\/site\/wp-json\/wp\/v2\/categories?post=64622"},{"taxonomy":"post_tag","embeddable":true,"href":"https:\/\/blogdoeloiltoncajuhy.com.br\/site\/wp-json\/wp\/v2\/tags?post=64622"}],"curies":[{"name":"wp","href":"https:\/\/api.w.org\/{rel}","templated":true}]}}