{"id":64619,"date":"2022-04-30T22:04:42","date_gmt":"2022-05-01T01:04:42","guid":{"rendered":"http:\/\/blogdoeloiltoncajuhy.com.br\/site\/?p=64619"},"modified":"2022-04-30T22:04:44","modified_gmt":"2022-05-01T01:04:44","slug":"deus-e-o-nosso-ambiente-natural","status":"publish","type":"post","link":"https:\/\/blogdoeloiltoncajuhy.com.br\/site\/deus-e-o-nosso-ambiente-natural\/","title":{"rendered":"Deus \u00e9 o nosso ambiente natural"},"content":{"rendered":"\n<div class=\"wp-block-image\"><figure class=\"aligncenter size-full\"><a href=\"https:\/\/i0.wp.com\/blogdoeloiltoncajuhy.com.br\/site\/wp-content\/uploads\/2022\/04\/Reflexao_Deus-e-o-nosso-ambiente-natural.jpg\"><img data-recalc-dims=\"1\" fetchpriority=\"high\" decoding=\"async\" width=\"678\" height=\"452\" src=\"https:\/\/i0.wp.com\/blogdoeloiltoncajuhy.com.br\/site\/wp-content\/uploads\/2022\/04\/Reflexao_Deus-e-o-nosso-ambiente-natural.jpg?resize=678%2C452\" alt=\"\" class=\"wp-image-64620\" srcset=\"https:\/\/i0.wp.com\/blogdoeloiltoncajuhy.com.br\/site\/wp-content\/uploads\/2022\/04\/Reflexao_Deus-e-o-nosso-ambiente-natural.jpg?w=678&amp;ssl=1 678w, https:\/\/i0.wp.com\/blogdoeloiltoncajuhy.com.br\/site\/wp-content\/uploads\/2022\/04\/Reflexao_Deus-e-o-nosso-ambiente-natural.jpg?resize=300%2C200&amp;ssl=1 300w\" sizes=\"(max-width: 678px) 100vw, 678px\" \/><\/a><\/figure><\/div>\n\n\n\n<p>Quando Deus quis criar peixes, ele falou com o mar. Quando Deus quis criar \u00e1rvores, ele falou com a terra.<\/p>\n\n\n\n<p>Mas quando Deus quis criar o homem, ele se voltou para si mesmo. Ent\u00e3o Deus disse: &#8220;Fa\u00e7amos o homem \u00e0 nossa imagem e semelhan\u00e7a&#8221;.<\/p>\n\n\n\n<p>Portanto, se voc\u00ea tirar um peixe da \u00e1gua, ele morrer\u00e1; e quando voc\u00ea retira uma \u00e1rvore do ch\u00e3o, ela tamb\u00e9m morre. Da mesma forma, quando o homem se desconecta de Deus, ele morre.<\/p>\n\n\n\n<p>Deus \u00e9 o nosso ambiente natural. Fomos criados para viver na presen\u00e7a Dele e sob os prop\u00f3sitos Dele. Temos que estar conectados com Ele, porque s\u00f3 com Ele a vida existe.<\/p>\n\n\n\n<p>Vamos ficar conectados com Deus. Lembremos que \u00e1gua sem peixe ainda \u00e9 \u00e1gua, mas peixe sem \u00e1gua n\u00e3o \u00e9 nada. O solo sem a \u00e1rvore ainda \u00e9 solo, mas a \u00e1rvore sem solo n\u00e3o \u00e9 nada\u2026<\/p>\n\n\n\n<p>Deus sem o homem ainda \u00e9 Deus, mas o homem sem Deus n\u00e3o \u00e9 nada.<\/p>\n\n\n\n<p><em><strong>Autoria desconhecida<\/strong><\/em><\/p>\n","protected":false},"excerpt":{"rendered":"<p>Quando Deus quis criar peixes, ele falou com o mar. Quando Deus quis criar \u00e1rvores, ele falou com a terra. Mas quando Deus quis criar o homem, ele se voltou para si mesmo. Ent\u00e3o Deus disse: &#8220;Fa\u00e7amos o homem \u00e0 nossa imagem e semelhan\u00e7a&#8221;. Portanto, se voc\u00ea tirar um peixe da \u00e1gua, ele morrer\u00e1; e [&hellip;]<\/p>\n","protected":false},"author":2,"featured_media":64620,"comment_status":"open","ping_status":"open","sticky":false,"template":"","format":"standard","meta":{"_acf_changed":false,"_monsterinsights_skip_tracking":false,"_monsterinsights_sitenote_active":false,"_monsterinsights_sitenote_note":"","_monsterinsights_sitenote_category":0,"_jetpack_memberships_contains_paid_content":false,"footnotes":"","jetpack_publicize_message":"","jetpack_publicize_feature_enabled":true,"jetpack_social_post_already_shared":true,"jetpack_social_options":{"image_generator_settings":{"template":"highway","default_image_id":0,"font":"","enabled":false},"version":2}},"categories":[9],"tags":[],"class_list":["post-64619","post","type-post","status-publish","format-standard","has-post-thumbnail","hentry","category-reflexao"],"acf":[],"jetpack_publicize_connections":[],"jetpack_featured_media_url":"https:\/\/i0.wp.com\/blogdoeloiltoncajuhy.com.br\/site\/wp-content\/uploads\/2022\/04\/Reflexao_Deus-e-o-nosso-ambiente-natural.jpg?fit=678%2C452&ssl=1","jetpack_sharing_enabled":true,"publishpress_future_workflow_manual_trigger":{"enabledWorkflows":[]},"_links":{"self":[{"href":"https:\/\/blogdoeloiltoncajuhy.com.br\/site\/wp-json\/wp\/v2\/posts\/64619","targetHints":{"allow":["GET"]}}],"collection":[{"href":"https:\/\/blogdoeloiltoncajuhy.com.br\/site\/wp-json\/wp\/v2\/posts"}],"about":[{"href":"https:\/\/blogdoeloiltoncajuhy.com.br\/site\/wp-json\/wp\/v2\/types\/post"}],"author":[{"embeddable":true,"href":"https:\/\/blogdoeloiltoncajuhy.com.br\/site\/wp-json\/wp\/v2\/users\/2"}],"replies":[{"embeddable":true,"href":"https:\/\/blogdoeloiltoncajuhy.com.br\/site\/wp-json\/wp\/v2\/comments?post=64619"}],"version-history":[{"count":1,"href":"https:\/\/blogdoeloiltoncajuhy.com.br\/site\/wp-json\/wp\/v2\/posts\/64619\/revisions"}],"predecessor-version":[{"id":64621,"href":"https:\/\/blogdoeloiltoncajuhy.com.br\/site\/wp-json\/wp\/v2\/posts\/64619\/revisions\/64621"}],"wp:featuredmedia":[{"embeddable":true,"href":"https:\/\/blogdoeloiltoncajuhy.com.br\/site\/wp-json\/wp\/v2\/media\/64620"}],"wp:attachment":[{"href":"https:\/\/blogdoeloiltoncajuhy.com.br\/site\/wp-json\/wp\/v2\/media?parent=64619"}],"wp:term":[{"taxonomy":"category","embeddable":true,"href":"https:\/\/blogdoeloiltoncajuhy.com.br\/site\/wp-json\/wp\/v2\/categories?post=64619"},{"taxonomy":"post_tag","embeddable":true,"href":"https:\/\/blogdoeloiltoncajuhy.com.br\/site\/wp-json\/wp\/v2\/tags?post=64619"}],"curies":[{"name":"wp","href":"https:\/\/api.w.org\/{rel}","templated":true}]}}