{"id":64609,"date":"2022-04-29T09:43:09","date_gmt":"2022-04-29T12:43:09","guid":{"rendered":"http:\/\/blogdoeloiltoncajuhy.com.br\/site\/?p=64609"},"modified":"2022-04-29T09:46:18","modified_gmt":"2022-04-29T12:46:18","slug":"enem-2022-edital-e-publicado-veja-datas-de-inscricao-e-de-aplicacao-das-provas","status":"publish","type":"post","link":"https:\/\/blogdoeloiltoncajuhy.com.br\/site\/enem-2022-edital-e-publicado-veja-datas-de-inscricao-e-de-aplicacao-das-provas\/","title":{"rendered":"Enem 2022: edital \u00e9 publicado; veja datas de inscri\u00e7\u00e3o e de aplica\u00e7\u00e3o das provas"},"content":{"rendered":"\n<p class=\"has-text-align-center\"><em>Vers\u00f5es impressa e digital ser\u00e3o aplicadas em 13 e 20 de novembro. Taxa de inscri\u00e7\u00e3o \u00e9 de R$ 85 para quem n\u00e3o conseguiu isen\u00e7\u00e3o.<\/em><\/p>\n\n\n\n<p><strong>Por g1 <\/strong>\u2014 S\u00e3o Paulo<\/p>\n\n\n\n<div class=\"wp-block-image\"><figure class=\"aligncenter size-full is-resized\"><a href=\"https:\/\/i0.wp.com\/blogdoeloiltoncajuhy.com.br\/site\/wp-content\/uploads\/2022\/04\/Estudantes-se-reunem-para-debater-Enem__Erico-Andrade-g1.webp\"><img data-recalc-dims=\"1\" fetchpriority=\"high\" decoding=\"async\" src=\"https:\/\/i0.wp.com\/blogdoeloiltoncajuhy.com.br\/site\/wp-content\/uploads\/2022\/04\/Estudantes-se-reunem-para-debater-Enem__Erico-Andrade-g1.webp?resize=738%2C464\" alt=\"\" class=\"wp-image-64610\" width=\"738\" height=\"464\" srcset=\"https:\/\/i0.wp.com\/blogdoeloiltoncajuhy.com.br\/site\/wp-content\/uploads\/2022\/04\/Estudantes-se-reunem-para-debater-Enem__Erico-Andrade-g1.webp?w=984&amp;ssl=1 984w, https:\/\/i0.wp.com\/blogdoeloiltoncajuhy.com.br\/site\/wp-content\/uploads\/2022\/04\/Estudantes-se-reunem-para-debater-Enem__Erico-Andrade-g1.webp?resize=300%2C188&amp;ssl=1 300w, https:\/\/i0.wp.com\/blogdoeloiltoncajuhy.com.br\/site\/wp-content\/uploads\/2022\/04\/Estudantes-se-reunem-para-debater-Enem__Erico-Andrade-g1.webp?resize=768%2C482&amp;ssl=1 768w\" sizes=\"(max-width: 738px) 100vw, 738px\" \/><\/a><figcaption><sub>Estudantes se re\u00fanem para debater quest\u00f5es ap\u00f3s prova do Enem 2021 em Ribeir\u00e3o Preto (SP) \u2014 Foto: \u00c9rico Andrade\/g1<\/sub><\/figcaption><\/figure><\/div>\n\n\n\n<p>O Exame Nacional do Ensino M\u00e9dio (Enem) 2022, nas vers\u00f5es impressa e digital, ser\u00e1 aplicado em 13 e 20 de novembro. A informa\u00e7\u00e3o foi publicada nesta sexta-feira (29) no Di\u00e1rio Oficial da Uni\u00e3o.<\/p>\n\n\n\n<p>As inscri\u00e7\u00f5es devem ser feitas na&nbsp;<a rel=\"noreferrer noopener\" href=\"http:\/\/enem.inep.gov.br\/participante\" target=\"_blank\">p\u00e1gina do participante<\/a>&nbsp;entre 10 e 21 de maio, mediante o pagamento de uma taxa de R$ 85 (a ser efetuado at\u00e9 27 de maio).<\/p>\n\n\n\n<p>Aten\u00e7\u00e3o: os estudantes que obtiveram o direito \u00e0 isen\u00e7\u00e3o desse valor (como os alunos da rede p\u00fablica) tamb\u00e9m devem se inscrever. Caso contr\u00e1rio, n\u00e3o poder\u00e3o prestar o Enem.<\/p>\n\n\n\n<p class=\"has-black-color has-text-color has-medium-font-size\"><strong>Novidade na aplica\u00e7\u00e3o<\/strong><\/p>\n\n\n\n<p>Pela primeira vez, o Inep aceitar\u00e1 documentos digitais de identifica\u00e7\u00e3o nos locais de prova, como:<\/p>\n\n\n\n<ul class=\"wp-block-list\"><li>e-T\u00edtulo,<\/li><\/ul>\n\n\n\n<ul class=\"wp-block-list\"><li>Carteira Nacional de Habilita\u00e7\u00e3o (CNH) Digital e<\/li><\/ul>\n\n\n\n<ul class=\"wp-block-list\"><li>RG Digital.<\/li><\/ul>\n\n\n\n<p><\/p>\n\n\n\n<p class=\"has-black-color has-text-color has-medium-font-size\"><strong>Ingl\u00eas ou espanhol? Prova impressa ou digital?<\/strong><\/p>\n\n\n\n<p>O candidato deve escolher, no ato da inscri\u00e7\u00e3o,&nbsp;se deseja que as cinco quest\u00f5es de l\u00edngua estrangeira sejam em ingl\u00eas ou em espanhol.<\/p>\n\n\n\n<p>Tamb\u00e9m precisa sinalizar se quer fazer o&nbsp;<a href=\"https:\/\/g1.globo.com\/tudo-sobre\/enem\/\">Enem<\/a>&nbsp;impresso (tradicional) ou o digital.<\/p>\n\n\n\n<p>\u00c9 importante lembrar que a vers\u00e3o informatizada:<\/p>\n\n\n\n<ul class=\"wp-block-list\"><li>tamb\u00e9m \u00e9 aplicada nos locais de prova \u2014&nbsp;n\u00e3o existe a op\u00e7\u00e3o de prestar o exame em casa;<\/li><li>traz 180 quest\u00f5es a serem respondidas digitalmente, mas&nbsp;com reda\u00e7\u00e3o manuscrita.<\/li><\/ul>\n\n\n\n<p><\/p>\n\n\n\n<p class=\"has-black-color has-text-color has-medium-font-size\"><strong>Confira o cronograma<\/strong><\/p>\n\n\n\n<ul class=\"wp-block-list\"><li><strong>Inscri\u00e7\u00f5es<\/strong>: 10 a 21 de maio<\/li><li><strong>Pagamento da inscri\u00e7\u00e3o:<\/strong>&nbsp;10 a 27 de maio<\/li><li><strong>Pedido de atendimento especializado:&nbsp;<\/strong>10 a 21 de maio<\/li><li><strong>Pedido de tratamento pelo nome social:&nbsp;<\/strong>23 a 28 de junho<\/li><li><strong>Provas:&nbsp;<\/strong>13 e 20 de novembro<\/li><\/ul>\n\n\n\n<p><\/p>\n\n\n\n<p class=\"has-black-color has-text-color has-medium-font-size\"><strong>Disciplinas e hor\u00e1rios<\/strong><\/p>\n\n\n\n<p>Como nos \u00faltimos anos, o&nbsp;<a href=\"https:\/\/g1.globo.com\/tudo-sobre\/enem\/\">Enem<\/a>&nbsp;ser\u00e1 aplicado em dois domingos.<\/p>\n\n\n\n<p><strong>13 de novembro<\/strong><\/p>\n\n\n\n<p>O candidato dever\u00e1 fazer:<\/p>\n\n\n\n<ul class=\"wp-block-list\"><li>45 quest\u00f5es de linguagens (40 de l\u00edngua portuguesa e 5 de ingl\u00eas ou espanhol);<\/li><li>45 quest\u00f5es de ci\u00eancias humanas<\/li><li>e reda\u00e7\u00e3o.<\/li><\/ul>\n\n\n\n<p><\/p>\n\n\n\n<p><strong>20 de novembro<\/strong><\/p>\n\n\n\n<p>A prova trar\u00e1:<\/p>\n\n\n\n<ul class=\"wp-block-list\"><li>45 quest\u00f5es de matem\u00e1tica e<\/li><li>45 quest\u00f5es de ci\u00eancias da natureza.<\/li><\/ul>\n\n\n\n<p><\/p>\n\n\n\n<p><strong>Veja os hor\u00e1rios de aplica\u00e7\u00e3o (no fuso de Bras\u00edlia):<\/strong><\/p>\n\n\n\n<ul class=\"wp-block-list\"><li><strong>Abertura dos port\u00f5es:&nbsp;<\/strong>12h<\/li><li><strong>Fechamento dos port\u00f5es:<\/strong>&nbsp;13h<\/li><li><strong>In\u00edcio das provas:&nbsp;<\/strong>13h30<\/li><li><strong>T\u00e9rmino das provas no 1\u00ba dia:&nbsp;<\/strong>19h<\/li><li><strong>T\u00e9rmino das provas no 2\u00ba dia:&nbsp;<\/strong>18h30<\/li><\/ul>\n","protected":false},"excerpt":{"rendered":"<p>Vers\u00f5es impressa e digital ser\u00e3o aplicadas em 13 e 20 de novembro. Taxa de inscri\u00e7\u00e3o \u00e9 de R$ 85 para quem n\u00e3o conseguiu isen\u00e7\u00e3o. Por g1 \u2014 S\u00e3o Paulo O Exame Nacional do Ensino M\u00e9dio (Enem) 2022, nas vers\u00f5es impressa e digital, ser\u00e1 aplicado em 13 e 20 de novembro. A informa\u00e7\u00e3o foi publicada nesta [&hellip;]<\/p>\n","protected":false},"author":2,"featured_media":64610,"comment_status":"open","ping_status":"open","sticky":false,"template":"","format":"standard","meta":{"_acf_changed":false,"_monsterinsights_skip_tracking":false,"_monsterinsights_sitenote_active":false,"_monsterinsights_sitenote_note":"","_monsterinsights_sitenote_category":0,"_jetpack_memberships_contains_paid_content":false,"footnotes":"","jetpack_publicize_message":"","jetpack_publicize_feature_enabled":true,"jetpack_social_post_already_shared":true,"jetpack_social_options":{"image_generator_settings":{"template":"highway","default_image_id":0,"font":"","enabled":false},"version":2}},"categories":[14],"tags":[],"class_list":["post-64609","post","type-post","status-publish","format-standard","has-post-thumbnail","hentry","category-educacao"],"acf":[],"jetpack_publicize_connections":[],"jetpack_featured_media_url":"https:\/\/i0.wp.com\/blogdoeloiltoncajuhy.com.br\/site\/wp-content\/uploads\/2022\/04\/Estudantes-se-reunem-para-debater-Enem__Erico-Andrade-g1.webp?fit=984%2C618&ssl=1","jetpack_sharing_enabled":true,"publishpress_future_workflow_manual_trigger":{"enabledWorkflows":[]},"_links":{"self":[{"href":"https:\/\/blogdoeloiltoncajuhy.com.br\/site\/wp-json\/wp\/v2\/posts\/64609","targetHints":{"allow":["GET"]}}],"collection":[{"href":"https:\/\/blogdoeloiltoncajuhy.com.br\/site\/wp-json\/wp\/v2\/posts"}],"about":[{"href":"https:\/\/blogdoeloiltoncajuhy.com.br\/site\/wp-json\/wp\/v2\/types\/post"}],"author":[{"embeddable":true,"href":"https:\/\/blogdoeloiltoncajuhy.com.br\/site\/wp-json\/wp\/v2\/users\/2"}],"replies":[{"embeddable":true,"href":"https:\/\/blogdoeloiltoncajuhy.com.br\/site\/wp-json\/wp\/v2\/comments?post=64609"}],"version-history":[{"count":2,"href":"https:\/\/blogdoeloiltoncajuhy.com.br\/site\/wp-json\/wp\/v2\/posts\/64609\/revisions"}],"predecessor-version":[{"id":64612,"href":"https:\/\/blogdoeloiltoncajuhy.com.br\/site\/wp-json\/wp\/v2\/posts\/64609\/revisions\/64612"}],"wp:featuredmedia":[{"embeddable":true,"href":"https:\/\/blogdoeloiltoncajuhy.com.br\/site\/wp-json\/wp\/v2\/media\/64610"}],"wp:attachment":[{"href":"https:\/\/blogdoeloiltoncajuhy.com.br\/site\/wp-json\/wp\/v2\/media?parent=64609"}],"wp:term":[{"taxonomy":"category","embeddable":true,"href":"https:\/\/blogdoeloiltoncajuhy.com.br\/site\/wp-json\/wp\/v2\/categories?post=64609"},{"taxonomy":"post_tag","embeddable":true,"href":"https:\/\/blogdoeloiltoncajuhy.com.br\/site\/wp-json\/wp\/v2\/tags?post=64609"}],"curies":[{"name":"wp","href":"https:\/\/api.w.org\/{rel}","templated":true}]}}