{"id":64602,"date":"2022-04-29T09:02:29","date_gmt":"2022-04-29T12:02:29","guid":{"rendered":"http:\/\/blogdoeloiltoncajuhy.com.br\/site\/?p=64602"},"modified":"2022-04-29T09:02:30","modified_gmt":"2022-04-29T12:02:30","slug":"recursos-destinados-a-saude-e-educacao-na-bahia-crescem-268-em-2021","status":"publish","type":"post","link":"https:\/\/blogdoeloiltoncajuhy.com.br\/site\/recursos-destinados-a-saude-e-educacao-na-bahia-crescem-268-em-2021\/","title":{"rendered":"Recursos destinados \u00e0 sa\u00fade e educa\u00e7\u00e3o na Bahia crescem 26,8% em 2021"},"content":{"rendered":"\n<p><strong>Secom\/BA<\/strong><\/p>\n\n\n\n<div class=\"wp-block-image\"><figure class=\"aligncenter size-large\"><a href=\"https:\/\/i0.wp.com\/blogdoeloiltoncajuhy.com.br\/site\/wp-content\/uploads\/2022\/04\/Foto-Fernando-Vivas_GOVBA_-1-1068x712-1.jpeg\"><img data-recalc-dims=\"1\" fetchpriority=\"high\" decoding=\"async\" width=\"800\" height=\"534\" src=\"https:\/\/i0.wp.com\/blogdoeloiltoncajuhy.com.br\/site\/wp-content\/uploads\/2022\/04\/Foto-Fernando-Vivas_GOVBA_-1-1068x712-1.jpeg?resize=800%2C534\" alt=\"\" class=\"wp-image-64603\" srcset=\"https:\/\/i0.wp.com\/blogdoeloiltoncajuhy.com.br\/site\/wp-content\/uploads\/2022\/04\/Foto-Fernando-Vivas_GOVBA_-1-1068x712-1.jpeg?resize=1024%2C683&amp;ssl=1 1024w, https:\/\/i0.wp.com\/blogdoeloiltoncajuhy.com.br\/site\/wp-content\/uploads\/2022\/04\/Foto-Fernando-Vivas_GOVBA_-1-1068x712-1.jpeg?resize=300%2C200&amp;ssl=1 300w, https:\/\/i0.wp.com\/blogdoeloiltoncajuhy.com.br\/site\/wp-content\/uploads\/2022\/04\/Foto-Fernando-Vivas_GOVBA_-1-1068x712-1.jpeg?resize=768%2C512&amp;ssl=1 768w, https:\/\/i0.wp.com\/blogdoeloiltoncajuhy.com.br\/site\/wp-content\/uploads\/2022\/04\/Foto-Fernando-Vivas_GOVBA_-1-1068x712-1.jpeg?w=1068&amp;ssl=1 1068w\" sizes=\"(max-width: 800px) 100vw, 800px\" \/><\/a><figcaption><sub>Foto: Fernando Vivas\/GOVBA<\/sub><\/figcaption><\/figure><\/div>\n\n\n\n<p>Al\u00e9m de encerrar 2021 mais uma vez entre os Estados l\u00edderes em investimentos no pa\u00eds, a Bahia alcan\u00e7ou outra marca relevante no ano passado ao ampliar em 26,85% as despesas pr\u00f3prias destinadas \u00e0 sa\u00fade e \u00e0 educa\u00e7\u00e3o. O crescimento \u00e9 expressivo considerando tamb\u00e9m os gastos voltados para o enfrentamento dos efeitos da pandemia da Covid-19, que passaram de R$ 1,14 bilh\u00e3o no primeiro ano da crise sanit\u00e1ria para R$ 1,64 bilh\u00e3o em 2021.<\/p>\n\n\n\n<p>O total destinado \u00e0s \u00e1reas sociais foi de R$ 15,51 bilh\u00f5es no ano passado, ante R$ 12,23 bilh\u00f5es em 2020. Na \u00e1rea de sa\u00fade, as despesas pr\u00f3prias foram ampliadas de R$ 4,14 bilh\u00f5es no ano anterior para R$ 5,35 bilh\u00f5es em 2021, um avan\u00e7o de 29,13%. J\u00e1 o valor destinado a educa\u00e7\u00e3o foi ampliado de R$ 8,08 bilh\u00f5es para R$ 10,15 bilh\u00f5es, uma varia\u00e7\u00e3o de 25,68%.<\/p>\n\n\n\n<p>\u201cMesmo neste per\u00edodo de crise econ\u00f4mica e de impacto da pandemia que afetou as contas p\u00fablicas, nossa prioridade sempre foi e continua sendo a m\u00e1xima aten\u00e7\u00e3o \u00e0s \u00e1reas sociais, que t\u00eam sido contempladas com um s\u00f3lido programa de investimentos p\u00fablicos que buscam o bem estar dos baianos\u201d, afirma o governador Rui Costa.<\/p>\n\n\n\n<p>Estes recursos abrangem todas as despesas em cada \u00e1rea, incluindo investimentos, pessoal e custeio da m\u00e1quina p\u00fablica. O incremento levou a Bahia a cumprir com folga os limites previstos pela Constitui\u00e7\u00e3o Federal, para os gastos com educa\u00e7\u00e3o, e pela Lei Complementar n\u00ba 141\/2012, que disp\u00f5e sobre os valores m\u00ednimos a serem aplicados anualmente na \u00e1rea de sa\u00fade.<\/p>\n\n\n\n<p>Para o m\u00ednimo previsto em lei de 12% para a sa\u00fade, o governo baiano chegou a 13,72% em 2021, indo al\u00e9m dos 13,39% do ano anterior. Em educa\u00e7\u00e3o, o governo alcan\u00e7ou 26,01%, percentual semelhante ao de 2020 , tamb\u00e9m ultrapassando o patamar m\u00ednimo de 25%.<\/p>\n\n\n\n<p class=\"has-black-color has-text-color has-medium-font-size\"><strong>Investimentos<\/strong><\/p>\n\n\n\n<p>O secret\u00e1rio da Fazenda do Estado, Manoel Vit\u00f3rio, ressalta os investimentos p\u00fablicos realizados nos \u00faltimos anos, com entregas importantes. \u201cPreservar a capacidade de investimento do setor p\u00fablico e o pleno funcionamento dos servi\u00e7os prestados \u00e0 popula\u00e7\u00e3o, sem descuidar do equil\u00edbrio das contas, s\u00e3o as principais diretrizes estabelecidas pelo governador desde o in\u00edcio da gest\u00e3o, e temos feito isso gra\u00e7as \u00e0 gest\u00e3o centrada no controle de gastos e na moderniza\u00e7\u00e3o do fisco\u201d, afirma.<\/p>\n\n\n\n<p>Na \u00e1rea de sa\u00fade, desde 2015 o Estado construiu nove hospitais, 21 policl\u00ednicas regionais, al\u00e9m de 19 Centros de Aten\u00e7\u00e3o Psicossocial (Caps) e Unidades B\u00e1sicas de Sa\u00fade, criando uma infraestrutura que se mostrou fundamental para a estrat\u00e9gia de enfrentamento aos efeitos da pandemia do novo coronav\u00edrus a partir de mar\u00e7o de 2020. Os novos equipamentos incluem o HGE 2, o Hospital da Mulher e o Instituto Couto Maia, em Salvador, o Hospital Regional Costa do Cacau, em Ilh\u00e9us, o Hospital da Chapada, em Seabra, a Maternidade do Hospital da Crian\u00e7a, em Feira de Santana, e o Hospital Metropolitano.<\/p>\n\n\n\n<p>As policl\u00ednicas j\u00e1 entregues s\u00e3o as de Alagoinhas, Barreiras\/Ibotirama, Brumado, Eun\u00e1polis, Feira de Santana, Guanambi, Irec\u00ea, Itaberaba\/Seabra, Itabuna\/Ilh\u00e9us, Jacobina, Jequi\u00e9, Juazeiro, Paulo Afonso, Ribeira do Pombal, Santo Ant\u00f4nio de Jesus\/Cruz da Almas, <strong>Senhor do Bonfim<\/strong>, Serrinha, Sim\u00f5es Filho, Teixeira de Freitas, Valen\u00e7a e Vit\u00f3ria da Conquista. At\u00e9 o final de 2022, o total de policl\u00ednicas entregues chegar\u00e1 a 26.<\/p>\n\n\n\n<p>Em educa\u00e7\u00e3o, os investimentos realizados nos \u00faltimos anos compreendem a requalifica\u00e7\u00e3o da rede f\u00edsica escolar, que envolve a instala\u00e7\u00e3o de novos equipamentos, como laborat\u00f3rios, bibliotecas, quadras de esportes cobertas e campos society, al\u00e9m da implanta\u00e7\u00e3o dos Complexos Poliesportivos Educacionais, visando fortalecer a aprendizagem no contexto da Educa\u00e7\u00e3o em Tempo Integral. Quatro novos Complexos Poliesportivos Educacionais j\u00e1 foram entregues, em Irec\u00ea, Concei\u00e7\u00e3o do Coit\u00e9, S\u00e3o Gon\u00e7alo dos Campos e Jequi\u00e9, e outros 19 est\u00e3o em constru\u00e7\u00e3o, de um total de 27. Foram entregues 17 novas escolas. Outras 89 est\u00e3o em constru\u00e7\u00e3o, e 41 em licita\u00e7\u00e3o. Al\u00e9m disso, 22 escolas foram reinauguradas com amplia\u00e7\u00e3o e moderniza\u00e7\u00e3o. Mais 233 unidades escolares passam por amplia\u00e7\u00e3o com moderniza\u00e7\u00e3o.<\/p>\n\n\n\n<p class=\"has-black-color has-text-color has-medium-font-size\"><strong>Outras \u00e1reas<\/strong><\/p>\n\n\n\n<div class=\"wp-block-image\"><figure class=\"aligncenter size-large\"><a href=\"https:\/\/i0.wp.com\/blogdoeloiltoncajuhy.com.br\/site\/wp-content\/uploads\/2022\/04\/Foto_Manu-Dias_GOVBA-2.jpeg\"><img data-recalc-dims=\"1\" decoding=\"async\" width=\"800\" height=\"533\" src=\"https:\/\/i0.wp.com\/blogdoeloiltoncajuhy.com.br\/site\/wp-content\/uploads\/2022\/04\/Foto_Manu-Dias_GOVBA-2.jpeg?resize=800%2C533\" alt=\"\" class=\"wp-image-64604\" srcset=\"https:\/\/i0.wp.com\/blogdoeloiltoncajuhy.com.br\/site\/wp-content\/uploads\/2022\/04\/Foto_Manu-Dias_GOVBA-2.jpeg?resize=1024%2C682&amp;ssl=1 1024w, https:\/\/i0.wp.com\/blogdoeloiltoncajuhy.com.br\/site\/wp-content\/uploads\/2022\/04\/Foto_Manu-Dias_GOVBA-2.jpeg?resize=300%2C200&amp;ssl=1 300w, https:\/\/i0.wp.com\/blogdoeloiltoncajuhy.com.br\/site\/wp-content\/uploads\/2022\/04\/Foto_Manu-Dias_GOVBA-2.jpeg?resize=768%2C512&amp;ssl=1 768w, https:\/\/i0.wp.com\/blogdoeloiltoncajuhy.com.br\/site\/wp-content\/uploads\/2022\/04\/Foto_Manu-Dias_GOVBA-2.jpeg?w=1280&amp;ssl=1 1280w\" sizes=\"(max-width: 800px) 100vw, 800px\" \/><\/a><figcaption><sub>Foto: Manu Dias\/GOVBA<\/sub><\/figcaption><\/figure><\/div>\n\n\n\n<p>Destacam-se ainda, entre os investimentos realizados pelo Estado nos \u00faltimos anos, a expans\u00e3o do Metr\u00f4, que j\u00e1 \u00e9 o segundo em extens\u00e3o no Brasil, com 42 quil\u00f4metros de trilhos, a Via Barrad\u00e3o e a Linha Azul, na capital, a Via Metropolitana, as pontes Ilh\u00e9us-Pontal e Barra-Xique-Xique, al\u00e9m da constru\u00e7\u00e3o e da recupera\u00e7\u00e3o de cerca de oito mil quil\u00f4metros de estradas. Foram constru\u00eddas tamb\u00e9m 65 delegacias, inaugurados 32 Distritos Integrados de Seguran\u00e7a (Disep) e implantados 22 Centros Integrados de Comunica\u00e7\u00e3o.<\/p>\n\n\n\n<p>No total, de 2015 a 2021, os investimentos do governo baiano em \u00e1reas como infraestrutura, mobilidade, estradas, sa\u00fade, educa\u00e7\u00e3o, seguran\u00e7a e agricultura, entre outras, somaram R$ 18 bilh\u00f5es, a despeito das dificuldades de acesso a opera\u00e7\u00f5es de cr\u00e9dito e do contexto econ\u00f4mico desfavor\u00e1vel. Em 2022, explica o secret\u00e1rio Manoel Vit\u00f3rio, o ritmo de investimentos seguiu acelerado, e os valores chegaram a R$ 681,79 milh\u00f5es no primeiro bimestre, o que representa um crescimento de 216,5% em rela\u00e7\u00e3o ao mesmo per\u00edodo do ano passado.<\/p>\n","protected":false},"excerpt":{"rendered":"<p>Secom\/BA Al\u00e9m de encerrar 2021 mais uma vez entre os Estados l\u00edderes em investimentos no pa\u00eds, a Bahia alcan\u00e7ou outra marca relevante no ano passado ao ampliar em 26,85% as despesas pr\u00f3prias destinadas \u00e0 sa\u00fade e \u00e0 educa\u00e7\u00e3o. O crescimento \u00e9 expressivo considerando tamb\u00e9m os gastos voltados para o enfrentamento dos efeitos da pandemia da [&hellip;]<\/p>\n","protected":false},"author":2,"featured_media":64603,"comment_status":"open","ping_status":"open","sticky":false,"template":"","format":"standard","meta":{"_acf_changed":false,"_monsterinsights_skip_tracking":false,"_monsterinsights_sitenote_active":false,"_monsterinsights_sitenote_note":"","_monsterinsights_sitenote_category":0,"_jetpack_memberships_contains_paid_content":false,"footnotes":"","jetpack_publicize_message":"","jetpack_publicize_feature_enabled":true,"jetpack_social_post_already_shared":true,"jetpack_social_options":{"image_generator_settings":{"template":"highway","default_image_id":0,"font":"","enabled":false},"version":2}},"categories":[5],"tags":[],"class_list":["post-64602","post","type-post","status-publish","format-standard","has-post-thumbnail","hentry","category-cotidiano"],"acf":[],"jetpack_publicize_connections":[],"jetpack_featured_media_url":"https:\/\/i0.wp.com\/blogdoeloiltoncajuhy.com.br\/site\/wp-content\/uploads\/2022\/04\/Foto-Fernando-Vivas_GOVBA_-1-1068x712-1.jpeg?fit=1068%2C712&ssl=1","jetpack_sharing_enabled":true,"publishpress_future_workflow_manual_trigger":{"enabledWorkflows":[]},"_links":{"self":[{"href":"https:\/\/blogdoeloiltoncajuhy.com.br\/site\/wp-json\/wp\/v2\/posts\/64602","targetHints":{"allow":["GET"]}}],"collection":[{"href":"https:\/\/blogdoeloiltoncajuhy.com.br\/site\/wp-json\/wp\/v2\/posts"}],"about":[{"href":"https:\/\/blogdoeloiltoncajuhy.com.br\/site\/wp-json\/wp\/v2\/types\/post"}],"author":[{"embeddable":true,"href":"https:\/\/blogdoeloiltoncajuhy.com.br\/site\/wp-json\/wp\/v2\/users\/2"}],"replies":[{"embeddable":true,"href":"https:\/\/blogdoeloiltoncajuhy.com.br\/site\/wp-json\/wp\/v2\/comments?post=64602"}],"version-history":[{"count":1,"href":"https:\/\/blogdoeloiltoncajuhy.com.br\/site\/wp-json\/wp\/v2\/posts\/64602\/revisions"}],"predecessor-version":[{"id":64605,"href":"https:\/\/blogdoeloiltoncajuhy.com.br\/site\/wp-json\/wp\/v2\/posts\/64602\/revisions\/64605"}],"wp:featuredmedia":[{"embeddable":true,"href":"https:\/\/blogdoeloiltoncajuhy.com.br\/site\/wp-json\/wp\/v2\/media\/64603"}],"wp:attachment":[{"href":"https:\/\/blogdoeloiltoncajuhy.com.br\/site\/wp-json\/wp\/v2\/media?parent=64602"}],"wp:term":[{"taxonomy":"category","embeddable":true,"href":"https:\/\/blogdoeloiltoncajuhy.com.br\/site\/wp-json\/wp\/v2\/categories?post=64602"},{"taxonomy":"post_tag","embeddable":true,"href":"https:\/\/blogdoeloiltoncajuhy.com.br\/site\/wp-json\/wp\/v2\/tags?post=64602"}],"curies":[{"name":"wp","href":"https:\/\/api.w.org\/{rel}","templated":true}]}}