{"id":64598,"date":"2022-04-29T08:23:57","date_gmt":"2022-04-29T11:23:57","guid":{"rendered":"http:\/\/blogdoeloiltoncajuhy.com.br\/site\/?p=64598"},"modified":"2022-04-29T08:23:58","modified_gmt":"2022-04-29T11:23:58","slug":"filha-faz-homenagem-pelos-6-anos-do-falecimento-do-ex-prefeito-paulo-machado","status":"publish","type":"post","link":"https:\/\/blogdoeloiltoncajuhy.com.br\/site\/filha-faz-homenagem-pelos-6-anos-do-falecimento-do-ex-prefeito-paulo-machado\/","title":{"rendered":"Filha faz homenagem pelos 6 anos do falecimento do ex-prefeito Paulo Machado"},"content":{"rendered":"\n<p><strong>Blog do Eloilton Cajuhy<\/strong><\/p>\n\n\n\n<div class=\"wp-block-image\"><figure class=\"aligncenter size-full is-resized\"><a href=\"https:\/\/i0.wp.com\/blogdoeloiltoncajuhy.com.br\/site\/wp-content\/uploads\/2022\/04\/Camila-Professor-01.png\"><img data-recalc-dims=\"1\" fetchpriority=\"high\" decoding=\"async\" src=\"https:\/\/i0.wp.com\/blogdoeloiltoncajuhy.com.br\/site\/wp-content\/uploads\/2022\/04\/Camila-Professor-01.png?resize=585%2C412\" alt=\"\" class=\"wp-image-64599\" width=\"585\" height=\"412\" srcset=\"https:\/\/i0.wp.com\/blogdoeloiltoncajuhy.com.br\/site\/wp-content\/uploads\/2022\/04\/Camila-Professor-01.png?w=476&amp;ssl=1 476w, https:\/\/i0.wp.com\/blogdoeloiltoncajuhy.com.br\/site\/wp-content\/uploads\/2022\/04\/Camila-Professor-01.png?resize=300%2C211&amp;ssl=1 300w\" sizes=\"(max-width: 585px) 100vw, 585px\" \/><\/a><figcaption><sub>Reprodu\u00e7\u00e3o \/ Instagram<\/sub><\/figcaption><\/figure><\/div>\n\n\n\n<p>Nesta sexta-feira (29), completa-se 6 anos do falecimento do ex-prefeito de Senhor do Bonfim, Professor Paulo Machado. Sua morte, ocorrida em 29 de abril de 2016, deixou a popula\u00e7\u00e3o regional consternada, pois, al\u00e9m de ser prefeito, antes Paulo Machado atuou como sacerdote da Diocese de Bonfim, construindo s\u00f3lidas amizades e muito carisma em toda regi\u00e3o.<\/p>\n\n\n\n<p>Ainda com sentimento de pesar, a advogada Dr\u00aa Camila Machado, sua filha, utilizou as redes sociais para homenagear o pai.<\/p>\n\n\n\n<p class=\"has-black-color has-text-color has-medium-font-size\"><strong>Confira:<\/strong><\/p>\n\n\n\n<p><em>&#8220;H\u00e1 6 longos e duros anos revivo esse dia com todos os detalhes, com todas as ang\u00fastias e com toda a dor que se possa imaginar\u2026<\/em><\/p>\n\n\n\n<p><em>Foi nesse dia que meu cora\u00e7\u00e3o foi arrancado do peito e eu n\u00e3o tive outra alternativa que n\u00e3o ser forte. Quem me conhece de verdade sabe o peso que o 29 de abril traz pra minha vida. Que eu sofro mais que o normal, que eu choro inexplicavelmente, que tudo fica mais cinza\u2026<\/em><\/p>\n\n\n\n<p><em>Senhor Deus me perdoa por n\u00e3o entender os teus des\u00edgnios\u2026 Por as vezes me revoltar contra a tua vontade, mas essa maneira de me fazer crescer foi muito dura. Me foi tirado o ch\u00e3o\u2026<\/em><\/p>\n\n\n\n<p><em>Pai\u2026 Te amo tanto! Eu sinto tanto a sua falta. Quem dera eu pudesse te abra\u00e7ar por um segundo&#8230; nem que fosse pela \u00faltima vez\u2026<\/em><\/p>\n\n\n\n<p><em>De voc\u00ea faz tempo que n\u00e3o ou\u00e7o nada.. Fala um pouco, sua voz t\u00e1 t\u00e3o calada\u2026 Fala alto a\u00ed de cima que eu preciso ouvir!!! Como \u00e9 que t\u00e1 a\u00ed??&#8221;<\/em><\/p>\n\n\n\n<div class=\"wp-block-image\"><figure class=\"aligncenter size-full\"><a href=\"https:\/\/i0.wp.com\/blogdoeloiltoncajuhy.com.br\/site\/wp-content\/uploads\/2022\/04\/Professor-Paulo-Machado.png\"><img data-recalc-dims=\"1\" decoding=\"async\" width=\"474\" height=\"469\" src=\"https:\/\/i0.wp.com\/blogdoeloiltoncajuhy.com.br\/site\/wp-content\/uploads\/2022\/04\/Professor-Paulo-Machado.png?resize=474%2C469\" alt=\"\" class=\"wp-image-64600\" srcset=\"https:\/\/i0.wp.com\/blogdoeloiltoncajuhy.com.br\/site\/wp-content\/uploads\/2022\/04\/Professor-Paulo-Machado.png?w=474&amp;ssl=1 474w, https:\/\/i0.wp.com\/blogdoeloiltoncajuhy.com.br\/site\/wp-content\/uploads\/2022\/04\/Professor-Paulo-Machado.png?resize=300%2C297&amp;ssl=1 300w\" sizes=\"(max-width: 474px) 100vw, 474px\" \/><\/a><figcaption><sub>Reprodu\u00e7\u00e3o \/ Instagram<\/sub><\/figcaption><\/figure><\/div>\n","protected":false},"excerpt":{"rendered":"<p>Blog do Eloilton Cajuhy Nesta sexta-feira (29), completa-se 6 anos do falecimento do ex-prefeito de Senhor do Bonfim, Professor Paulo Machado. Sua morte, ocorrida em 29 de abril de 2016, deixou a popula\u00e7\u00e3o regional consternada, pois, al\u00e9m de ser prefeito, antes Paulo Machado atuou como sacerdote da Diocese de Bonfim, construindo s\u00f3lidas amizades e muito [&hellip;]<\/p>\n","protected":false},"author":2,"featured_media":64599,"comment_status":"open","ping_status":"open","sticky":false,"template":"","format":"standard","meta":{"_acf_changed":false,"_monsterinsights_skip_tracking":false,"_monsterinsights_sitenote_active":false,"_monsterinsights_sitenote_note":"","_monsterinsights_sitenote_category":0,"_jetpack_memberships_contains_paid_content":false,"footnotes":"","jetpack_publicize_message":"","jetpack_publicize_feature_enabled":true,"jetpack_social_post_already_shared":true,"jetpack_social_options":{"image_generator_settings":{"template":"highway","default_image_id":0,"font":"","enabled":false},"version":2}},"categories":[4],"tags":[],"class_list":["post-64598","post","type-post","status-publish","format-standard","has-post-thumbnail","hentry","category-local"],"acf":[],"jetpack_publicize_connections":[],"jetpack_featured_media_url":"https:\/\/i0.wp.com\/blogdoeloiltoncajuhy.com.br\/site\/wp-content\/uploads\/2022\/04\/Camila-Professor-01.png?fit=476%2C335&ssl=1","jetpack_sharing_enabled":true,"publishpress_future_workflow_manual_trigger":{"enabledWorkflows":[]},"_links":{"self":[{"href":"https:\/\/blogdoeloiltoncajuhy.com.br\/site\/wp-json\/wp\/v2\/posts\/64598","targetHints":{"allow":["GET"]}}],"collection":[{"href":"https:\/\/blogdoeloiltoncajuhy.com.br\/site\/wp-json\/wp\/v2\/posts"}],"about":[{"href":"https:\/\/blogdoeloiltoncajuhy.com.br\/site\/wp-json\/wp\/v2\/types\/post"}],"author":[{"embeddable":true,"href":"https:\/\/blogdoeloiltoncajuhy.com.br\/site\/wp-json\/wp\/v2\/users\/2"}],"replies":[{"embeddable":true,"href":"https:\/\/blogdoeloiltoncajuhy.com.br\/site\/wp-json\/wp\/v2\/comments?post=64598"}],"version-history":[{"count":1,"href":"https:\/\/blogdoeloiltoncajuhy.com.br\/site\/wp-json\/wp\/v2\/posts\/64598\/revisions"}],"predecessor-version":[{"id":64601,"href":"https:\/\/blogdoeloiltoncajuhy.com.br\/site\/wp-json\/wp\/v2\/posts\/64598\/revisions\/64601"}],"wp:featuredmedia":[{"embeddable":true,"href":"https:\/\/blogdoeloiltoncajuhy.com.br\/site\/wp-json\/wp\/v2\/media\/64599"}],"wp:attachment":[{"href":"https:\/\/blogdoeloiltoncajuhy.com.br\/site\/wp-json\/wp\/v2\/media?parent=64598"}],"wp:term":[{"taxonomy":"category","embeddable":true,"href":"https:\/\/blogdoeloiltoncajuhy.com.br\/site\/wp-json\/wp\/v2\/categories?post=64598"},{"taxonomy":"post_tag","embeddable":true,"href":"https:\/\/blogdoeloiltoncajuhy.com.br\/site\/wp-json\/wp\/v2\/tags?post=64598"}],"curies":[{"name":"wp","href":"https:\/\/api.w.org\/{rel}","templated":true}]}}