{"id":64579,"date":"2022-04-28T20:19:44","date_gmt":"2022-04-28T23:19:44","guid":{"rendered":"http:\/\/blogdoeloiltoncajuhy.com.br\/site\/?p=64579"},"modified":"2022-04-28T20:20:56","modified_gmt":"2022-04-28T23:20:56","slug":"andorinha-vereador-reivindica-sinal-de-telefonia-movel-para-sitio-do-acude","status":"publish","type":"post","link":"https:\/\/blogdoeloiltoncajuhy.com.br\/site\/andorinha-vereador-reivindica-sinal-de-telefonia-movel-para-sitio-do-acude\/","title":{"rendered":"Andorinha: Vereador reivindica sinal de telefonia m\u00f3vel para S\u00edtio do A\u00e7ude"},"content":{"rendered":"\n<p><strong>Blog do Eloilton Cajuhy<\/strong><\/p>\n\n\n\n<div class=\"wp-block-image\"><figure class=\"aligncenter size-full is-resized\"><a href=\"https:\/\/i0.wp.com\/blogdoeloiltoncajuhy.com.br\/site\/wp-content\/uploads\/2022\/04\/Jairo-Duarte-SSA_27042022-01.jpg\"><img data-recalc-dims=\"1\" fetchpriority=\"high\" decoding=\"async\" src=\"https:\/\/i0.wp.com\/blogdoeloiltoncajuhy.com.br\/site\/wp-content\/uploads\/2022\/04\/Jairo-Duarte-SSA_27042022-01.jpg?resize=549%2C576\" alt=\"\" class=\"wp-image-64580\" width=\"549\" height=\"576\" srcset=\"https:\/\/i0.wp.com\/blogdoeloiltoncajuhy.com.br\/site\/wp-content\/uploads\/2022\/04\/Jairo-Duarte-SSA_27042022-01.jpg?w=742&amp;ssl=1 742w, https:\/\/i0.wp.com\/blogdoeloiltoncajuhy.com.br\/site\/wp-content\/uploads\/2022\/04\/Jairo-Duarte-SSA_27042022-01.jpg?resize=286%2C300&amp;ssl=1 286w\" sizes=\"(max-width: 549px) 100vw, 549px\" \/><\/a><\/figure><\/div>\n\n\n\n<p>Acompanhado do Prefeito Renato Brand\u00e3o e do vereador Nen\u00ea do D\u00e1rio, o vereador Jairo Duarte, de Andorinha, esteve nesta quarta-feira (27) em Salvador em busca de investimentos do Governo do Estado para o munic\u00edpio.<\/p>\n\n\n\n<p>Em reuni\u00e3o com o deputado Euclides Fernandes Jairo reivindicou do parlamentar apoio para a instala\u00e7\u00e3o de sinal de telefonia m\u00f3vel para o distrito de S\u00edtio do A\u00e7ude, localizado entre os munic\u00edpios de Andorinha e Jaguarari, e que carece deste servi\u00e7o.<\/p>\n\n\n\n<p>Visando atender a agricultura familiar de Andorinha, Jairo Duarte foi at\u00e9 a Secretaria de Desenvolvimento Rural e se reuniu com o coordenador de projetos especiais Gilmar Santos, em busca de programas que possam beneficiar os agricultores familiares do munic\u00edpio.<\/p>\n\n\n\n<p>Ainda na capital, o vereador participou de uma audi\u00eancia com o presidente da Embasa, Rog\u00e9rio Cedraz, e o diretor de projetos Cl\u00e1udio Fontes, na companhia do Deputado Euclides Fernandes, onde tratou do abastecimento de \u00e1gua da localidade do S\u00edtio do A\u00e7ude e das comunidades localizadas no trajeto da adutora.<\/p>\n\n\n\n<p>&#8220;Sigo trabalhando pelo povo e n\u00e3o vou medir esfor\u00e7os para melhorar a vida dos andorinhenses&#8221;, disse Jairo Duarte.<\/p>\n","protected":false},"excerpt":{"rendered":"<p>Blog do Eloilton Cajuhy Acompanhado do Prefeito Renato Brand\u00e3o e do vereador Nen\u00ea do D\u00e1rio, o vereador Jairo Duarte, de Andorinha, esteve nesta quarta-feira (27) em Salvador em busca de investimentos do Governo do Estado para o munic\u00edpio. Em reuni\u00e3o com o deputado Euclides Fernandes Jairo reivindicou do parlamentar apoio para a instala\u00e7\u00e3o de sinal [&hellip;]<\/p>\n","protected":false},"author":2,"featured_media":64581,"comment_status":"open","ping_status":"open","sticky":false,"template":"","format":"standard","meta":{"_acf_changed":false,"_monsterinsights_skip_tracking":false,"_monsterinsights_sitenote_active":false,"_monsterinsights_sitenote_note":"","_monsterinsights_sitenote_category":0,"_jetpack_memberships_contains_paid_content":false,"footnotes":"","jetpack_publicize_message":"","jetpack_publicize_feature_enabled":true,"jetpack_social_post_already_shared":true,"jetpack_social_options":{"image_generator_settings":{"template":"highway","default_image_id":0,"font":"","enabled":false},"version":2}},"categories":[11],"tags":[],"class_list":["post-64579","post","type-post","status-publish","format-standard","has-post-thumbnail","hentry","category-regional"],"acf":[],"jetpack_publicize_connections":[],"jetpack_featured_media_url":"https:\/\/i0.wp.com\/blogdoeloiltoncajuhy.com.br\/site\/wp-content\/uploads\/2022\/04\/Jairo-Duarte-SSA_27042022-02.jpg?fit=1600%2C1200&ssl=1","jetpack_sharing_enabled":true,"publishpress_future_workflow_manual_trigger":{"enabledWorkflows":[]},"_links":{"self":[{"href":"https:\/\/blogdoeloiltoncajuhy.com.br\/site\/wp-json\/wp\/v2\/posts\/64579","targetHints":{"allow":["GET"]}}],"collection":[{"href":"https:\/\/blogdoeloiltoncajuhy.com.br\/site\/wp-json\/wp\/v2\/posts"}],"about":[{"href":"https:\/\/blogdoeloiltoncajuhy.com.br\/site\/wp-json\/wp\/v2\/types\/post"}],"author":[{"embeddable":true,"href":"https:\/\/blogdoeloiltoncajuhy.com.br\/site\/wp-json\/wp\/v2\/users\/2"}],"replies":[{"embeddable":true,"href":"https:\/\/blogdoeloiltoncajuhy.com.br\/site\/wp-json\/wp\/v2\/comments?post=64579"}],"version-history":[{"count":2,"href":"https:\/\/blogdoeloiltoncajuhy.com.br\/site\/wp-json\/wp\/v2\/posts\/64579\/revisions"}],"predecessor-version":[{"id":64583,"href":"https:\/\/blogdoeloiltoncajuhy.com.br\/site\/wp-json\/wp\/v2\/posts\/64579\/revisions\/64583"}],"wp:featuredmedia":[{"embeddable":true,"href":"https:\/\/blogdoeloiltoncajuhy.com.br\/site\/wp-json\/wp\/v2\/media\/64581"}],"wp:attachment":[{"href":"https:\/\/blogdoeloiltoncajuhy.com.br\/site\/wp-json\/wp\/v2\/media?parent=64579"}],"wp:term":[{"taxonomy":"category","embeddable":true,"href":"https:\/\/blogdoeloiltoncajuhy.com.br\/site\/wp-json\/wp\/v2\/categories?post=64579"},{"taxonomy":"post_tag","embeddable":true,"href":"https:\/\/blogdoeloiltoncajuhy.com.br\/site\/wp-json\/wp\/v2\/tags?post=64579"}],"curies":[{"name":"wp","href":"https:\/\/api.w.org\/{rel}","templated":true}]}}