{"id":64566,"date":"2022-04-28T12:29:26","date_gmt":"2022-04-28T15:29:26","guid":{"rendered":"http:\/\/blogdoeloiltoncajuhy.com.br\/site\/?p=64566"},"modified":"2022-04-28T12:29:28","modified_gmt":"2022-04-28T15:29:28","slug":"ato-de-vandalismo-afeta-abastecimento-de-agua-na-zona-rural-de-senhor-do-bonfim","status":"publish","type":"post","link":"https:\/\/blogdoeloiltoncajuhy.com.br\/site\/ato-de-vandalismo-afeta-abastecimento-de-agua-na-zona-rural-de-senhor-do-bonfim\/","title":{"rendered":"Ato de vandalismo afeta abastecimento de \u00e1gua na zona rural de Senhor do Bonfim"},"content":{"rendered":"\n<p class=\"has-text-align-center\"><em>Equipe da Embasa realiza manuten\u00e7\u00e3o para retomar fornecimento<\/em><\/p>\n\n\n\n<p><strong>Por Assessoria de Comunica\u00e7\u00e3o da Embasa<\/strong><\/p>\n\n\n\n<div class=\"wp-block-image\"><figure class=\"aligncenter size-large is-resized\"><a href=\"https:\/\/i0.wp.com\/blogdoeloiltoncajuhy.com.br\/site\/wp-content\/uploads\/2022\/04\/Embasa_Ato-de-vandalismo-senhor-do-Bonfim_Abril.jpg\"><img data-recalc-dims=\"1\" fetchpriority=\"high\" decoding=\"async\" src=\"https:\/\/i0.wp.com\/blogdoeloiltoncajuhy.com.br\/site\/wp-content\/uploads\/2022\/04\/Embasa_Ato-de-vandalismo-senhor-do-Bonfim_Abril.jpg?resize=512%2C507\" alt=\"\" class=\"wp-image-64567\" width=\"512\" height=\"507\" srcset=\"https:\/\/i0.wp.com\/blogdoeloiltoncajuhy.com.br\/site\/wp-content\/uploads\/2022\/04\/Embasa_Ato-de-vandalismo-senhor-do-Bonfim_Abril.jpg?resize=1024%2C1013&amp;ssl=1 1024w, https:\/\/i0.wp.com\/blogdoeloiltoncajuhy.com.br\/site\/wp-content\/uploads\/2022\/04\/Embasa_Ato-de-vandalismo-senhor-do-Bonfim_Abril.jpg?resize=300%2C297&amp;ssl=1 300w, https:\/\/i0.wp.com\/blogdoeloiltoncajuhy.com.br\/site\/wp-content\/uploads\/2022\/04\/Embasa_Ato-de-vandalismo-senhor-do-Bonfim_Abril.jpg?resize=150%2C150&amp;ssl=1 150w, https:\/\/i0.wp.com\/blogdoeloiltoncajuhy.com.br\/site\/wp-content\/uploads\/2022\/04\/Embasa_Ato-de-vandalismo-senhor-do-Bonfim_Abril.jpg?resize=768%2C760&amp;ssl=1 768w, https:\/\/i0.wp.com\/blogdoeloiltoncajuhy.com.br\/site\/wp-content\/uploads\/2022\/04\/Embasa_Ato-de-vandalismo-senhor-do-Bonfim_Abril.jpg?w=1125&amp;ssl=1 1125w\" sizes=\"(max-width: 512px) 100vw, 512px\" \/><\/a><\/figure><\/div>\n\n\n\n<p>A Embasa informa que o fornecimento de \u00e1gua em parte da zona rural de Senhor do Bonfim foi afetado desde a madrugada de hoje (28), ap\u00f3s v\u00e2ndalos danificarem equipamentos da Esta\u00e7\u00e3o Elevat\u00f3ria de \u00c1gua de Pinicapau. A a\u00e7\u00e3o dos v\u00e2ndalos afetou o abastecimento nas localidades de Caldeir\u00e3o de Dentro, Ca\u00e7ucar, Garrote, Lagoa do Boi, Pedra do Umbu, Pinicapau e Rancharia.<\/p>\n\n\n\n<p>Equipes da Embasa local e da Divis\u00e3o Eletromec\u00e2nica j\u00e1 est\u00e3o realizando os servi\u00e7os de manuten\u00e7\u00e3o e substitui\u00e7\u00e3o dos itens e equipamentos danificados, trabalhando para concluir os servi\u00e7os at\u00e9 s\u00e1bado (30), permitindo em seguida a retomada gradativa do abastecimento de \u00e1gua nos locais afetados.<\/p>\n\n\n\n<p>A ger\u00eancia local da Embasa de Senhor do Bonfim vai registrar um boletim de ocorr\u00eancia na Delegacia de Pol\u00edcia do munic\u00edpio para apura\u00e7\u00e3o dos fatos e consequente responsabilidade civil e penal dos infratores em decorr\u00eancia dos danos causados.<\/p>\n","protected":false},"excerpt":{"rendered":"<p>Equipe da Embasa realiza manuten\u00e7\u00e3o para retomar fornecimento Por Assessoria de Comunica\u00e7\u00e3o da Embasa A Embasa informa que o fornecimento de \u00e1gua em parte da zona rural de Senhor do Bonfim foi afetado desde a madrugada de hoje (28), ap\u00f3s v\u00e2ndalos danificarem equipamentos da Esta\u00e7\u00e3o Elevat\u00f3ria de \u00c1gua de Pinicapau. A a\u00e7\u00e3o dos v\u00e2ndalos afetou [&hellip;]<\/p>\n","protected":false},"author":2,"featured_media":64567,"comment_status":"open","ping_status":"open","sticky":false,"template":"","format":"standard","meta":{"_acf_changed":false,"_monsterinsights_skip_tracking":false,"_monsterinsights_sitenote_active":false,"_monsterinsights_sitenote_note":"","_monsterinsights_sitenote_category":0,"_jetpack_memberships_contains_paid_content":false,"footnotes":"","jetpack_publicize_message":"","jetpack_publicize_feature_enabled":true,"jetpack_social_post_already_shared":true,"jetpack_social_options":{"image_generator_settings":{"template":"highway","default_image_id":0,"font":"","enabled":false},"version":2}},"categories":[4],"tags":[],"class_list":["post-64566","post","type-post","status-publish","format-standard","has-post-thumbnail","hentry","category-local"],"acf":[],"jetpack_publicize_connections":[],"jetpack_featured_media_url":"https:\/\/i0.wp.com\/blogdoeloiltoncajuhy.com.br\/site\/wp-content\/uploads\/2022\/04\/Embasa_Ato-de-vandalismo-senhor-do-Bonfim_Abril.jpg?fit=1125%2C1113&ssl=1","jetpack_sharing_enabled":true,"publishpress_future_workflow_manual_trigger":{"enabledWorkflows":[]},"_links":{"self":[{"href":"https:\/\/blogdoeloiltoncajuhy.com.br\/site\/wp-json\/wp\/v2\/posts\/64566","targetHints":{"allow":["GET"]}}],"collection":[{"href":"https:\/\/blogdoeloiltoncajuhy.com.br\/site\/wp-json\/wp\/v2\/posts"}],"about":[{"href":"https:\/\/blogdoeloiltoncajuhy.com.br\/site\/wp-json\/wp\/v2\/types\/post"}],"author":[{"embeddable":true,"href":"https:\/\/blogdoeloiltoncajuhy.com.br\/site\/wp-json\/wp\/v2\/users\/2"}],"replies":[{"embeddable":true,"href":"https:\/\/blogdoeloiltoncajuhy.com.br\/site\/wp-json\/wp\/v2\/comments?post=64566"}],"version-history":[{"count":1,"href":"https:\/\/blogdoeloiltoncajuhy.com.br\/site\/wp-json\/wp\/v2\/posts\/64566\/revisions"}],"predecessor-version":[{"id":64568,"href":"https:\/\/blogdoeloiltoncajuhy.com.br\/site\/wp-json\/wp\/v2\/posts\/64566\/revisions\/64568"}],"wp:featuredmedia":[{"embeddable":true,"href":"https:\/\/blogdoeloiltoncajuhy.com.br\/site\/wp-json\/wp\/v2\/media\/64567"}],"wp:attachment":[{"href":"https:\/\/blogdoeloiltoncajuhy.com.br\/site\/wp-json\/wp\/v2\/media?parent=64566"}],"wp:term":[{"taxonomy":"category","embeddable":true,"href":"https:\/\/blogdoeloiltoncajuhy.com.br\/site\/wp-json\/wp\/v2\/categories?post=64566"},{"taxonomy":"post_tag","embeddable":true,"href":"https:\/\/blogdoeloiltoncajuhy.com.br\/site\/wp-json\/wp\/v2\/tags?post=64566"}],"curies":[{"name":"wp","href":"https:\/\/api.w.org\/{rel}","templated":true}]}}