{"id":64563,"date":"2022-04-28T10:23:58","date_gmt":"2022-04-28T13:23:58","guid":{"rendered":"http:\/\/blogdoeloiltoncajuhy.com.br\/site\/?p=64563"},"modified":"2022-04-28T10:23:59","modified_gmt":"2022-04-28T13:23:59","slug":"sesi-pe-destaca-importancia-do-abril-verde-mes-de-conscientizacao-sobre-saude-e-seguranca-no-trabalho","status":"publish","type":"post","link":"https:\/\/blogdoeloiltoncajuhy.com.br\/site\/sesi-pe-destaca-importancia-do-abril-verde-mes-de-conscientizacao-sobre-saude-e-seguranca-no-trabalho\/","title":{"rendered":"SESI-PE destaca import\u00e2ncia do Abril Verde, m\u00eas de conscientiza\u00e7\u00e3o sobre sa\u00fade e seguran\u00e7a no trabalho"},"content":{"rendered":"\n<p><strong>Por Clas Comunica\u00e7\u00e3o e Marketing<\/strong><\/p>\n\n\n\n<div class=\"wp-block-image\"><figure class=\"aligncenter size-large\"><a href=\"https:\/\/i0.wp.com\/blogdoeloiltoncajuhy.com.br\/site\/wp-content\/uploads\/2022\/04\/SESI-PE_28042022.jpg\"><img data-recalc-dims=\"1\" fetchpriority=\"high\" decoding=\"async\" width=\"800\" height=\"450\" src=\"https:\/\/i0.wp.com\/blogdoeloiltoncajuhy.com.br\/site\/wp-content\/uploads\/2022\/04\/SESI-PE_28042022.jpg?resize=800%2C450\" alt=\"\" class=\"wp-image-64564\" srcset=\"https:\/\/i0.wp.com\/blogdoeloiltoncajuhy.com.br\/site\/wp-content\/uploads\/2022\/04\/SESI-PE_28042022.jpg?resize=1024%2C576&amp;ssl=1 1024w, https:\/\/i0.wp.com\/blogdoeloiltoncajuhy.com.br\/site\/wp-content\/uploads\/2022\/04\/SESI-PE_28042022.jpg?resize=300%2C169&amp;ssl=1 300w, https:\/\/i0.wp.com\/blogdoeloiltoncajuhy.com.br\/site\/wp-content\/uploads\/2022\/04\/SESI-PE_28042022.jpg?resize=768%2C432&amp;ssl=1 768w, https:\/\/i0.wp.com\/blogdoeloiltoncajuhy.com.br\/site\/wp-content\/uploads\/2022\/04\/SESI-PE_28042022.jpg?w=1280&amp;ssl=1 1280w\" sizes=\"(max-width: 800px) 100vw, 800px\" \/><\/a><\/figure><\/div>\n\n\n\n<p>Independentemente da categoria, todo ambiente de trabalho requer medidas capazes de minimizar riscos ocupacionais e garantir o bem-estar f\u00edsico, mental e emocional dos trabalhadores. Pensando nisso, o SESI-PE destaca a import\u00e2ncia da campanha Abril Verde, celebrado no dia 28 de abril e que tem como objetivo conscientizar empregados e empregadores sobre a preven\u00e7\u00e3o de acidentes de trabalho. A campanha foi criada em abril de 1969, quando houve uma explos\u00e3o de uma mina da cidade de Farmington, no estado da Virg\u00ednia, nos Estados Unidos. O acidente culminou na morte de 78 trabalhadores, caracterizando o epis\u00f3dio como um dos maiores acidentes trabalhistas da humanidade, sendo institu\u00eddo o Dia Mundial em Mem\u00f3ria \u00e0s V\u00edtimas de Acidentes de Trabalho.<\/p>\n\n\n\n<p>T\u00e9cnico de seguran\u00e7a do trabalho do SESI-PE, Iran Goes refor\u00e7a a import\u00e2ncia da data para que a quest\u00e3o seja debatida, mas pontua que todo dia \u00e9 dia de pensar sobre o tema. \u201cPara se ter uma ideia, em 2020, tivemos mais de 10 mil acidentes do trabalho somente no estado de Pernambuco. Esse dado \u00e9 alarmante e n\u00e3o podemos fechar os olhos para essa situa\u00e7\u00e3o\u201d, afirma. Iran complementa que a conscientiza\u00e7\u00e3o para que nenhum acidente ocorra durante a jornada de trabalho \u00e9 resultado da parceria entre empregado e empregador.<\/p>\n\n\n\n<p>\u201cOs trabalhadores precisam, por exemplo, utilizar os equipamentos de seguran\u00e7a e seguir os procedimentos que a norma exige. Aos empres\u00e1rios, \u00e9 preciso, sim, comprar os equipamentos, mas \u00e9 tamb\u00e9m responsabilidade deles treinar o trabalhador quanto \u00e0 utiliza\u00e7\u00e3o, exigir que o colaborador use e fiscalizar, para que nem o trabalhador seja acidentado e nem o empregado seja punido por n\u00e3o utilizar. \u00c9 preciso entender que o trabalhador \u00e9 fundamental. Se eu n\u00e3o cuido dele, eu corro o risco de perder a maior riqueza da minha empresa: as pessoas\u201d, explica.<\/p>\n\n\n\n<p>Al\u00e9m disso, Iran ressalta a import\u00e2ncia da emiss\u00e3o da Comunica\u00e7\u00e3o de Acidente de Trabalho (CAT) dentro do ambiente laboral, enfatizando que, para isso, o empregador precisa orientar o trabalhador a procurar o departamento respons\u00e1vel em caso de acidente. \u201cA CAT \u00e9 fundamental para a empresa, pois ao relatar um acidente, ele poder\u00e1 servir de alerta para que seja corrigido, haja an\u00e1lise da ocorr\u00eancia e, dessa forma, o empregador possa orientar os demais colaboradores para que esse acidente especificamente n\u00e3o venha a se repetir\u201d, pontua, salientando que a CAT deve ser informada \u00e0 Previd\u00eancia Social at\u00e9 o primeiro dia \u00fatil seguinte ao da ocorr\u00eancia, em caso de morte, a comunica\u00e7\u00e3o dever\u00e1 ser imediata. \u201cDepois desse prazo, a empresa estar\u00e1 sujeita \u00e0 aplica\u00e7\u00e3o de multa, conforme disposto nos artigos 286 e 336 do Decreto de N\u00ba 3.048\/1999\u201d, alerta.<\/p>\n\n\n\n<p class=\"has-black-color has-text-color\"><strong>Sistema FIEPE<\/strong> &#8211; Mantido pelo setor industrial, atua no desenvolvimento de solu\u00e7\u00f5es para trazer ainda mais competitividade ao segmento. Al\u00e9m do SESI \u2013 que proporciona servi\u00e7os de sa\u00fade e educa\u00e7\u00e3o b\u00e1sica para os industri\u00e1rios, familiares e comunidade geral \u2013 conta ainda com a FIEPE, o SENAI e o IEL. A Federa\u00e7\u00e3o realiza a defesa de interesse do setor produtivo e contribui com o processo de internacionaliza\u00e7\u00e3o das ind\u00fastrias. Com o SENAI-PE, al\u00e9m de forma\u00e7\u00e3o profissional, s\u00e3o oferecidos os servi\u00e7os de metrologia e ensaios, consultorias e inova\u00e7\u00e3o. O IEL-PE foca na carreira profissional dos trabalhadores, desde a sele\u00e7\u00e3o de estagi\u00e1rios e profissionais, at\u00e9 a capacita\u00e7\u00e3o deles realizada pela sua Escola de Neg\u00f3cios.<\/p>\n","protected":false},"excerpt":{"rendered":"<p>Por Clas Comunica\u00e7\u00e3o e Marketing Independentemente da categoria, todo ambiente de trabalho requer medidas capazes de minimizar riscos ocupacionais e garantir o bem-estar f\u00edsico, mental e emocional dos trabalhadores. Pensando nisso, o SESI-PE destaca a import\u00e2ncia da campanha Abril Verde, celebrado no dia 28 de abril e que tem como objetivo conscientizar empregados e empregadores [&hellip;]<\/p>\n","protected":false},"author":2,"featured_media":64564,"comment_status":"open","ping_status":"open","sticky":false,"template":"","format":"standard","meta":{"_acf_changed":false,"_monsterinsights_skip_tracking":false,"_monsterinsights_sitenote_active":false,"_monsterinsights_sitenote_note":"","_monsterinsights_sitenote_category":0,"_jetpack_memberships_contains_paid_content":false,"footnotes":"","jetpack_publicize_message":"","jetpack_publicize_feature_enabled":true,"jetpack_social_post_already_shared":true,"jetpack_social_options":{"image_generator_settings":{"template":"highway","default_image_id":0,"font":"","enabled":false},"version":2}},"categories":[5],"tags":[],"class_list":["post-64563","post","type-post","status-publish","format-standard","has-post-thumbnail","hentry","category-cotidiano"],"acf":[],"jetpack_publicize_connections":[],"jetpack_featured_media_url":"https:\/\/i0.wp.com\/blogdoeloiltoncajuhy.com.br\/site\/wp-content\/uploads\/2022\/04\/SESI-PE_28042022.jpg?fit=1280%2C720&ssl=1","jetpack_sharing_enabled":true,"publishpress_future_workflow_manual_trigger":{"enabledWorkflows":[]},"_links":{"self":[{"href":"https:\/\/blogdoeloiltoncajuhy.com.br\/site\/wp-json\/wp\/v2\/posts\/64563","targetHints":{"allow":["GET"]}}],"collection":[{"href":"https:\/\/blogdoeloiltoncajuhy.com.br\/site\/wp-json\/wp\/v2\/posts"}],"about":[{"href":"https:\/\/blogdoeloiltoncajuhy.com.br\/site\/wp-json\/wp\/v2\/types\/post"}],"author":[{"embeddable":true,"href":"https:\/\/blogdoeloiltoncajuhy.com.br\/site\/wp-json\/wp\/v2\/users\/2"}],"replies":[{"embeddable":true,"href":"https:\/\/blogdoeloiltoncajuhy.com.br\/site\/wp-json\/wp\/v2\/comments?post=64563"}],"version-history":[{"count":1,"href":"https:\/\/blogdoeloiltoncajuhy.com.br\/site\/wp-json\/wp\/v2\/posts\/64563\/revisions"}],"predecessor-version":[{"id":64565,"href":"https:\/\/blogdoeloiltoncajuhy.com.br\/site\/wp-json\/wp\/v2\/posts\/64563\/revisions\/64565"}],"wp:featuredmedia":[{"embeddable":true,"href":"https:\/\/blogdoeloiltoncajuhy.com.br\/site\/wp-json\/wp\/v2\/media\/64564"}],"wp:attachment":[{"href":"https:\/\/blogdoeloiltoncajuhy.com.br\/site\/wp-json\/wp\/v2\/media?parent=64563"}],"wp:term":[{"taxonomy":"category","embeddable":true,"href":"https:\/\/blogdoeloiltoncajuhy.com.br\/site\/wp-json\/wp\/v2\/categories?post=64563"},{"taxonomy":"post_tag","embeddable":true,"href":"https:\/\/blogdoeloiltoncajuhy.com.br\/site\/wp-json\/wp\/v2\/tags?post=64563"}],"curies":[{"name":"wp","href":"https:\/\/api.w.org\/{rel}","templated":true}]}}