{"id":64559,"date":"2022-04-28T10:10:42","date_gmt":"2022-04-28T13:10:42","guid":{"rendered":"http:\/\/blogdoeloiltoncajuhy.com.br\/site\/?p=64559"},"modified":"2022-04-28T10:10:43","modified_gmt":"2022-04-28T13:10:43","slug":"cesol-reune-produtores-de-licor-de-senhor-do-bonfim","status":"publish","type":"post","link":"https:\/\/blogdoeloiltoncajuhy.com.br\/site\/cesol-reune-produtores-de-licor-de-senhor-do-bonfim\/","title":{"rendered":"Cesol re\u00fane produtores de licor de Senhor do Bonfim"},"content":{"rendered":"\n<p><strong>Por Cesol<\/strong><\/p>\n\n\n\n<div class=\"wp-block-image\"><figure class=\"aligncenter size-large\"><a href=\"https:\/\/i0.wp.com\/blogdoeloiltoncajuhy.com.br\/site\/wp-content\/uploads\/2022\/04\/Cesol-licor_28042022-01.jpg\"><img data-recalc-dims=\"1\" fetchpriority=\"high\" decoding=\"async\" width=\"800\" height=\"520\" src=\"https:\/\/i0.wp.com\/blogdoeloiltoncajuhy.com.br\/site\/wp-content\/uploads\/2022\/04\/Cesol-licor_28042022-01.jpg?resize=800%2C520\" alt=\"\" class=\"wp-image-64560\" srcset=\"https:\/\/i0.wp.com\/blogdoeloiltoncajuhy.com.br\/site\/wp-content\/uploads\/2022\/04\/Cesol-licor_28042022-01.jpg?resize=1024%2C666&amp;ssl=1 1024w, https:\/\/i0.wp.com\/blogdoeloiltoncajuhy.com.br\/site\/wp-content\/uploads\/2022\/04\/Cesol-licor_28042022-01.jpg?resize=300%2C195&amp;ssl=1 300w, https:\/\/i0.wp.com\/blogdoeloiltoncajuhy.com.br\/site\/wp-content\/uploads\/2022\/04\/Cesol-licor_28042022-01.jpg?resize=768%2C500&amp;ssl=1 768w, https:\/\/i0.wp.com\/blogdoeloiltoncajuhy.com.br\/site\/wp-content\/uploads\/2022\/04\/Cesol-licor_28042022-01.jpg?w=1280&amp;ssl=1 1280w\" sizes=\"(max-width: 800px) 100vw, 800px\" \/><\/a><\/figure><\/div>\n\n\n\n<p>Famoso pelo S\u00e3o Jo\u00e3o e sua tradicional \u201cGuerra de Espadas\u201d, o munic\u00edpio, popularmente conhecido como a \u201cCapital Baiana do Forr\u00f3\u201d, se destaca tamb\u00e9m pela produ\u00e7\u00e3o diversificada de licores.<\/p>\n\n\n\n<p>Visando fortalecer a cadeia produtiva, o Centro P\u00fablico de Economia Solid\u00e1ria (Cesol) Piemonte da Diamantina e Munic\u00edpios, realizou na \u00faltima segunda-feira (25), uma reuni\u00e3o entre produtores locais de licores.<\/p>\n\n\n\n<p>O encontro aconteceu no Audit\u00f3rio da Associa\u00e7\u00e3o dos Aposentados de Senhor do Bonfim. A reuni\u00e3o provocada pelo Cesol discutiu solu\u00e7\u00f5es que possam melhorar a comercializa\u00e7\u00e3o e apresenta\u00e7\u00e3o da produ\u00e7\u00e3o no mercado convencional.<\/p>\n\n\n\n<p>De acordo com Camila Machado, coordenadora Institucional do Cesol, o encontro fortalece a cadeia produtiva e coloca \u00e0 disposi\u00e7\u00e3o dos produtores a reconhecida assist\u00eancia t\u00e9cnica do Cesol.<\/p>\n\n\n\n<p>\u201cAl\u00e9m de melhorar os r\u00f3tulos (identidade visual), outro objetivo \u00e9 criar um selo que remeta a qualidade do licor bonfinense no mercado consumidor\u201d, destacou Camila.<\/p>\n\n\n\n<p>Outra demanda discutida foi o acesso do produto a novos mercados externos. \u201cOs Centros P\u00fablicos de Economia Solid\u00e1ria t\u00eam 15 espa\u00e7os pr\u00f3prios de comercializa\u00e7\u00e3o de produtos em nosso estado. Nossas lojas abrir\u00e3o mais oportunidades para os \u2018licozeiros\u2019 comercializarem durante o ano todo\u201d, ressaltou Camila.<\/p>\n\n\n\n<div class=\"wp-block-image\"><figure class=\"aligncenter size-large\"><a href=\"https:\/\/i0.wp.com\/blogdoeloiltoncajuhy.com.br\/site\/wp-content\/uploads\/2022\/04\/Cesol-licor_28042022-02.jpg\"><img data-recalc-dims=\"1\" decoding=\"async\" width=\"800\" height=\"450\" src=\"https:\/\/i0.wp.com\/blogdoeloiltoncajuhy.com.br\/site\/wp-content\/uploads\/2022\/04\/Cesol-licor_28042022-02.jpg?resize=800%2C450\" alt=\"\" class=\"wp-image-64561\" srcset=\"https:\/\/i0.wp.com\/blogdoeloiltoncajuhy.com.br\/site\/wp-content\/uploads\/2022\/04\/Cesol-licor_28042022-02.jpg?resize=1024%2C576&amp;ssl=1 1024w, https:\/\/i0.wp.com\/blogdoeloiltoncajuhy.com.br\/site\/wp-content\/uploads\/2022\/04\/Cesol-licor_28042022-02.jpg?resize=300%2C169&amp;ssl=1 300w, https:\/\/i0.wp.com\/blogdoeloiltoncajuhy.com.br\/site\/wp-content\/uploads\/2022\/04\/Cesol-licor_28042022-02.jpg?resize=768%2C432&amp;ssl=1 768w, https:\/\/i0.wp.com\/blogdoeloiltoncajuhy.com.br\/site\/wp-content\/uploads\/2022\/04\/Cesol-licor_28042022-02.jpg?w=1280&amp;ssl=1 1280w\" sizes=\"(max-width: 800px) 100vw, 800px\" \/><\/a><\/figure><\/div>\n\n\n\n<p>A reuni\u00e3o contou com participa\u00e7\u00e3o de v\u00e1rios produtores da bebida. Para Janaina Cardoso, do licor da Dona L\u00e9a (produto que leva o nome de sua m\u00e3e e s\u00f3cia), o encontro foi de extrema import\u00e2ncia. \u201cQuero parabenizar o Cesol pela inciativa\u201d, enalteceu.<\/p>\n\n\n\n<p>Os licores artesanais s\u00e3o muito procurados e bem valorizados. A produ\u00e7\u00e3o geralmente acontece em pequena e m\u00e9dia escalas dentro da pr\u00f3pria resid\u00eancia dos produtores.<\/p>\n\n\n\n<p>A bebida pode ser feita a partir de v\u00e1rias frutas, como o jenipapo, maracuj\u00e1, caj\u00e1, passas, entre outras. O teor alco\u00f3lico vem da cacha\u00e7a ou do \u00e1lcool de cereais, ambos usados tradicionalmente no preparo.<\/p>\n\n\n\n<p>A coordenadora Administrativa do Cesol, Ana Paula Oliveira, tamb\u00e9m participou do encontro e ressaltou a import\u00e2ncia do Cesol.<\/p>\n\n\n\n<p>\u201cO licor \u00e9 um dos grandes marcos na tradi\u00e7\u00e3o dos festejos juninos. A nossa parceria chega para fortalecer os empreendedores do seguimento\u201d.<\/p>\n\n\n\n<p>Uma nova reuni\u00e3o ficou agendada para ser realizada durante o m\u00eas de maio. Mais informa\u00e7\u00f5es podem ser obtidas telefone \u2013 3541 &#8211; 3686 ou na sede do Cesol, na Pra\u00e7a Lu\u00eds Viana (Antigo Campo do Gado),118, no pr\u00e9dio da Associa\u00e7\u00e3o dos Aposentados.<\/p>\n","protected":false},"excerpt":{"rendered":"<p>Por Cesol Famoso pelo S\u00e3o Jo\u00e3o e sua tradicional \u201cGuerra de Espadas\u201d, o munic\u00edpio, popularmente conhecido como a \u201cCapital Baiana do Forr\u00f3\u201d, se destaca tamb\u00e9m pela produ\u00e7\u00e3o diversificada de licores. Visando fortalecer a cadeia produtiva, o Centro P\u00fablico de Economia Solid\u00e1ria (Cesol) Piemonte da Diamantina e Munic\u00edpios, realizou na \u00faltima segunda-feira (25), uma reuni\u00e3o entre [&hellip;]<\/p>\n","protected":false},"author":2,"featured_media":64561,"comment_status":"open","ping_status":"open","sticky":false,"template":"","format":"standard","meta":{"_acf_changed":false,"_monsterinsights_skip_tracking":false,"_monsterinsights_sitenote_active":false,"_monsterinsights_sitenote_note":"","_monsterinsights_sitenote_category":0,"_jetpack_memberships_contains_paid_content":false,"footnotes":"","jetpack_publicize_message":"","jetpack_publicize_feature_enabled":true,"jetpack_social_post_already_shared":true,"jetpack_social_options":{"image_generator_settings":{"template":"highway","default_image_id":0,"font":"","enabled":false},"version":2}},"categories":[4],"tags":[],"class_list":["post-64559","post","type-post","status-publish","format-standard","has-post-thumbnail","hentry","category-local"],"acf":[],"jetpack_publicize_connections":[],"jetpack_featured_media_url":"https:\/\/i0.wp.com\/blogdoeloiltoncajuhy.com.br\/site\/wp-content\/uploads\/2022\/04\/Cesol-licor_28042022-02.jpg?fit=1280%2C720&ssl=1","jetpack_sharing_enabled":true,"publishpress_future_workflow_manual_trigger":{"enabledWorkflows":[]},"_links":{"self":[{"href":"https:\/\/blogdoeloiltoncajuhy.com.br\/site\/wp-json\/wp\/v2\/posts\/64559","targetHints":{"allow":["GET"]}}],"collection":[{"href":"https:\/\/blogdoeloiltoncajuhy.com.br\/site\/wp-json\/wp\/v2\/posts"}],"about":[{"href":"https:\/\/blogdoeloiltoncajuhy.com.br\/site\/wp-json\/wp\/v2\/types\/post"}],"author":[{"embeddable":true,"href":"https:\/\/blogdoeloiltoncajuhy.com.br\/site\/wp-json\/wp\/v2\/users\/2"}],"replies":[{"embeddable":true,"href":"https:\/\/blogdoeloiltoncajuhy.com.br\/site\/wp-json\/wp\/v2\/comments?post=64559"}],"version-history":[{"count":1,"href":"https:\/\/blogdoeloiltoncajuhy.com.br\/site\/wp-json\/wp\/v2\/posts\/64559\/revisions"}],"predecessor-version":[{"id":64562,"href":"https:\/\/blogdoeloiltoncajuhy.com.br\/site\/wp-json\/wp\/v2\/posts\/64559\/revisions\/64562"}],"wp:featuredmedia":[{"embeddable":true,"href":"https:\/\/blogdoeloiltoncajuhy.com.br\/site\/wp-json\/wp\/v2\/media\/64561"}],"wp:attachment":[{"href":"https:\/\/blogdoeloiltoncajuhy.com.br\/site\/wp-json\/wp\/v2\/media?parent=64559"}],"wp:term":[{"taxonomy":"category","embeddable":true,"href":"https:\/\/blogdoeloiltoncajuhy.com.br\/site\/wp-json\/wp\/v2\/categories?post=64559"},{"taxonomy":"post_tag","embeddable":true,"href":"https:\/\/blogdoeloiltoncajuhy.com.br\/site\/wp-json\/wp\/v2\/tags?post=64559"}],"curies":[{"name":"wp","href":"https:\/\/api.w.org\/{rel}","templated":true}]}}