{"id":64555,"date":"2022-04-28T09:16:16","date_gmt":"2022-04-28T12:16:16","guid":{"rendered":"http:\/\/blogdoeloiltoncajuhy.com.br\/site\/?p=64555"},"modified":"2022-04-28T09:16:17","modified_gmt":"2022-04-28T12:16:17","slug":"em-conjunto-com-centrais-sindicais-pt-bahia-promove-atos-no-dia-do-trabalhador","status":"publish","type":"post","link":"https:\/\/blogdoeloiltoncajuhy.com.br\/site\/em-conjunto-com-centrais-sindicais-pt-bahia-promove-atos-no-dia-do-trabalhador\/","title":{"rendered":"Em conjunto com centrais sindicais, PT Bahia promove atos no Dia do Trabalhador"},"content":{"rendered":"\n<p><strong>Ascom\/PT Bahia<\/strong><\/p>\n\n\n\n<div class=\"wp-block-image\"><figure class=\"aligncenter size-large\"><a href=\"https:\/\/i0.wp.com\/blogdoeloiltoncajuhy.com.br\/site\/wp-content\/uploads\/2022\/04\/PT-Bahia-28042022.jpeg\"><img data-recalc-dims=\"1\" fetchpriority=\"high\" decoding=\"async\" width=\"800\" height=\"523\" src=\"https:\/\/i0.wp.com\/blogdoeloiltoncajuhy.com.br\/site\/wp-content\/uploads\/2022\/04\/PT-Bahia-28042022.jpeg?resize=800%2C523\" alt=\"\" class=\"wp-image-64557\" srcset=\"https:\/\/i0.wp.com\/blogdoeloiltoncajuhy.com.br\/site\/wp-content\/uploads\/2022\/04\/PT-Bahia-28042022.jpeg?resize=1024%2C670&amp;ssl=1 1024w, https:\/\/i0.wp.com\/blogdoeloiltoncajuhy.com.br\/site\/wp-content\/uploads\/2022\/04\/PT-Bahia-28042022.jpeg?resize=300%2C196&amp;ssl=1 300w, https:\/\/i0.wp.com\/blogdoeloiltoncajuhy.com.br\/site\/wp-content\/uploads\/2022\/04\/PT-Bahia-28042022.jpeg?resize=768%2C503&amp;ssl=1 768w, https:\/\/i0.wp.com\/blogdoeloiltoncajuhy.com.br\/site\/wp-content\/uploads\/2022\/04\/PT-Bahia-28042022.jpeg?w=1280&amp;ssl=1 1280w\" sizes=\"(max-width: 800px) 100vw, 800px\" \/><\/a><figcaption><sub>Foto: Divulga\u00e7\u00e3o<\/sub><\/figcaption><\/figure><\/div>\n\n\n\n<p>O Partido dos Trabalhadores da Bahia, em conjunto com centrais sindicais, trabalhadores, associa\u00e7\u00f5es e sociedade civil, convoca a sua milit\u00e2ncia em todas as cidades do estado a promover ou se integrar aos atos do 1\u00ba de maio para a manifesta\u00e7\u00e3o em defesa da gera\u00e7\u00e3o de empregos e pelos direitos sociais e trabalhistas. O ato pol\u00edtico em Salvador est\u00e1 programado para acontecer \u00e0s 15 horas, no Farol da Barra, e contar\u00e1 tamb\u00e9m com a participa\u00e7\u00e3o de lideran\u00e7as pol\u00edticas, como vereadores e deputados.<\/p>\n\n\n\n<p>O ato tamb\u00e9m ser\u00e1 realizado para protestar contra os retrocessos na \u00e1rea trabalhista, promovidos pelos governos de Michel Temer e Jair Bolsonaro, a exemplo das reformas previdenci\u00e1ria e trabalhista. Dentre os retrocessos, est\u00e3o o fim da carteira assinada para muitos brasileiros, a possibilidade de o trabalhador ser contratado por metade do sal\u00e1rio m\u00ednimo, o fim do 13\u00ba sal\u00e1rio para alguns trabalhadores, fim do FGTS, redu\u00e7\u00e3o de percentual dos dep\u00f3sitos e perda de direito \u00e0 aposentadoria e aux\u00edlio-doen\u00e7a pelo Regime Especial de Qualifica\u00e7\u00e3o e Inclus\u00e3o Produtiva (Requip) e pelo Programa Primeira Oportunidade e Reinser\u00e7\u00e3o no Emprego (Priore), dentre outros.<\/p>\n\n\n\n<p>Al\u00e9m das retiradas de direitos hist\u00f3ricos dos trabalhadores, o Brasil registra altos \u00edndices de desemprego, com mais de 14 milh\u00f5es de desempregados. &#8220;O PT foi criado h\u00e1 42 anos com a importante tarefa de defender os trabalhadores lutando por seus direitos e por mais dignidade para a classe, e agora, no 1\u00ba de maio, Dia do Trabalhador, estamos realizando diversas a\u00e7\u00f5es para protestar contra os retrocessos \u00e0 categoria impostos pelo presidente da Rep\u00fablica a direitos conquistados legitimamente\u201d, afirmou o presidente do PT Bahia, \u00c9den Valadares.<\/p>\n\n\n\n<p>Com a vit\u00f3ria de Lula no Brasil nas elei\u00e7\u00f5es deste ano, a pauta da retomada dos direitos trabalhistas ser\u00e1 prioridade das gest\u00f5es petistas, afirma \u00c9den. &#8220;O governo Bolsonaro castiga a classe trabalhadora com o projeto que muda uma s\u00e9rie de regras para milh\u00f5es de brasileiros, em uma nova reforma trabalhista cruel, quase quatro anos ap\u00f3s reforma realizada por Temer que tamb\u00e9m prejudicou tantos trabalhadores no Brasil\u201d, afirmou, ao comparar os mais de 20 milh\u00f5es de empregos gerados nas gest\u00f5es de Lula e Dilma, enquanto na administra\u00e7\u00e3o Bolsonaro o pa\u00eds atingiu recorde de desemprego com quase 14 milh\u00f5es de desocupados.<\/p>\n\n\n\n<p>Maria Madalena Oliveira Firmo, a Leninha, presidente da CUT Bahia, afirmou que a Central continuar\u00e1 trabalhando para reaver os direitos dos trabalhadores. \u201cNuma situa\u00e7\u00e3o de crise pol\u00edtica, econ\u00f4mica, sanit\u00e1ria, humanit\u00e1ria com milh\u00f5es de brasileiros de volta ao Mapa da Fome, o aumento do pre\u00e7o dos alimentos e de custo de vida do Brasil, Bolsonaro imp\u00f5e condi\u00e7\u00f5es ainda mais desumanas ao povo. Como representante da classe trabalhadora, a CUT continuar\u00e1 lutando para que os direitos arduamente conquistados sejam restabelecidos e que os trabalhadores tenham uma vida, sal\u00e1rios e condi\u00e7\u00f5es de trabalho dignos\u201d.<\/p>\n","protected":false},"excerpt":{"rendered":"<p>Ascom\/PT Bahia O Partido dos Trabalhadores da Bahia, em conjunto com centrais sindicais, trabalhadores, associa\u00e7\u00f5es e sociedade civil, convoca a sua milit\u00e2ncia em todas as cidades do estado a promover ou se integrar aos atos do 1\u00ba de maio para a manifesta\u00e7\u00e3o em defesa da gera\u00e7\u00e3o de empregos e pelos direitos sociais e trabalhistas. O [&hellip;]<\/p>\n","protected":false},"author":2,"featured_media":64557,"comment_status":"open","ping_status":"open","sticky":false,"template":"","format":"standard","meta":{"_acf_changed":false,"_monsterinsights_skip_tracking":false,"_monsterinsights_sitenote_active":false,"_monsterinsights_sitenote_note":"","_monsterinsights_sitenote_category":0,"_jetpack_memberships_contains_paid_content":false,"footnotes":"","jetpack_publicize_message":"","jetpack_publicize_feature_enabled":true,"jetpack_social_post_already_shared":true,"jetpack_social_options":{"image_generator_settings":{"template":"highway","default_image_id":0,"font":"","enabled":false},"version":2}},"categories":[3],"tags":[],"class_list":["post-64555","post","type-post","status-publish","format-standard","has-post-thumbnail","hentry","category-politica"],"acf":[],"jetpack_publicize_connections":[],"jetpack_featured_media_url":"https:\/\/i0.wp.com\/blogdoeloiltoncajuhy.com.br\/site\/wp-content\/uploads\/2022\/04\/PT-Bahia-28042022.jpeg?fit=1280%2C838&ssl=1","jetpack_sharing_enabled":true,"publishpress_future_workflow_manual_trigger":{"enabledWorkflows":[]},"_links":{"self":[{"href":"https:\/\/blogdoeloiltoncajuhy.com.br\/site\/wp-json\/wp\/v2\/posts\/64555","targetHints":{"allow":["GET"]}}],"collection":[{"href":"https:\/\/blogdoeloiltoncajuhy.com.br\/site\/wp-json\/wp\/v2\/posts"}],"about":[{"href":"https:\/\/blogdoeloiltoncajuhy.com.br\/site\/wp-json\/wp\/v2\/types\/post"}],"author":[{"embeddable":true,"href":"https:\/\/blogdoeloiltoncajuhy.com.br\/site\/wp-json\/wp\/v2\/users\/2"}],"replies":[{"embeddable":true,"href":"https:\/\/blogdoeloiltoncajuhy.com.br\/site\/wp-json\/wp\/v2\/comments?post=64555"}],"version-history":[{"count":2,"href":"https:\/\/blogdoeloiltoncajuhy.com.br\/site\/wp-json\/wp\/v2\/posts\/64555\/revisions"}],"predecessor-version":[{"id":64558,"href":"https:\/\/blogdoeloiltoncajuhy.com.br\/site\/wp-json\/wp\/v2\/posts\/64555\/revisions\/64558"}],"wp:featuredmedia":[{"embeddable":true,"href":"https:\/\/blogdoeloiltoncajuhy.com.br\/site\/wp-json\/wp\/v2\/media\/64557"}],"wp:attachment":[{"href":"https:\/\/blogdoeloiltoncajuhy.com.br\/site\/wp-json\/wp\/v2\/media?parent=64555"}],"wp:term":[{"taxonomy":"category","embeddable":true,"href":"https:\/\/blogdoeloiltoncajuhy.com.br\/site\/wp-json\/wp\/v2\/categories?post=64555"},{"taxonomy":"post_tag","embeddable":true,"href":"https:\/\/blogdoeloiltoncajuhy.com.br\/site\/wp-json\/wp\/v2\/tags?post=64555"}],"curies":[{"name":"wp","href":"https:\/\/api.w.org\/{rel}","templated":true}]}}