{"id":64552,"date":"2022-04-28T09:02:47","date_gmt":"2022-04-28T12:02:47","guid":{"rendered":"http:\/\/blogdoeloiltoncajuhy.com.br\/site\/?p=64552"},"modified":"2022-04-28T09:02:48","modified_gmt":"2022-04-28T12:02:48","slug":"senhor-do-bonfim-caminhoneiro-e-preso-pela-prf-com-quase-200-comprimidos-de-rebite-escondidos-na-cabine","status":"publish","type":"post","link":"https:\/\/blogdoeloiltoncajuhy.com.br\/site\/senhor-do-bonfim-caminhoneiro-e-preso-pela-prf-com-quase-200-comprimidos-de-rebite-escondidos-na-cabine\/","title":{"rendered":"Senhor do Bonfim: Caminhoneiro \u00e9 preso pela PRF com quase 200 comprimidos de rebite escondidos na cabine"},"content":{"rendered":"\n<p class=\"has-text-align-center\"><em>Ele estava transportando estacas de madeira com o DOF vencido e trafegava por horas na estrada desrespeitando a Lei do descanso.<\/em><\/p>\n\n\n\n<p><strong>Por PRF<\/strong><\/p>\n\n\n\n<div class=\"wp-block-image\"><figure class=\"aligncenter size-full\"><a href=\"https:\/\/i0.wp.com\/blogdoeloiltoncajuhy.com.br\/site\/wp-content\/uploads\/2022\/04\/PRF_Apreensao-rebite-27042022.jpeg\"><img data-recalc-dims=\"1\" fetchpriority=\"high\" decoding=\"async\" width=\"768\" height=\"373\" src=\"https:\/\/i0.wp.com\/blogdoeloiltoncajuhy.com.br\/site\/wp-content\/uploads\/2022\/04\/PRF_Apreensao-rebite-27042022.jpeg?resize=768%2C373\" alt=\"\" class=\"wp-image-64553\" srcset=\"https:\/\/i0.wp.com\/blogdoeloiltoncajuhy.com.br\/site\/wp-content\/uploads\/2022\/04\/PRF_Apreensao-rebite-27042022.jpeg?w=768&amp;ssl=1 768w, https:\/\/i0.wp.com\/blogdoeloiltoncajuhy.com.br\/site\/wp-content\/uploads\/2022\/04\/PRF_Apreensao-rebite-27042022.jpeg?resize=300%2C146&amp;ssl=1 300w\" sizes=\"(max-width: 768px) 100vw, 768px\" \/><\/a><figcaption><sub>Caminhoneiro \u00e9 preso pela PRF com quase 200 comprimidos de rebite escondidos na cabine<\/sub><\/figcaption><\/figure><\/div>\n\n\n\n<p>Na tarde desta quarta-feira (27), policiais rodovi\u00e1rios federais realizavam fiscaliza\u00e7\u00f5es em frente a unidade operacional de Senhor do Bonfim (Km 117 da BR 407), quando deram ordem de parada a um ve\u00edculo de carga, com placas de Cama\u00e7ari (BA).<\/p>\n\n\n\n<p>No momento da abordagem, foram solicitados os documentos de porte obrigat\u00f3rio e da carga. Por tratar-se de transporte de madeira, os policiais exigiram a documenta\u00e7\u00e3o espec\u00edfica desse tipo de carga, foi quando os policiais constaram que o Documento de Origem Florestal (DOF) estava vencido.<\/p>\n\n\n\n<p>Em continuidade \u00e0 fiscaliza\u00e7\u00e3o detalhada, foi solicitado ao motorista o disco do cronotac\u00f3grafo, atrav\u00e9s do qual foi poss\u00edvel verificar que o caminhoneiro estava dirigindo por v\u00e1rias horas seguidas sem descanso.<\/p>\n\n\n\n<p>Em revista feita no ve\u00edculo, foram encontrados 184 comprimidos de Nob\u00e9sio Extra Forte (uma das marcas mais populares de \u201crebite\u201d).<\/p>\n\n\n\n<p>Aos policiais, o motorista confessou que fez uso do rebite e que tamb\u00e9m comercializa o produto para profissionais do volante. Ele disse tamb\u00e9m que comprou os comprimidos no estado do Piau\u00ed por R$ 20 a cartela e iria revender por R$ 25.<\/p>\n\n\n\n<p>Diante das circunst\u00e2ncias, o homem de 48 anos foi encaminhado \u00e0 Delegacia de Pol\u00edcia Civil por tr\u00e1fico de drogas (art. 33 da Lei 11.343\/2006), que prev\u00ea pena de 5 a 15 anos de pris\u00e3o.<\/p>\n\n\n\n<p class=\"has-black-color has-text-color has-medium-font-size\"><strong>Lei do descanso<\/strong><\/p>\n\n\n\n<p>A Lei 13.103\/15, mais conhecida como \u201cLei dos caminhoneiros\u201d ou \u201cLei do descanso\u201d, prev\u00ea o intervalo de descanso obrigat\u00f3rio de motoristas de caminh\u00e3o, \u00f4nibus e vans. O descanso \u00e9 de 11 horas a cada 24 horas trabalhadas.<\/p>\n\n\n\n<p>Tem o intuito de regulamentar o tempo m\u00e1ximo de dire\u00e7\u00e3o e os tempos m\u00ednimos de descanso dos motoristas de ve\u00edculos de carga de grande porte, de ve\u00edculos de transporte coletivo de passageiros e de ve\u00edculos de transporte de escolares.<\/p>\n\n\n\n<p>Por serem ve\u00edculos que acarretam grande quantidade e gravidade de v\u00edtimas quando envolvidos em acidentes, h\u00e1 uma preocupa\u00e7\u00e3o especial em garantir que os condutores destes ve\u00edculos estejam devidamente descansados e atentos no tr\u00e2nsito.<\/p>\n\n\n\n<p>\u00c9 atrav\u00e9s do cronotac\u00f3grafo (equipamento de uso obrigat\u00f3rio) que os policiais verificam se o motorista profissional est\u00e1 cumprindo a Lei do Descanso. O equipamento tamb\u00e9m registra a dist\u00e2ncia percorrida e a velocidade do ve\u00edculo no caso de algum acidente na rodovia, podendo ser utilizado para per\u00edcia t\u00e9cnica.<\/p>\n","protected":false},"excerpt":{"rendered":"<p>Ele estava transportando estacas de madeira com o DOF vencido e trafegava por horas na estrada desrespeitando a Lei do descanso. Por PRF Na tarde desta quarta-feira (27), policiais rodovi\u00e1rios federais realizavam fiscaliza\u00e7\u00f5es em frente a unidade operacional de Senhor do Bonfim (Km 117 da BR 407), quando deram ordem de parada a um ve\u00edculo [&hellip;]<\/p>\n","protected":false},"author":2,"featured_media":64553,"comment_status":"open","ping_status":"open","sticky":false,"template":"","format":"standard","meta":{"_acf_changed":false,"_monsterinsights_skip_tracking":false,"_monsterinsights_sitenote_active":false,"_monsterinsights_sitenote_note":"","_monsterinsights_sitenote_category":0,"_jetpack_memberships_contains_paid_content":false,"footnotes":"","jetpack_publicize_message":"","jetpack_publicize_feature_enabled":true,"jetpack_social_post_already_shared":true,"jetpack_social_options":{"image_generator_settings":{"template":"highway","default_image_id":0,"font":"","enabled":false},"version":2}},"categories":[15],"tags":[],"class_list":["post-64552","post","type-post","status-publish","format-standard","has-post-thumbnail","hentry","category-policia"],"acf":[],"jetpack_publicize_connections":[],"jetpack_featured_media_url":"https:\/\/i0.wp.com\/blogdoeloiltoncajuhy.com.br\/site\/wp-content\/uploads\/2022\/04\/PRF_Apreensao-rebite-27042022.jpeg?fit=768%2C373&ssl=1","jetpack_sharing_enabled":true,"publishpress_future_workflow_manual_trigger":{"enabledWorkflows":[]},"_links":{"self":[{"href":"https:\/\/blogdoeloiltoncajuhy.com.br\/site\/wp-json\/wp\/v2\/posts\/64552","targetHints":{"allow":["GET"]}}],"collection":[{"href":"https:\/\/blogdoeloiltoncajuhy.com.br\/site\/wp-json\/wp\/v2\/posts"}],"about":[{"href":"https:\/\/blogdoeloiltoncajuhy.com.br\/site\/wp-json\/wp\/v2\/types\/post"}],"author":[{"embeddable":true,"href":"https:\/\/blogdoeloiltoncajuhy.com.br\/site\/wp-json\/wp\/v2\/users\/2"}],"replies":[{"embeddable":true,"href":"https:\/\/blogdoeloiltoncajuhy.com.br\/site\/wp-json\/wp\/v2\/comments?post=64552"}],"version-history":[{"count":1,"href":"https:\/\/blogdoeloiltoncajuhy.com.br\/site\/wp-json\/wp\/v2\/posts\/64552\/revisions"}],"predecessor-version":[{"id":64554,"href":"https:\/\/blogdoeloiltoncajuhy.com.br\/site\/wp-json\/wp\/v2\/posts\/64552\/revisions\/64554"}],"wp:featuredmedia":[{"embeddable":true,"href":"https:\/\/blogdoeloiltoncajuhy.com.br\/site\/wp-json\/wp\/v2\/media\/64553"}],"wp:attachment":[{"href":"https:\/\/blogdoeloiltoncajuhy.com.br\/site\/wp-json\/wp\/v2\/media?parent=64552"}],"wp:term":[{"taxonomy":"category","embeddable":true,"href":"https:\/\/blogdoeloiltoncajuhy.com.br\/site\/wp-json\/wp\/v2\/categories?post=64552"},{"taxonomy":"post_tag","embeddable":true,"href":"https:\/\/blogdoeloiltoncajuhy.com.br\/site\/wp-json\/wp\/v2\/tags?post=64552"}],"curies":[{"name":"wp","href":"https:\/\/api.w.org\/{rel}","templated":true}]}}