{"id":64534,"date":"2022-04-27T19:11:06","date_gmt":"2022-04-27T22:11:06","guid":{"rendered":"http:\/\/blogdoeloiltoncajuhy.com.br\/site\/?p=64534"},"modified":"2022-04-27T19:11:07","modified_gmt":"2022-04-27T22:11:07","slug":"disturbios-do-sono-podem-causar-acidentes-de-transito","status":"publish","type":"post","link":"https:\/\/blogdoeloiltoncajuhy.com.br\/site\/disturbios-do-sono-podem-causar-acidentes-de-transito\/","title":{"rendered":"Dist\u00farbios do sono podem causar acidentes de tr\u00e2nsito"},"content":{"rendered":"\n<p class=\"has-text-align-center\"><em>Causas da m\u00e1 qualidade do sono precisam ser investigadas, uma vez que muitos n\u00e3o notam a sonol\u00eancia e n\u00e3o sabem que t\u00eam apneia do sono<\/em><\/p>\n\n\n\n<p><strong>Por Alessandra Parise<\/strong><\/p>\n\n\n\n<div class=\"wp-block-image\"><figure class=\"aligncenter size-large\"><a href=\"https:\/\/i0.wp.com\/blogdoeloiltoncajuhy.com.br\/site\/wp-content\/uploads\/2022\/04\/Sono-transito.jpg\"><img data-recalc-dims=\"1\" fetchpriority=\"high\" decoding=\"async\" width=\"800\" height=\"534\" src=\"https:\/\/i0.wp.com\/blogdoeloiltoncajuhy.com.br\/site\/wp-content\/uploads\/2022\/04\/Sono-transito.jpg?resize=800%2C534\" alt=\"\" class=\"wp-image-64535\" srcset=\"https:\/\/i0.wp.com\/blogdoeloiltoncajuhy.com.br\/site\/wp-content\/uploads\/2022\/04\/Sono-transito.jpg?resize=1024%2C684&amp;ssl=1 1024w, https:\/\/i0.wp.com\/blogdoeloiltoncajuhy.com.br\/site\/wp-content\/uploads\/2022\/04\/Sono-transito.jpg?resize=300%2C200&amp;ssl=1 300w, https:\/\/i0.wp.com\/blogdoeloiltoncajuhy.com.br\/site\/wp-content\/uploads\/2022\/04\/Sono-transito.jpg?resize=768%2C513&amp;ssl=1 768w, https:\/\/i0.wp.com\/blogdoeloiltoncajuhy.com.br\/site\/wp-content\/uploads\/2022\/04\/Sono-transito.jpg?w=1200&amp;ssl=1 1200w\" sizes=\"(max-width: 800px) 100vw, 800px\" \/><\/a><\/figure><\/div>\n\n\n\n<p>Pesquisa realizada pela Associa\u00e7\u00e3o Brasileira de Medicina de Tr\u00e1fego (Abramet), em parceria com a Academia Brasileira de Neurologia e o Conselho Regional de Medicina, indicou que cerca de 42% dos acidentes de tr\u00e2nsito no pa\u00eds est\u00e3o relacionados ao sono.<\/p>\n\n\n\n<p>A priva\u00e7\u00e3o de sono lentifica as rea\u00e7\u00f5es a est\u00edmulos, diminui a acur\u00e1cia de resposta e leva a longos lapsos de aten\u00e7\u00e3o de acordo com o estudo conduzido pela AAA Foundation for Traffic Safety. Um estudo americano identificou que o risco de colis\u00f5es aumenta de maneira inversamente proporcional \u00e0 quantidade de horas de sono entre os motoristas. Per\u00edodos de sono entre 6 e 7 horas levaram a uma taxa de risco de acidentes de 0,3 vezes maior em rela\u00e7\u00e3o a indiv\u00edduos que dormiram ao menos 7 horas nas 24 horas anteriores, podendo chegar a 10,5 vezes mais em per\u00edodos de sono inferiores a 4 horas.<\/p>\n\n\n\n<p>Muitos fatores respons\u00e1veis por afetar o sono e gerar ins\u00f4nia s\u00e3o comumente conhecidos. Por\u00e9m, entre eles, est\u00e1 tamb\u00e9m a Apneia Obstrutiva do Sono (AOS), um dist\u00farbio ainda pouco conhecido pela maioria da popula\u00e7\u00e3o no qual os m\u00fasculos da garganta relaxam a ponto de entrar em colapso, restringindo o fluxo de ar, o que faz com que a respira\u00e7\u00e3o se torne superficial e at\u00e9 pare por segundos ou minutos, privando o corpo e o c\u00e9rebro de oxig\u00eanio.<\/p>\n\n\n\n<p>Mesmo que os despertares sejam geralmente muito curtos, eles fragmentam e interrompem o ciclo do sono. Essa fragmenta\u00e7\u00e3o do sono pode causar n\u00edveis significativos de fadiga e sonol\u00eancia diurna, o que pode causar in\u00fameros preju\u00edzos \u00e0 pessoa e \u00e0 sociedade, como o aumento do risco de acidentes de tr\u00e2nsito.<\/p>\n\n\n\n<p>Segundo o Doutor Geraldo Lorenzi Filho, m\u00e9dico e professor associado da Faculdade de Medicina da USP e diretor do laborat\u00f3rio do sono do InCor: \u201cexistem evid\u00eancias cientificas claras de que, como a AOS causa sonol\u00eancia, pode gerar desconcentra\u00e7\u00e3o e ocasionar acidentes automobil\u00edsticos\u201d. Ele afirma que o reconhecimento da apneia e o tratamento adequado com CPAP (Press\u00e3o Positiva Cont\u00ednua nas Vias A\u00e9reas) levam \u00e0 melhor qualidade do sono e de vida e, como consequ\u00eancia, diminuem os riscos de acidentes.<\/p>\n\n\n\n<p>\u201cA sonol\u00eancia e a dire\u00e7\u00e3o formam uma mistura muito perigosa porque o sono vai se instalando aos poucos e a pessoa n\u00e3o percebe. Como dirigir j\u00e1 faz parte da rotina de muitos, o indiv\u00edduo pode n\u00e3o se dar conta de que est\u00e1 sonolento ao volante\u201d, declara o m\u00e9dico.<\/p>\n\n\n\n<p>Alguns sinais que podem indicar a presen\u00e7a do dist\u00farbio s\u00e3o: ronco, cansa\u00e7o diurno constante, dificuldade de concentra\u00e7\u00e3o, dores de cabe\u00e7a matinais, humor depressivo, falta de energia, esquecimento ou h\u00e1bito constante de acordar para ir ao banheiro.<\/p>\n\n\n\n<p>Uma vez que a apneia seja diagnosticada, o tratamento mais comumente indicado \u00e9 o uso de CPAP (Press\u00e3o Positiva Cont\u00ednua nas Vias A\u00e9reas).<\/p>\n","protected":false},"excerpt":{"rendered":"<p>Causas da m\u00e1 qualidade do sono precisam ser investigadas, uma vez que muitos n\u00e3o notam a sonol\u00eancia e n\u00e3o sabem que t\u00eam apneia do sono Por Alessandra Parise Pesquisa realizada pela Associa\u00e7\u00e3o Brasileira de Medicina de Tr\u00e1fego (Abramet), em parceria com a Academia Brasileira de Neurologia e o Conselho Regional de Medicina, indicou que cerca [&hellip;]<\/p>\n","protected":false},"author":2,"featured_media":64535,"comment_status":"open","ping_status":"open","sticky":false,"template":"","format":"standard","meta":{"_acf_changed":false,"_monsterinsights_skip_tracking":false,"_monsterinsights_sitenote_active":false,"_monsterinsights_sitenote_note":"","_monsterinsights_sitenote_category":0,"_jetpack_memberships_contains_paid_content":false,"footnotes":"","jetpack_publicize_message":"","jetpack_publicize_feature_enabled":true,"jetpack_social_post_already_shared":true,"jetpack_social_options":{"image_generator_settings":{"template":"highway","default_image_id":0,"font":"","enabled":false},"version":2}},"categories":[7],"tags":[],"class_list":["post-64534","post","type-post","status-publish","format-standard","has-post-thumbnail","hentry","category-saude"],"acf":[],"jetpack_publicize_connections":[],"jetpack_featured_media_url":"https:\/\/i0.wp.com\/blogdoeloiltoncajuhy.com.br\/site\/wp-content\/uploads\/2022\/04\/Sono-transito.jpg?fit=1200%2C801&ssl=1","jetpack_sharing_enabled":true,"publishpress_future_workflow_manual_trigger":{"enabledWorkflows":[]},"_links":{"self":[{"href":"https:\/\/blogdoeloiltoncajuhy.com.br\/site\/wp-json\/wp\/v2\/posts\/64534","targetHints":{"allow":["GET"]}}],"collection":[{"href":"https:\/\/blogdoeloiltoncajuhy.com.br\/site\/wp-json\/wp\/v2\/posts"}],"about":[{"href":"https:\/\/blogdoeloiltoncajuhy.com.br\/site\/wp-json\/wp\/v2\/types\/post"}],"author":[{"embeddable":true,"href":"https:\/\/blogdoeloiltoncajuhy.com.br\/site\/wp-json\/wp\/v2\/users\/2"}],"replies":[{"embeddable":true,"href":"https:\/\/blogdoeloiltoncajuhy.com.br\/site\/wp-json\/wp\/v2\/comments?post=64534"}],"version-history":[{"count":1,"href":"https:\/\/blogdoeloiltoncajuhy.com.br\/site\/wp-json\/wp\/v2\/posts\/64534\/revisions"}],"predecessor-version":[{"id":64536,"href":"https:\/\/blogdoeloiltoncajuhy.com.br\/site\/wp-json\/wp\/v2\/posts\/64534\/revisions\/64536"}],"wp:featuredmedia":[{"embeddable":true,"href":"https:\/\/blogdoeloiltoncajuhy.com.br\/site\/wp-json\/wp\/v2\/media\/64535"}],"wp:attachment":[{"href":"https:\/\/blogdoeloiltoncajuhy.com.br\/site\/wp-json\/wp\/v2\/media?parent=64534"}],"wp:term":[{"taxonomy":"category","embeddable":true,"href":"https:\/\/blogdoeloiltoncajuhy.com.br\/site\/wp-json\/wp\/v2\/categories?post=64534"},{"taxonomy":"post_tag","embeddable":true,"href":"https:\/\/blogdoeloiltoncajuhy.com.br\/site\/wp-json\/wp\/v2\/tags?post=64534"}],"curies":[{"name":"wp","href":"https:\/\/api.w.org\/{rel}","templated":true}]}}