{"id":64522,"date":"2022-04-27T10:46:02","date_gmt":"2022-04-27T13:46:02","guid":{"rendered":"http:\/\/blogdoeloiltoncajuhy.com.br\/site\/?p=64522"},"modified":"2022-04-27T10:46:03","modified_gmt":"2022-04-27T13:46:03","slug":"sec-mobiliza-estudantes-para-inscricoes-gratuitas-em-43-cursos-do-programa-educar-para-trabalhar","status":"publish","type":"post","link":"https:\/\/blogdoeloiltoncajuhy.com.br\/site\/sec-mobiliza-estudantes-para-inscricoes-gratuitas-em-43-cursos-do-programa-educar-para-trabalhar\/","title":{"rendered":"SEC mobiliza estudantes para inscri\u00e7\u00f5es gratuitas em 43 cursos do Programa Educar para Trabalhar"},"content":{"rendered":"\n<p><strong>Ascom\/Secretaria da Educa\u00e7\u00e3o do Estado (SEC)<\/strong><\/p>\n\n\n\n<div class=\"wp-block-image\"><figure class=\"aligncenter size-large\"><a href=\"https:\/\/i0.wp.com\/blogdoeloiltoncajuhy.com.br\/site\/wp-content\/uploads\/2022\/04\/GOVBA_Educar-Para-Trabalhar-27042022.jpg\"><img data-recalc-dims=\"1\" fetchpriority=\"high\" decoding=\"async\" width=\"800\" height=\"451\" src=\"https:\/\/i0.wp.com\/blogdoeloiltoncajuhy.com.br\/site\/wp-content\/uploads\/2022\/04\/GOVBA_Educar-Para-Trabalhar-27042022.jpg?resize=800%2C451\" alt=\"\" class=\"wp-image-64523\" srcset=\"https:\/\/i0.wp.com\/blogdoeloiltoncajuhy.com.br\/site\/wp-content\/uploads\/2022\/04\/GOVBA_Educar-Para-Trabalhar-27042022.jpg?resize=1024%2C577&amp;ssl=1 1024w, https:\/\/i0.wp.com\/blogdoeloiltoncajuhy.com.br\/site\/wp-content\/uploads\/2022\/04\/GOVBA_Educar-Para-Trabalhar-27042022.jpg?resize=300%2C169&amp;ssl=1 300w, https:\/\/i0.wp.com\/blogdoeloiltoncajuhy.com.br\/site\/wp-content\/uploads\/2022\/04\/GOVBA_Educar-Para-Trabalhar-27042022.jpg?resize=768%2C433&amp;ssl=1 768w, https:\/\/i0.wp.com\/blogdoeloiltoncajuhy.com.br\/site\/wp-content\/uploads\/2022\/04\/GOVBA_Educar-Para-Trabalhar-27042022.jpg?w=1068&amp;ssl=1 1068w\" sizes=\"(max-width: 800px) 100vw, 800px\" \/><\/a><figcaption><sub>Foto: Divulga\u00e7\u00e3o\/SEC<\/sub><\/figcaption><\/figure><\/div>\n\n\n\n<p>As inscri\u00e7\u00f5es para 110.459 vagas gratuitas de 43 cursos de qualifica\u00e7\u00e3o profissional ou de Forma\u00e7\u00e3o Inicial e Continuada (FIC), na modalidade de ensino n\u00e3o presencial de Educa\u00e7\u00e3o \u00e0 Dist\u00e2ncia (EAD), do Programa Educar para Trabalhar, seguem at\u00e9 o dia 9 de maio. Os candidatos interessados devem acessar o formul\u00e1rio eletr\u00f4nico, dispon\u00edvel no Portal da Educa\u00e7\u00e3o.<\/p>\n\n\n\n<p>Para mobilizar os estudantes, a Secretaria da Educa\u00e7\u00e3o do Estado (SEC) est\u00e1 promovendo um mutir\u00e3o para as inscri\u00e7\u00f5es em 126 escolas estaduais localizadas nos 27 N\u00facleos Territoriais de Educa\u00e7\u00e3o, envolvendo a atua\u00e7\u00e3o de 80 mobilizadores da SEC e do Sistema S. A a\u00e7\u00e3o visa divulgar os cursos, tirar d\u00favidas sobre o funcionamento do programa e efetivar as inscri\u00e7\u00f5es dos candidatos atrav\u00e9s de computadores disponibilizados nas escolas.<\/p>\n\n\n\n<p>\u201cEstamos dando continuidade \u00e0 pol\u00edtica de qualifica\u00e7\u00e3o profissional dos estudantes e egressos da rede estadual, promovida pelo governo do Estado, como parte da forma\u00e7\u00e3o cidad\u00e3 e inser\u00e7\u00e3o no mundo do trabalho. \u00c9 muito importante que as pessoas se inscrevam, pois s\u00e3o 43 op\u00e7\u00f5es de cursos de 10 eixos tecnol\u00f3gicos, ou seja, uma boa oportunidade para quem deseja ter novas perspectivas profissionais\u201d, destacou o superintendente da Educa\u00e7\u00e3o Profissional e Tecnol\u00f3gica da SEC, Ezequiel Westphal.<\/p>\n\n\n\n<p>As atividades do Educar para Trabalhar s\u00e3o desenvolvidas em parceria com o Servi\u00e7o Nacional de Aprendizagem Comercial (Senac); o Servi\u00e7o Nacional de Aprendizagem industrial (Senai); e o Servi\u00e7o Nacional de Aprendizagem Rural (Senar), sendo os mesmos respons\u00e1veis pela presta\u00e7\u00e3o dos servi\u00e7os educacionais.<\/p>\n\n\n\n<p>As vagas s\u00e3o destinadas a estudantes e egressos do Ensino M\u00e9dio ou dos cursos t\u00e9cnicos de n\u00edvel m\u00e9dio da rede estadual de ensino. O ingresso nos cursos ocorrer\u00e1 por sorteio eletr\u00f4nico, de modo aleat\u00f3rio e equitativo, de car\u00e1ter classificat\u00f3rio, e ser\u00e1 realizado no dia 10 de maio. No mesmo dia ser\u00e1 divulgado o resultado parcial da lista de classificados. O resultado final ser\u00e1 publicado no dia 13 de maio; as matr\u00edculas acontecer\u00e3o de 14 a 22 de maio; e as aulas est\u00e3o programadas para iniciar no dia 23 de maio.<\/p>\n\n\n\n<p>Os cursos ofertados s\u00e3o: Almoxarife , Administrador de Bancos de Dados; Assistente Administrativo; Assistente de Contabilidade ; Auxiliar de Laborat\u00f3rio de Microbiologia ; Agricultor Agroflorestal; Assistente de Recursos Humanos ; Agente Cultural; Agente de Gest\u00e3o de Res\u00edduos S\u00f3lidos; Agente de Informa\u00e7\u00f5es Tur\u00edsticas; Almoxarife de Obras; Assistente de Log\u00edstica; Auxiliar Administrativo Rural ; Auxiliar Agropecu\u00e1rio ; Auxiliar em Agricultura de Precis\u00e3o ; Bovinocultor de Leite; Bovinocultor de Corte ; Cerimonialista; Controlador e Programador de Produ\u00e7\u00e3o; Desenvolvedor de Jogos Eletr\u00f4nicos; Desenhista da Constru\u00e7\u00e3o Civil ; Desenhista de M\u00f3veis ; Desenhista de Produtos Gr\u00e1ficos WEB ; Desenhista Mec\u00e2nico ; Instalador e Reparador de Redes de Computadores ; Montador e Reparador de Microcomputadores; Organizador de Eventos; Produtor Cultural; Programador de Dispositivos M\u00f3veis; Programador de Sistemas; Programador Web; Recepcionista em Servi\u00e7os de Sa\u00fade; Representante Comercial; Vitrinista; Inspetor de Qualidade; Operador de Processamento de Gr\u00e3os e Cereais Operador de Processamento de Frutas e Hortali\u00e7as ; Operador de Processos Qu\u00edmicos Industriais; Operador de Tratamento de \u00c1guas e Efluentes; Operador em Petr\u00f3leo e G\u00e1s; Auxiliar em Agroecologia; Vitrinista; e Padeiro.<\/p>\n","protected":false},"excerpt":{"rendered":"<p>Ascom\/Secretaria da Educa\u00e7\u00e3o do Estado (SEC) As inscri\u00e7\u00f5es para 110.459 vagas gratuitas de 43 cursos de qualifica\u00e7\u00e3o profissional ou de Forma\u00e7\u00e3o Inicial e Continuada (FIC), na modalidade de ensino n\u00e3o presencial de Educa\u00e7\u00e3o \u00e0 Dist\u00e2ncia (EAD), do Programa Educar para Trabalhar, seguem at\u00e9 o dia 9 de maio. Os candidatos interessados devem acessar o formul\u00e1rio [&hellip;]<\/p>\n","protected":false},"author":2,"featured_media":64523,"comment_status":"open","ping_status":"open","sticky":false,"template":"","format":"standard","meta":{"_acf_changed":false,"_monsterinsights_skip_tracking":false,"_monsterinsights_sitenote_active":false,"_monsterinsights_sitenote_note":"","_monsterinsights_sitenote_category":0,"_jetpack_memberships_contains_paid_content":false,"footnotes":"","jetpack_publicize_message":"","jetpack_publicize_feature_enabled":true,"jetpack_social_post_already_shared":true,"jetpack_social_options":{"image_generator_settings":{"template":"highway","default_image_id":0,"font":"","enabled":false},"version":2}},"categories":[14],"tags":[],"class_list":["post-64522","post","type-post","status-publish","format-standard","has-post-thumbnail","hentry","category-educacao"],"acf":[],"jetpack_publicize_connections":[],"jetpack_featured_media_url":"https:\/\/i0.wp.com\/blogdoeloiltoncajuhy.com.br\/site\/wp-content\/uploads\/2022\/04\/GOVBA_Educar-Para-Trabalhar-27042022.jpg?fit=1068%2C602&ssl=1","jetpack_sharing_enabled":true,"publishpress_future_workflow_manual_trigger":{"enabledWorkflows":[]},"_links":{"self":[{"href":"https:\/\/blogdoeloiltoncajuhy.com.br\/site\/wp-json\/wp\/v2\/posts\/64522","targetHints":{"allow":["GET"]}}],"collection":[{"href":"https:\/\/blogdoeloiltoncajuhy.com.br\/site\/wp-json\/wp\/v2\/posts"}],"about":[{"href":"https:\/\/blogdoeloiltoncajuhy.com.br\/site\/wp-json\/wp\/v2\/types\/post"}],"author":[{"embeddable":true,"href":"https:\/\/blogdoeloiltoncajuhy.com.br\/site\/wp-json\/wp\/v2\/users\/2"}],"replies":[{"embeddable":true,"href":"https:\/\/blogdoeloiltoncajuhy.com.br\/site\/wp-json\/wp\/v2\/comments?post=64522"}],"version-history":[{"count":1,"href":"https:\/\/blogdoeloiltoncajuhy.com.br\/site\/wp-json\/wp\/v2\/posts\/64522\/revisions"}],"predecessor-version":[{"id":64524,"href":"https:\/\/blogdoeloiltoncajuhy.com.br\/site\/wp-json\/wp\/v2\/posts\/64522\/revisions\/64524"}],"wp:featuredmedia":[{"embeddable":true,"href":"https:\/\/blogdoeloiltoncajuhy.com.br\/site\/wp-json\/wp\/v2\/media\/64523"}],"wp:attachment":[{"href":"https:\/\/blogdoeloiltoncajuhy.com.br\/site\/wp-json\/wp\/v2\/media?parent=64522"}],"wp:term":[{"taxonomy":"category","embeddable":true,"href":"https:\/\/blogdoeloiltoncajuhy.com.br\/site\/wp-json\/wp\/v2\/categories?post=64522"},{"taxonomy":"post_tag","embeddable":true,"href":"https:\/\/blogdoeloiltoncajuhy.com.br\/site\/wp-json\/wp\/v2\/tags?post=64522"}],"curies":[{"name":"wp","href":"https:\/\/api.w.org\/{rel}","templated":true}]}}