{"id":64511,"date":"2022-04-26T20:07:37","date_gmt":"2022-04-26T23:07:37","guid":{"rendered":"http:\/\/blogdoeloiltoncajuhy.com.br\/site\/?p=64511"},"modified":"2022-04-26T20:07:39","modified_gmt":"2022-04-26T23:07:39","slug":"concurso-publico-da-univasf-oferece-50-vagas-para-professor-efetivo","status":"publish","type":"post","link":"https:\/\/blogdoeloiltoncajuhy.com.br\/site\/concurso-publico-da-univasf-oferece-50-vagas-para-professor-efetivo\/","title":{"rendered":"Concurso p\u00fablico da Univasf oferece 50 vagas para professor efetivo"},"content":{"rendered":"\n<p class=\"has-text-align-center\"><em>As inscri\u00e7\u00f5es podem ser feitas at\u00e9 o dia 4 de maio. O processo contar\u00e1 com prova escrita, prova de aptid\u00e3o did\u00e1tica, prova de defesa de memorial e prova de t\u00edtulos.<\/em><\/p>\n\n\n\n<p><strong>Por g1 Petrolina<\/strong><\/p>\n\n\n\n<div class=\"wp-block-image\"><figure class=\"aligncenter size-full\"><a href=\"https:\/\/i0.wp.com\/blogdoeloiltoncajuhy.com.br\/site\/wp-content\/uploads\/2022\/04\/Univasf_Campus-Senhor-do-Bonfim-26042022.jpeg\"><img data-recalc-dims=\"1\" fetchpriority=\"high\" decoding=\"async\" width=\"750\" height=\"563\" src=\"https:\/\/i0.wp.com\/blogdoeloiltoncajuhy.com.br\/site\/wp-content\/uploads\/2022\/04\/Univasf_Campus-Senhor-do-Bonfim-26042022.jpeg?resize=750%2C563\" alt=\"\" class=\"wp-image-64512\" srcset=\"https:\/\/i0.wp.com\/blogdoeloiltoncajuhy.com.br\/site\/wp-content\/uploads\/2022\/04\/Univasf_Campus-Senhor-do-Bonfim-26042022.jpeg?w=750&amp;ssl=1 750w, https:\/\/i0.wp.com\/blogdoeloiltoncajuhy.com.br\/site\/wp-content\/uploads\/2022\/04\/Univasf_Campus-Senhor-do-Bonfim-26042022.jpeg?resize=300%2C225&amp;ssl=1 300w\" sizes=\"(max-width: 750px) 100vw, 750px\" \/><\/a><figcaption><sub>Univasf &#8211; Campus Senhor do Bonfim \/ Foto: Divulga\u00e7\u00e3o<\/sub><\/figcaption><\/figure><\/div>\n\n\n\n<p>Est\u00e3o abertas at\u00e9 o dia 4 de maio, as inscri\u00e7\u00f5es para concurso p\u00fablico para o cargo de Professor da Carreira do Magist\u00e9rio Superior da Universidade Federal do Vale do S\u00e3o Francisco (Univasf). Ao todo, s\u00e3o 50 vagas dispon\u00edveis.<\/p>\n\n\n\n<p>As oportunidades s\u00e3o para as Classes Auxiliar A, Assistente A e Adjunto A, n\u00edvel I, para atua\u00e7\u00e3o nos campi localizados em Pernambuco, Bahia e Piau\u00ed. As vagas e crit\u00e9rios para candidatura est\u00e3o dispon\u00edveis no edital.<\/p>\n\n\n\n<p>O processo contar\u00e1 com prova escrita, prova de aptid\u00e3o did\u00e1tica, prova de defesa de memorial e prova de t\u00edtulos. A primeira fase, com prova escrita ser\u00e1 realizada no dia 26 de maio, presencialmente. As etapas seguintes acontecer\u00e3o de forma remota.<\/p>\n\n\n\n<p>Os interessados podem se inscrever no site. O custo da taxa de inscri\u00e7\u00e3o varia entre R$ 100, e R$ 200. \u00c9 poss\u00edvel solicitar isen\u00e7\u00e3o at\u00e9 a quinta-feira (28). Para isso, \u00e9 necess\u00e1rio cumprir os requisitos estabelecidos no edital.<\/p>\n\n\n\n<p>Outras informa\u00e7\u00f5es podem ser solicitadas pelo e-mail concursodocenteefetivo@univasf.edu.br.<\/p>\n","protected":false},"excerpt":{"rendered":"<p>As inscri\u00e7\u00f5es podem ser feitas at\u00e9 o dia 4 de maio. O processo contar\u00e1 com prova escrita, prova de aptid\u00e3o did\u00e1tica, prova de defesa de memorial e prova de t\u00edtulos. Por g1 Petrolina Est\u00e3o abertas at\u00e9 o dia 4 de maio, as inscri\u00e7\u00f5es para concurso p\u00fablico para o cargo de Professor da Carreira do Magist\u00e9rio [&hellip;]<\/p>\n","protected":false},"author":2,"featured_media":64512,"comment_status":"open","ping_status":"open","sticky":false,"template":"","format":"standard","meta":{"_acf_changed":false,"_monsterinsights_skip_tracking":false,"_monsterinsights_sitenote_active":false,"_monsterinsights_sitenote_note":"","_monsterinsights_sitenote_category":0,"_jetpack_memberships_contains_paid_content":false,"footnotes":"","jetpack_publicize_message":"","jetpack_publicize_feature_enabled":true,"jetpack_social_post_already_shared":true,"jetpack_social_options":{"image_generator_settings":{"template":"highway","default_image_id":0,"font":"","enabled":false},"version":2}},"categories":[14],"tags":[],"class_list":["post-64511","post","type-post","status-publish","format-standard","has-post-thumbnail","hentry","category-educacao"],"acf":[],"jetpack_publicize_connections":[],"jetpack_featured_media_url":"https:\/\/i0.wp.com\/blogdoeloiltoncajuhy.com.br\/site\/wp-content\/uploads\/2022\/04\/Univasf_Campus-Senhor-do-Bonfim-26042022.jpeg?fit=750%2C563&ssl=1","jetpack_sharing_enabled":true,"publishpress_future_workflow_manual_trigger":{"enabledWorkflows":[]},"_links":{"self":[{"href":"https:\/\/blogdoeloiltoncajuhy.com.br\/site\/wp-json\/wp\/v2\/posts\/64511","targetHints":{"allow":["GET"]}}],"collection":[{"href":"https:\/\/blogdoeloiltoncajuhy.com.br\/site\/wp-json\/wp\/v2\/posts"}],"about":[{"href":"https:\/\/blogdoeloiltoncajuhy.com.br\/site\/wp-json\/wp\/v2\/types\/post"}],"author":[{"embeddable":true,"href":"https:\/\/blogdoeloiltoncajuhy.com.br\/site\/wp-json\/wp\/v2\/users\/2"}],"replies":[{"embeddable":true,"href":"https:\/\/blogdoeloiltoncajuhy.com.br\/site\/wp-json\/wp\/v2\/comments?post=64511"}],"version-history":[{"count":1,"href":"https:\/\/blogdoeloiltoncajuhy.com.br\/site\/wp-json\/wp\/v2\/posts\/64511\/revisions"}],"predecessor-version":[{"id":64513,"href":"https:\/\/blogdoeloiltoncajuhy.com.br\/site\/wp-json\/wp\/v2\/posts\/64511\/revisions\/64513"}],"wp:featuredmedia":[{"embeddable":true,"href":"https:\/\/blogdoeloiltoncajuhy.com.br\/site\/wp-json\/wp\/v2\/media\/64512"}],"wp:attachment":[{"href":"https:\/\/blogdoeloiltoncajuhy.com.br\/site\/wp-json\/wp\/v2\/media?parent=64511"}],"wp:term":[{"taxonomy":"category","embeddable":true,"href":"https:\/\/blogdoeloiltoncajuhy.com.br\/site\/wp-json\/wp\/v2\/categories?post=64511"},{"taxonomy":"post_tag","embeddable":true,"href":"https:\/\/blogdoeloiltoncajuhy.com.br\/site\/wp-json\/wp\/v2\/tags?post=64511"}],"curies":[{"name":"wp","href":"https:\/\/api.w.org\/{rel}","templated":true}]}}