{"id":64499,"date":"2022-04-26T13:14:16","date_gmt":"2022-04-26T16:14:16","guid":{"rendered":"http:\/\/blogdoeloiltoncajuhy.com.br\/site\/?p=64499"},"modified":"2022-04-26T13:14:18","modified_gmt":"2022-04-26T16:14:18","slug":"respiradores-rui-defende-investigacao-e-diz-que-iniciativa-partiu-do-governo-do-estado","status":"publish","type":"post","link":"https:\/\/blogdoeloiltoncajuhy.com.br\/site\/respiradores-rui-defende-investigacao-e-diz-que-iniciativa-partiu-do-governo-do-estado\/","title":{"rendered":"Respiradores: Rui defende investiga\u00e7\u00e3o e diz que iniciativa partiu do Governo do Estado"},"content":{"rendered":"\n<p><strong>Secom\/BA<\/strong><\/p>\n\n\n\n<div class=\"wp-block-image\"><figure class=\"aligncenter size-large\"><a href=\"https:\/\/i0.wp.com\/blogdoeloiltoncajuhy.com.br\/site\/wp-content\/uploads\/2021\/04\/RuiMascara.jpg\"><img data-recalc-dims=\"1\" fetchpriority=\"high\" decoding=\"async\" width=\"800\" height=\"376\" src=\"https:\/\/i0.wp.com\/blogdoeloiltoncajuhy.com.br\/site\/wp-content\/uploads\/2021\/04\/RuiMascara.jpg?resize=800%2C376\" alt=\"\" class=\"wp-image-55251\" srcset=\"https:\/\/i0.wp.com\/blogdoeloiltoncajuhy.com.br\/site\/wp-content\/uploads\/2021\/04\/RuiMascara.jpg?resize=1024%2C481&amp;ssl=1 1024w, https:\/\/i0.wp.com\/blogdoeloiltoncajuhy.com.br\/site\/wp-content\/uploads\/2021\/04\/RuiMascara.jpg?resize=300%2C141&amp;ssl=1 300w, https:\/\/i0.wp.com\/blogdoeloiltoncajuhy.com.br\/site\/wp-content\/uploads\/2021\/04\/RuiMascara.jpg?resize=768%2C361&amp;ssl=1 768w, https:\/\/i0.wp.com\/blogdoeloiltoncajuhy.com.br\/site\/wp-content\/uploads\/2021\/04\/RuiMascara.jpg?resize=1536%2C722&amp;ssl=1 1536w, https:\/\/i0.wp.com\/blogdoeloiltoncajuhy.com.br\/site\/wp-content\/uploads\/2021\/04\/RuiMascara.jpg?w=1600&amp;ssl=1 1600w\" sizes=\"(max-width: 800px) 100vw, 800px\" \/><\/a><figcaption><sub>Foto: Divulga\u00e7\u00e3o\/GOVBA<\/sub><\/figcaption><\/figure><\/div>\n\n\n\n<p>O governador Rui Costa reafirmou nesta ter\u00e7a (26) que partiu do Governo do Estado, ainda em meados de 2020, a iniciativa de determinar a rigorosa investiga\u00e7\u00e3o sobre as poss\u00edveis irregularidades na venda de respiradores da empresa HempCare, durante a pandemia. O trabalho da Pol\u00edcia Civil da Bahia levou \u00e0 pris\u00e3o dos s\u00f3cios e apontou a fraude praticada, mas os propriet\u00e1rios acabaram soltos depois de ordem judicial.<\/p>\n\n\n\n<p>Foram expedidos pela Justi\u00e7a 15 mandados de busca e apreens\u00e3o cumpridos em Salvador, S\u00e3o Paulo, Rio de Janeiro, Bras\u00edlia e Araraquara. A suposta liga\u00e7\u00e3o da HempCare com o grupo Biogeoenergy, que tem entre suas empresas uma suposta fabricante de respiradores.<\/p>\n\n\n\n<p>Os agentes n\u00e3o encontraram nenhum respirador, nem chin\u00eas nem brasileiro, constatando a fraude e desmascarando a vers\u00e3o que a empresa alegava de entregar modelos nacionais e n\u00e3o os aparelhos chineses.<\/p>\n\n\n\n<figure class=\"wp-block-audio\"><audio controls src=\"http:\/\/blogdoeloiltoncajuhy.com.br\/site\/wp-content\/uploads\/2022\/04\/Rui-Costa_Respiradores_26042022.mp3\"><\/audio><figcaption>Ou\u00e7a o Governador Rui Costa<\/figcaption><\/figure>\n","protected":false},"excerpt":{"rendered":"<p>Secom\/BA O governador Rui Costa reafirmou nesta ter\u00e7a (26) que partiu do Governo do Estado, ainda em meados de 2020, a iniciativa de determinar a rigorosa investiga\u00e7\u00e3o sobre as poss\u00edveis irregularidades na venda de respiradores da empresa HempCare, durante a pandemia. O trabalho da Pol\u00edcia Civil da Bahia levou \u00e0 pris\u00e3o dos s\u00f3cios e apontou [&hellip;]<\/p>\n","protected":false},"author":2,"featured_media":44630,"comment_status":"open","ping_status":"open","sticky":false,"template":"","format":"standard","meta":{"_acf_changed":false,"_monsterinsights_skip_tracking":false,"_monsterinsights_sitenote_active":false,"_monsterinsights_sitenote_note":"","_monsterinsights_sitenote_category":0,"_jetpack_memberships_contains_paid_content":false,"footnotes":"","jetpack_publicize_message":"","jetpack_publicize_feature_enabled":true,"jetpack_social_post_already_shared":true,"jetpack_social_options":{"image_generator_settings":{"template":"highway","default_image_id":0,"font":"","enabled":false},"version":2}},"categories":[3],"tags":[],"class_list":["post-64499","post","type-post","status-publish","format-standard","has-post-thumbnail","hentry","category-politica"],"acf":[],"jetpack_publicize_connections":[],"jetpack_featured_media_url":"https:\/\/i0.wp.com\/blogdoeloiltoncajuhy.com.br\/site\/wp-content\/uploads\/2020\/06\/Rui-02.06.2020.jpg?fit=380%2C280&ssl=1","jetpack_sharing_enabled":true,"publishpress_future_workflow_manual_trigger":{"enabledWorkflows":[]},"_links":{"self":[{"href":"https:\/\/blogdoeloiltoncajuhy.com.br\/site\/wp-json\/wp\/v2\/posts\/64499","targetHints":{"allow":["GET"]}}],"collection":[{"href":"https:\/\/blogdoeloiltoncajuhy.com.br\/site\/wp-json\/wp\/v2\/posts"}],"about":[{"href":"https:\/\/blogdoeloiltoncajuhy.com.br\/site\/wp-json\/wp\/v2\/types\/post"}],"author":[{"embeddable":true,"href":"https:\/\/blogdoeloiltoncajuhy.com.br\/site\/wp-json\/wp\/v2\/users\/2"}],"replies":[{"embeddable":true,"href":"https:\/\/blogdoeloiltoncajuhy.com.br\/site\/wp-json\/wp\/v2\/comments?post=64499"}],"version-history":[{"count":1,"href":"https:\/\/blogdoeloiltoncajuhy.com.br\/site\/wp-json\/wp\/v2\/posts\/64499\/revisions"}],"predecessor-version":[{"id":64501,"href":"https:\/\/blogdoeloiltoncajuhy.com.br\/site\/wp-json\/wp\/v2\/posts\/64499\/revisions\/64501"}],"wp:featuredmedia":[{"embeddable":true,"href":"https:\/\/blogdoeloiltoncajuhy.com.br\/site\/wp-json\/wp\/v2\/media\/44630"}],"wp:attachment":[{"href":"https:\/\/blogdoeloiltoncajuhy.com.br\/site\/wp-json\/wp\/v2\/media?parent=64499"}],"wp:term":[{"taxonomy":"category","embeddable":true,"href":"https:\/\/blogdoeloiltoncajuhy.com.br\/site\/wp-json\/wp\/v2\/categories?post=64499"},{"taxonomy":"post_tag","embeddable":true,"href":"https:\/\/blogdoeloiltoncajuhy.com.br\/site\/wp-json\/wp\/v2\/tags?post=64499"}],"curies":[{"name":"wp","href":"https:\/\/api.w.org\/{rel}","templated":true}]}}