{"id":64496,"date":"2022-04-26T10:15:46","date_gmt":"2022-04-26T13:15:46","guid":{"rendered":"http:\/\/blogdoeloiltoncajuhy.com.br\/site\/?p=64496"},"modified":"2022-04-26T10:15:48","modified_gmt":"2022-04-26T13:15:48","slug":"wagner-pavimentou-um-caminho-rui-acelerou-e-com-jeronimo-estamos-prontos-para-decolar-afirma-presidente-do-pt","status":"publish","type":"post","link":"https:\/\/blogdoeloiltoncajuhy.com.br\/site\/wagner-pavimentou-um-caminho-rui-acelerou-e-com-jeronimo-estamos-prontos-para-decolar-afirma-presidente-do-pt\/","title":{"rendered":"\u201cWagner pavimentou um caminho, Rui acelerou e com Jer\u00f4nimo estamos prontos para decolar\u201d, afirma presidente do PT"},"content":{"rendered":"\n<p><strong>Ascom PT Bahia<\/strong><\/p>\n\n\n\n<div class=\"wp-block-image\"><figure class=\"aligncenter size-large is-resized\"><a href=\"https:\/\/i0.wp.com\/blogdoeloiltoncajuhy.com.br\/site\/wp-content\/uploads\/2022\/04\/EDEN-VALADARES-Presidente-PT-26042022.jpeg\"><img data-recalc-dims=\"1\" fetchpriority=\"high\" decoding=\"async\" src=\"https:\/\/i0.wp.com\/blogdoeloiltoncajuhy.com.br\/site\/wp-content\/uploads\/2022\/04\/EDEN-VALADARES-Presidente-PT-26042022.jpeg?resize=768%2C512\" alt=\"\" class=\"wp-image-64497\" width=\"768\" height=\"512\" srcset=\"https:\/\/i0.wp.com\/blogdoeloiltoncajuhy.com.br\/site\/wp-content\/uploads\/2022\/04\/EDEN-VALADARES-Presidente-PT-26042022.jpeg?resize=1024%2C682&amp;ssl=1 1024w, https:\/\/i0.wp.com\/blogdoeloiltoncajuhy.com.br\/site\/wp-content\/uploads\/2022\/04\/EDEN-VALADARES-Presidente-PT-26042022.jpeg?resize=300%2C200&amp;ssl=1 300w, https:\/\/i0.wp.com\/blogdoeloiltoncajuhy.com.br\/site\/wp-content\/uploads\/2022\/04\/EDEN-VALADARES-Presidente-PT-26042022.jpeg?resize=768%2C512&amp;ssl=1 768w, https:\/\/i0.wp.com\/blogdoeloiltoncajuhy.com.br\/site\/wp-content\/uploads\/2022\/04\/EDEN-VALADARES-Presidente-PT-26042022.jpeg?w=1280&amp;ssl=1 1280w\" sizes=\"(max-width: 768px) 100vw, 768px\" \/><\/a><figcaption><sub>Foto: Divulga\u00e7\u00e3o<\/sub><\/figcaption><\/figure><\/div>\n\n\n\n<p>Em entrevista ao Canal Conjuntura Atual, o presidente do Partido dos Trabalhadores da Bahia, \u00c9den Valadares, afirmou que o projeto de democracia, desenvolvimento e inclus\u00e3o social iniciado por Jaques Wagner em 2007 ter\u00e1 continuidade com a elei\u00e7\u00e3o de Jer\u00f4nimo, pr\u00e9-candidato do PT que representa o projeto de futuro do Partido na Bahia.<\/p>\n\n\n\n<p>\u201cWagner pavimentou um caminho, Rui Costa acelerou e com Jer\u00f4nimo estamos prontos para decolar\u201d, afirmou o presidente do PT, ao pontuar a testada lideran\u00e7a pol\u00edtica e capacidade de gest\u00e3o de Jer\u00f4nimo, com suas passagens pelo Minist\u00e9rio do Desenvolvimento Agr\u00e1rio, pela Secretaria Estadual de Desenvolvimento Rural e da Educa\u00e7\u00e3o.<\/p>\n\n\n\n<p>\u201cJer\u00f4nimo \u00e9 algu\u00e9m que apesar dessa bagagem, nunca deixou de lado sua caracter\u00edstica de ouvir, dialogar. Ele re\u00fane as melhores qualidades de Rui, de trabalhar, de apresentar resultado; e de Wagner, de ouvir, de aprender com quem pensa diferente\u201d.<\/p>\n\n\n\n<p>Ao afirmar que havia uma Bahia antes e uma nova Bahia agora com o PT, \u00c9den destacou que reconhece os avan\u00e7os em todos os setores, inclusive na educa\u00e7\u00e3o, desde que as gest\u00f5es petistas assumiram o Estado. \u201cA Bahia \u00e9 um transatl\u00e2ntico que viemos mudando de rumo, que era de concentra\u00e7\u00e3o de riqueza, concentra\u00e7\u00e3o de investimento na Regi\u00e3o Metropolitana, com o interior abandonado. N\u00e3o \u00e9 pouca coisa 3,5 bilh\u00f5es de investimento em infraestrutura nas escolas que estamos fazendo, e a consequ\u00eancia dos \u00edndices de qualidade da educa\u00e7\u00e3o vir\u00e1, assim como a qualifica\u00e7\u00e3o dos professores\u201d.<\/p>\n\n\n\n<p>Durante a pandemia, na gest\u00e3o de Jer\u00f4nimo \u00e0 frente da Secretaria da Educa\u00e7\u00e3o, o Governo do Estado assumiu a responsabilidade de cuidar dos estudantes sem nenhum tipo de ajuda do Governo Federal, afirmou o presidente do PT. \u201cTivemos o programa primeiro emprego, o Bolsa Aux\u00edlio, acolhimento dos estudantes e foi preciso transfer\u00eancia de dinheiro para ajudar as fam\u00edlias a manter os jovens na escola\u201d, disse \u00c9den, ao informar que boa parte dos estudantes do ensino fundamental que s\u00e3o da responsabilidade da prefeitura s\u00e3o acolhidos pelo Governo do Estado. \u201cSabemos o que fizemos, o que precisamos melhorar e agora vamos acelerar mais ainda com Jer\u00f4nimo\u201d.<\/p>\n","protected":false},"excerpt":{"rendered":"<p>Ascom PT Bahia Em entrevista ao Canal Conjuntura Atual, o presidente do Partido dos Trabalhadores da Bahia, \u00c9den Valadares, afirmou que o projeto de democracia, desenvolvimento e inclus\u00e3o social iniciado por Jaques Wagner em 2007 ter\u00e1 continuidade com a elei\u00e7\u00e3o de Jer\u00f4nimo, pr\u00e9-candidato do PT que representa o projeto de futuro do Partido na Bahia. [&hellip;]<\/p>\n","protected":false},"author":2,"featured_media":64497,"comment_status":"open","ping_status":"open","sticky":false,"template":"","format":"standard","meta":{"_acf_changed":false,"_monsterinsights_skip_tracking":false,"_monsterinsights_sitenote_active":false,"_monsterinsights_sitenote_note":"","_monsterinsights_sitenote_category":0,"_jetpack_memberships_contains_paid_content":false,"footnotes":"","jetpack_publicize_message":"","jetpack_publicize_feature_enabled":true,"jetpack_social_post_already_shared":true,"jetpack_social_options":{"image_generator_settings":{"template":"highway","default_image_id":0,"font":"","enabled":false},"version":2}},"categories":[3],"tags":[],"class_list":["post-64496","post","type-post","status-publish","format-standard","has-post-thumbnail","hentry","category-politica"],"acf":[],"jetpack_publicize_connections":[],"jetpack_featured_media_url":"https:\/\/i0.wp.com\/blogdoeloiltoncajuhy.com.br\/site\/wp-content\/uploads\/2022\/04\/EDEN-VALADARES-Presidente-PT-26042022.jpeg?fit=1280%2C853&ssl=1","jetpack_sharing_enabled":true,"publishpress_future_workflow_manual_trigger":{"enabledWorkflows":[]},"_links":{"self":[{"href":"https:\/\/blogdoeloiltoncajuhy.com.br\/site\/wp-json\/wp\/v2\/posts\/64496","targetHints":{"allow":["GET"]}}],"collection":[{"href":"https:\/\/blogdoeloiltoncajuhy.com.br\/site\/wp-json\/wp\/v2\/posts"}],"about":[{"href":"https:\/\/blogdoeloiltoncajuhy.com.br\/site\/wp-json\/wp\/v2\/types\/post"}],"author":[{"embeddable":true,"href":"https:\/\/blogdoeloiltoncajuhy.com.br\/site\/wp-json\/wp\/v2\/users\/2"}],"replies":[{"embeddable":true,"href":"https:\/\/blogdoeloiltoncajuhy.com.br\/site\/wp-json\/wp\/v2\/comments?post=64496"}],"version-history":[{"count":1,"href":"https:\/\/blogdoeloiltoncajuhy.com.br\/site\/wp-json\/wp\/v2\/posts\/64496\/revisions"}],"predecessor-version":[{"id":64498,"href":"https:\/\/blogdoeloiltoncajuhy.com.br\/site\/wp-json\/wp\/v2\/posts\/64496\/revisions\/64498"}],"wp:featuredmedia":[{"embeddable":true,"href":"https:\/\/blogdoeloiltoncajuhy.com.br\/site\/wp-json\/wp\/v2\/media\/64497"}],"wp:attachment":[{"href":"https:\/\/blogdoeloiltoncajuhy.com.br\/site\/wp-json\/wp\/v2\/media?parent=64496"}],"wp:term":[{"taxonomy":"category","embeddable":true,"href":"https:\/\/blogdoeloiltoncajuhy.com.br\/site\/wp-json\/wp\/v2\/categories?post=64496"},{"taxonomy":"post_tag","embeddable":true,"href":"https:\/\/blogdoeloiltoncajuhy.com.br\/site\/wp-json\/wp\/v2\/tags?post=64496"}],"curies":[{"name":"wp","href":"https:\/\/api.w.org\/{rel}","templated":true}]}}