{"id":64490,"date":"2022-04-26T09:30:04","date_gmt":"2022-04-26T12:30:04","guid":{"rendered":"http:\/\/blogdoeloiltoncajuhy.com.br\/site\/?p=64490"},"modified":"2022-04-26T09:30:05","modified_gmt":"2022-04-26T12:30:05","slug":"operacao-desarticula-entrada-de-drogas-e-celulares-em-presidios","status":"publish","type":"post","link":"https:\/\/blogdoeloiltoncajuhy.com.br\/site\/operacao-desarticula-entrada-de-drogas-e-celulares-em-presidios\/","title":{"rendered":"Opera\u00e7\u00e3o desarticula entrada de drogas e celulares em pres\u00eddios"},"content":{"rendered":"\n<p class=\"has-text-align-center\"><em>Durante as a\u00e7\u00f5es, tr\u00eas criminosos entraram em confronto com policiais e acabaram morrendo<\/em><\/p>\n\n\n\n<p><strong>Por A Tarde<\/strong><\/p>\n\n\n\n<div class=\"wp-block-image\"><figure class=\"aligncenter size-full\"><a href=\"https:\/\/i0.wp.com\/blogdoeloiltoncajuhy.com.br\/site\/wp-content\/uploads\/2022\/04\/PC_Operacao-Disciplina-26042022.webp\"><img data-recalc-dims=\"1\" fetchpriority=\"high\" decoding=\"async\" width=\"750\" height=\"500\" src=\"https:\/\/i0.wp.com\/blogdoeloiltoncajuhy.com.br\/site\/wp-content\/uploads\/2022\/04\/PC_Operacao-Disciplina-26042022.webp?resize=750%2C500\" alt=\"\" class=\"wp-image-64491\" srcset=\"https:\/\/i0.wp.com\/blogdoeloiltoncajuhy.com.br\/site\/wp-content\/uploads\/2022\/04\/PC_Operacao-Disciplina-26042022.webp?w=750&amp;ssl=1 750w, https:\/\/i0.wp.com\/blogdoeloiltoncajuhy.com.br\/site\/wp-content\/uploads\/2022\/04\/PC_Operacao-Disciplina-26042022.webp?resize=300%2C200&amp;ssl=1 300w\" sizes=\"(max-width: 750px) 100vw, 750px\" \/><\/a><figcaption><sub>Opera\u00e7\u00e3o cumpriu 11 mandados e efetuou uma pris\u00e3o em flagrante &#8211; Foto: Ascom | PC-BA<\/sub><\/figcaption><\/figure><\/div>\n\n\n\n<p>Foi deflagrada na manh\u00e3 desta ter\u00e7a-feira, 26, pela Coordena\u00e7\u00e3o de Narc\u00f3ticos, do Departamento de Repress\u00e3o e Combate ao Crime Organizado (Draco) da Pol\u00edcia Civil, em Salvador e em Cama\u00e7ari, a Opera\u00e7\u00e3o Disciplina. A a\u00e7\u00e3o cumpriu 11 mandados e efetuou uma pris\u00e3o em flagrante na capital e nas regi\u00f5es de Vila de Abrantes e Cama\u00e7ari, na Regi\u00e3o Metropolitana de Salvador.<\/p>\n\n\n\n<p>Segundo a Pol\u00edcia Civil, durante a opera\u00e7\u00e3o, tr\u00eas criminosos entraram em confronto com os policiais. Eles foram atingidos por disparos de arma de fogo e socorridos para unidades de sa\u00fade, mas n\u00e3o resistiram. Entre os alvos, est\u00e3o envolvidos com as mortes do percussionista Renato Santos Evangelista Sobrinho, ocorrido em dezembro de 2021, e do guarda municipal Tiago Duarte Banhara, em fevereiro deste ano.<\/p>\n\n\n\n<p>Respons\u00e1vel pela opera\u00e7\u00e3o, o delegado Yves Correia detalhou a desmontagem de um esquema em unidades prisionais. &#8220;Com o cumprimento de alguns mandados e algumas pris\u00f5es, desarticulamos a pr\u00e1tica organizada de facilita\u00e7\u00e3o de entrada de drogas e aparelhos celulares em pres\u00eddios&#8221;, contou. Durante as a\u00e7\u00f5es, 22 mandados de busca e apreens\u00e3o s\u00e3o cumpridos.<\/p>\n\n\n\n<p>Participam das a\u00e7\u00f5es cerca de 200 policiais dos Departamentos de Homic\u00eddios e Prote\u00e7\u00e3o a Pessoa (DHPP), de Pol\u00edcia Metropolitana (Depom), de Crimes Contra o Patrim\u00f4nio (DCCP), de Intelig\u00eancia Policial (DIP), de Pol\u00edcia do Interior (Depin) e a Coordena\u00e7\u00f5es de Opera\u00e7\u00f5es Especiais (COE).<\/p>\n","protected":false},"excerpt":{"rendered":"<p>Durante as a\u00e7\u00f5es, tr\u00eas criminosos entraram em confronto com policiais e acabaram morrendo Por A Tarde Foi deflagrada na manh\u00e3 desta ter\u00e7a-feira, 26, pela Coordena\u00e7\u00e3o de Narc\u00f3ticos, do Departamento de Repress\u00e3o e Combate ao Crime Organizado (Draco) da Pol\u00edcia Civil, em Salvador e em Cama\u00e7ari, a Opera\u00e7\u00e3o Disciplina. A a\u00e7\u00e3o cumpriu 11 mandados e efetuou [&hellip;]<\/p>\n","protected":false},"author":2,"featured_media":64491,"comment_status":"open","ping_status":"open","sticky":false,"template":"","format":"standard","meta":{"_acf_changed":false,"_monsterinsights_skip_tracking":false,"_monsterinsights_sitenote_active":false,"_monsterinsights_sitenote_note":"","_monsterinsights_sitenote_category":0,"_jetpack_memberships_contains_paid_content":false,"footnotes":"","jetpack_publicize_message":"","jetpack_publicize_feature_enabled":true,"jetpack_social_post_already_shared":true,"jetpack_social_options":{"image_generator_settings":{"template":"highway","default_image_id":0,"font":"","enabled":false},"version":2}},"categories":[15],"tags":[],"class_list":["post-64490","post","type-post","status-publish","format-standard","has-post-thumbnail","hentry","category-policia"],"acf":[],"jetpack_publicize_connections":[],"jetpack_featured_media_url":"https:\/\/i0.wp.com\/blogdoeloiltoncajuhy.com.br\/site\/wp-content\/uploads\/2022\/04\/PC_Operacao-Disciplina-26042022.webp?fit=750%2C500&ssl=1","jetpack_sharing_enabled":true,"publishpress_future_workflow_manual_trigger":{"enabledWorkflows":[]},"_links":{"self":[{"href":"https:\/\/blogdoeloiltoncajuhy.com.br\/site\/wp-json\/wp\/v2\/posts\/64490","targetHints":{"allow":["GET"]}}],"collection":[{"href":"https:\/\/blogdoeloiltoncajuhy.com.br\/site\/wp-json\/wp\/v2\/posts"}],"about":[{"href":"https:\/\/blogdoeloiltoncajuhy.com.br\/site\/wp-json\/wp\/v2\/types\/post"}],"author":[{"embeddable":true,"href":"https:\/\/blogdoeloiltoncajuhy.com.br\/site\/wp-json\/wp\/v2\/users\/2"}],"replies":[{"embeddable":true,"href":"https:\/\/blogdoeloiltoncajuhy.com.br\/site\/wp-json\/wp\/v2\/comments?post=64490"}],"version-history":[{"count":1,"href":"https:\/\/blogdoeloiltoncajuhy.com.br\/site\/wp-json\/wp\/v2\/posts\/64490\/revisions"}],"predecessor-version":[{"id":64492,"href":"https:\/\/blogdoeloiltoncajuhy.com.br\/site\/wp-json\/wp\/v2\/posts\/64490\/revisions\/64492"}],"wp:featuredmedia":[{"embeddable":true,"href":"https:\/\/blogdoeloiltoncajuhy.com.br\/site\/wp-json\/wp\/v2\/media\/64491"}],"wp:attachment":[{"href":"https:\/\/blogdoeloiltoncajuhy.com.br\/site\/wp-json\/wp\/v2\/media?parent=64490"}],"wp:term":[{"taxonomy":"category","embeddable":true,"href":"https:\/\/blogdoeloiltoncajuhy.com.br\/site\/wp-json\/wp\/v2\/categories?post=64490"},{"taxonomy":"post_tag","embeddable":true,"href":"https:\/\/blogdoeloiltoncajuhy.com.br\/site\/wp-json\/wp\/v2\/tags?post=64490"}],"curies":[{"name":"wp","href":"https:\/\/api.w.org\/{rel}","templated":true}]}}