{"id":64488,"date":"2022-04-26T08:53:07","date_gmt":"2022-04-26T11:53:07","guid":{"rendered":"http:\/\/blogdoeloiltoncajuhy.com.br\/site\/?p=64488"},"modified":"2022-04-26T08:53:09","modified_gmt":"2022-04-26T11:53:09","slug":"arma-do-ex-ministro-da-educacao-milton-ribeiro-dispara-no-aeroporto-de-brasilia","status":"publish","type":"post","link":"https:\/\/blogdoeloiltoncajuhy.com.br\/site\/arma-do-ex-ministro-da-educacao-milton-ribeiro-dispara-no-aeroporto-de-brasilia\/","title":{"rendered":"Arma do ex-ministro da Educa\u00e7\u00e3o, Milton Ribeiro, dispara no Aeroporto de Bras\u00edlia"},"content":{"rendered":"\n<p><strong>Por Isto \u00c9<\/strong><\/p>\n\n\n\n<div class=\"wp-block-image\"><figure class=\"aligncenter size-full\"><a href=\"https:\/\/i0.wp.com\/blogdoeloiltoncajuhy.com.br\/site\/wp-content\/uploads\/2021\/09\/Milton-Ribeiro.jpg\"><img data-recalc-dims=\"1\" fetchpriority=\"high\" decoding=\"async\" width=\"675\" height=\"450\" src=\"https:\/\/i0.wp.com\/blogdoeloiltoncajuhy.com.br\/site\/wp-content\/uploads\/2021\/09\/Milton-Ribeiro.jpg?resize=675%2C450\" alt=\"\" class=\"wp-image-59242\" srcset=\"https:\/\/i0.wp.com\/blogdoeloiltoncajuhy.com.br\/site\/wp-content\/uploads\/2021\/09\/Milton-Ribeiro.jpg?w=675&amp;ssl=1 675w, https:\/\/i0.wp.com\/blogdoeloiltoncajuhy.com.br\/site\/wp-content\/uploads\/2021\/09\/Milton-Ribeiro.jpg?resize=300%2C200&amp;ssl=1 300w\" sizes=\"(max-width: 675px) 100vw, 675px\" \/><\/a><\/figure><\/div>\n\n\n\n<p>Uma arma de fogo do ex-ministro da Educa\u00e7\u00e3o Milton Ribeiro disparou, acidentalmente, na tarde desta segunda-feira (25), no Aeroporto de Bras\u00edlia. De acordo com informa\u00e7\u00e3o de \u2018O Globo\u2019 o caso ocorreu por volta das 17h. Ele embarcaria em um voo com partida \u00e0s 19h50 para S\u00e3o Paulo.<\/p>\n\n\n\n<p>Segundo a TV Globo, uma funcion\u00e1ria da Gol acabou ficando com ferimentos leves causados por estilha\u00e7os. Milton foi levado \u00e0 Superintend\u00eancia da Pol\u00edcia Federal do Distrito Federal, onde prestou esclarecimentos sobre o epis\u00f3dio.<\/p>\n\n\n\n<p>\u201cEla est\u00e1 super bem. N\u00e3o houve qualquer ferimento grave, ela foi atingida por estilha\u00e7os. N\u00f3s estamos dando todo o suporte para a colaboradora\u201d, disse a empresa \u00e0 Globo. Segundo a Gol, a funcion\u00e1ria, que n\u00e3o teve seu nome revelado, \u201cn\u00e3o precisou ir ao hospital ou levar pontos. Ela teve atendimento no aeroporto, j\u00e1 que estava bem. O que ocorreu foi mais o susto do caso mesmo\u201d.<\/p>\n\n\n\n<p>O ex-ministro declarou que, \u201ccomo j\u00e1 havia feito o \u2018despacho de arma de fogo\u2019 pela internet se dirigiu diretamente ao balc\u00e3o da companhia a\u00e9rea Latam, por volta das 17h; que ao abrir sua pasta de documentos pegou a sua arma para separ\u00e1-la do carregador, dentro da pr\u00f3pria pasta, momento em que ocorreu o disparo acidental\u201d.<\/p>\n\n\n\n<p>Ribeiro alegou que, como havia outros objetos dentro da pasta, o local ficou pequeno para manusear sua arma. \u201cO declarante, com medo de expor sua arma de fogo publicamente no balc\u00e3o, tentou desmunici\u00e1-la dentro da pasta, ocasi\u00e3o em que ocorreu o disparo acidental\u201d.<\/p>\n\n\n\n<p>Em seu depoimento \u00e0 PF, o ex-ministro afirmou que a bala atravessou o coldre de sua pasta, se espalhando pelo ch\u00e3o. Ribeiro disse que a \u00fanica pessoa que estava por perto no momento era a atendente da Latam. De acordo com o depoimento, ap\u00f3s o acontecido, \u201co pr\u00f3prio declarante indagou as pessoas que foram ao local do incidente se algu\u00e9m havia sido atingido pelos estilha\u00e7os; momento em que n\u00e3o apareceu qualquer v\u00edtima\u201d.<\/p>\n","protected":false},"excerpt":{"rendered":"<p>Por Isto \u00c9 Uma arma de fogo do ex-ministro da Educa\u00e7\u00e3o Milton Ribeiro disparou, acidentalmente, na tarde desta segunda-feira (25), no Aeroporto de Bras\u00edlia. De acordo com informa\u00e7\u00e3o de \u2018O Globo\u2019 o caso ocorreu por volta das 17h. Ele embarcaria em um voo com partida \u00e0s 19h50 para S\u00e3o Paulo. Segundo a TV Globo, uma [&hellip;]<\/p>\n","protected":false},"author":2,"featured_media":59242,"comment_status":"open","ping_status":"open","sticky":false,"template":"","format":"standard","meta":{"_acf_changed":false,"_monsterinsights_skip_tracking":false,"_monsterinsights_sitenote_active":false,"_monsterinsights_sitenote_note":"","_monsterinsights_sitenote_category":0,"_jetpack_memberships_contains_paid_content":false,"footnotes":"","jetpack_publicize_message":"","jetpack_publicize_feature_enabled":true,"jetpack_social_post_already_shared":true,"jetpack_social_options":{"image_generator_settings":{"template":"highway","default_image_id":0,"font":"","enabled":false},"version":2}},"categories":[5],"tags":[],"class_list":["post-64488","post","type-post","status-publish","format-standard","has-post-thumbnail","hentry","category-cotidiano"],"acf":[],"jetpack_publicize_connections":[],"jetpack_featured_media_url":"https:\/\/i0.wp.com\/blogdoeloiltoncajuhy.com.br\/site\/wp-content\/uploads\/2021\/09\/Milton-Ribeiro.jpg?fit=675%2C450&ssl=1","jetpack_sharing_enabled":true,"publishpress_future_workflow_manual_trigger":{"enabledWorkflows":[]},"_links":{"self":[{"href":"https:\/\/blogdoeloiltoncajuhy.com.br\/site\/wp-json\/wp\/v2\/posts\/64488","targetHints":{"allow":["GET"]}}],"collection":[{"href":"https:\/\/blogdoeloiltoncajuhy.com.br\/site\/wp-json\/wp\/v2\/posts"}],"about":[{"href":"https:\/\/blogdoeloiltoncajuhy.com.br\/site\/wp-json\/wp\/v2\/types\/post"}],"author":[{"embeddable":true,"href":"https:\/\/blogdoeloiltoncajuhy.com.br\/site\/wp-json\/wp\/v2\/users\/2"}],"replies":[{"embeddable":true,"href":"https:\/\/blogdoeloiltoncajuhy.com.br\/site\/wp-json\/wp\/v2\/comments?post=64488"}],"version-history":[{"count":1,"href":"https:\/\/blogdoeloiltoncajuhy.com.br\/site\/wp-json\/wp\/v2\/posts\/64488\/revisions"}],"predecessor-version":[{"id":64489,"href":"https:\/\/blogdoeloiltoncajuhy.com.br\/site\/wp-json\/wp\/v2\/posts\/64488\/revisions\/64489"}],"wp:featuredmedia":[{"embeddable":true,"href":"https:\/\/blogdoeloiltoncajuhy.com.br\/site\/wp-json\/wp\/v2\/media\/59242"}],"wp:attachment":[{"href":"https:\/\/blogdoeloiltoncajuhy.com.br\/site\/wp-json\/wp\/v2\/media?parent=64488"}],"wp:term":[{"taxonomy":"category","embeddable":true,"href":"https:\/\/blogdoeloiltoncajuhy.com.br\/site\/wp-json\/wp\/v2\/categories?post=64488"},{"taxonomy":"post_tag","embeddable":true,"href":"https:\/\/blogdoeloiltoncajuhy.com.br\/site\/wp-json\/wp\/v2\/tags?post=64488"}],"curies":[{"name":"wp","href":"https:\/\/api.w.org\/{rel}","templated":true}]}}