{"id":63455,"date":"2022-03-11T20:57:31","date_gmt":"2022-03-11T23:57:31","guid":{"rendered":"http:\/\/blogdoeloiltoncajuhy.com.br\/site\/?p=63455"},"modified":"2022-03-11T20:57:33","modified_gmt":"2022-03-11T23:57:33","slug":"justica-da-72-horas-para-governo-explicar-alta-no-preco-dos-combustiveis","status":"publish","type":"post","link":"https:\/\/blogdoeloiltoncajuhy.com.br\/site\/justica-da-72-horas-para-governo-explicar-alta-no-preco-dos-combustiveis\/","title":{"rendered":"Justi\u00e7a d\u00e1 72 horas para governo explicar alta no pre\u00e7o dos combust\u00edveis"},"content":{"rendered":"\n<p class=\"has-text-align-center\"><em>A\u00e7\u00e3o civil p\u00fablica foi ajuizada, no Distrito Federal, pelo Conselho Nacional do Transporte de Cargas, sindicatos e Frente Parlamentar Mista do Caminhoneiro Aut\u00f4nomo e Celetista.<\/em><\/p>\n\n\n\n<p><strong>Por Caroline Cintra, g1 DF<\/strong><\/p>\n\n\n\n<div class=\"wp-block-image\"><figure class=\"aligncenter size-full is-resized\"><a href=\"https:\/\/i0.wp.com\/blogdoeloiltoncajuhy.com.br\/site\/wp-content\/uploads\/2016\/09\/pre%C3%A7o-gasolina.jpg\"><img data-recalc-dims=\"1\" fetchpriority=\"high\" decoding=\"async\" src=\"https:\/\/i0.wp.com\/blogdoeloiltoncajuhy.com.br\/site\/wp-content\/uploads\/2016\/09\/pre%C3%A7o-gasolina.jpg?resize=638%2C420\" alt=\"\" class=\"wp-image-12444\" width=\"638\" height=\"420\" srcset=\"https:\/\/i0.wp.com\/blogdoeloiltoncajuhy.com.br\/site\/wp-content\/uploads\/2016\/09\/pre%C3%A7o-gasolina.jpg?w=984&amp;ssl=1 984w, https:\/\/i0.wp.com\/blogdoeloiltoncajuhy.com.br\/site\/wp-content\/uploads\/2016\/09\/pre%C3%A7o-gasolina.jpg?resize=300%2C198&amp;ssl=1 300w, https:\/\/i0.wp.com\/blogdoeloiltoncajuhy.com.br\/site\/wp-content\/uploads\/2016\/09\/pre%C3%A7o-gasolina.jpg?resize=768%2C506&amp;ssl=1 768w, https:\/\/i0.wp.com\/blogdoeloiltoncajuhy.com.br\/site\/wp-content\/uploads\/2016\/09\/pre%C3%A7o-gasolina.jpg?resize=250%2C165&amp;ssl=1 250w\" sizes=\"(max-width: 638px) 100vw, 638px\" \/><\/a><\/figure><\/div>\n\n\n\n<p>A ju\u00edza Fl\u00e1via de Mac\u00eado Nolasco, da 9\u00aa Vara Federal de Bras\u00edlia, deu um prazo de 72 horas para que o governo federal se manifeste sobre o aumento do pre\u00e7o dos combust\u00edveis anunciado na quinta-feira (10), pela Petrobras, e que passou a valer nesta sexta (11).<\/p>\n\n\n\n<p>A a\u00e7\u00e3o civil p\u00fablica foi ajuizada pelo Conselho Nacional do Transporte de Cargas (CNTRC), Sindicatos dos Transportadores Aut\u00f4nomos de Cargas de Guarulhos e de Jundia\u00ed e pela Frente Parlamentar Mista do Caminhoneiro Aut\u00f4nomo e Celetista, que re\u00fane 235 deputados e 22 senadores.<\/p>\n\n\n\n<p>O despacho com o pedido de informa\u00e7\u00f5es para que a Justi\u00e7a Federal decida sobre a liminar foi feito nesta sexta-feira. O prazo para que o governo e a Petrobras se pronunciem termina na segunda-feira (14).<\/p>\n\n\n\n<p class=\"has-black-color has-text-color\"><strong>As entidades pedem a suspens\u00e3o imediata do reajuste nos combust\u00edveis e g\u00e1s de cozinha:<\/strong><\/p>\n\n\n\n<ul class=\"wp-block-list\"><li><strong>18,8%<\/strong> de aumento na gasolina<br><\/li><\/ul>\n\n\n\n<ul class=\"wp-block-list\"><li><strong>24,9%<\/strong> de aumento no litro do diesel<br><\/li><\/ul>\n\n\n\n<ul class=\"wp-block-list\"><li><strong>16,1%<\/strong> de aumento no g\u00e1s de cozinha vendidos \u00e0s distribuidoras<\/li><\/ul>\n","protected":false},"excerpt":{"rendered":"<p>A\u00e7\u00e3o civil p\u00fablica foi ajuizada, no Distrito Federal, pelo Conselho Nacional do Transporte de Cargas, sindicatos e Frente Parlamentar Mista do Caminhoneiro Aut\u00f4nomo e Celetista. Por Caroline Cintra, g1 DF A ju\u00edza Fl\u00e1via de Mac\u00eado Nolasco, da 9\u00aa Vara Federal de Bras\u00edlia, deu um prazo de 72 horas para que o governo federal se manifeste [&hellip;]<\/p>\n","protected":false},"author":2,"featured_media":12444,"comment_status":"open","ping_status":"open","sticky":false,"template":"","format":"standard","meta":{"_acf_changed":false,"_monsterinsights_skip_tracking":false,"_monsterinsights_sitenote_active":false,"_monsterinsights_sitenote_note":"","_monsterinsights_sitenote_category":0,"_jetpack_memberships_contains_paid_content":false,"footnotes":"","jetpack_publicize_message":"","jetpack_publicize_feature_enabled":true,"jetpack_social_post_already_shared":true,"jetpack_social_options":{"image_generator_settings":{"template":"highway","default_image_id":0,"font":"","enabled":false},"version":2}},"categories":[1],"tags":[],"class_list":["post-63455","post","type-post","status-publish","format-standard","has-post-thumbnail","hentry","category-noticias"],"acf":[],"jetpack_publicize_connections":[],"jetpack_featured_media_url":"https:\/\/i0.wp.com\/blogdoeloiltoncajuhy.com.br\/site\/wp-content\/uploads\/2016\/09\/pre%C3%A7o-gasolina.jpg?fit=984%2C648&ssl=1","jetpack_sharing_enabled":true,"publishpress_future_workflow_manual_trigger":{"enabledWorkflows":[]},"_links":{"self":[{"href":"https:\/\/blogdoeloiltoncajuhy.com.br\/site\/wp-json\/wp\/v2\/posts\/63455","targetHints":{"allow":["GET"]}}],"collection":[{"href":"https:\/\/blogdoeloiltoncajuhy.com.br\/site\/wp-json\/wp\/v2\/posts"}],"about":[{"href":"https:\/\/blogdoeloiltoncajuhy.com.br\/site\/wp-json\/wp\/v2\/types\/post"}],"author":[{"embeddable":true,"href":"https:\/\/blogdoeloiltoncajuhy.com.br\/site\/wp-json\/wp\/v2\/users\/2"}],"replies":[{"embeddable":true,"href":"https:\/\/blogdoeloiltoncajuhy.com.br\/site\/wp-json\/wp\/v2\/comments?post=63455"}],"version-history":[{"count":1,"href":"https:\/\/blogdoeloiltoncajuhy.com.br\/site\/wp-json\/wp\/v2\/posts\/63455\/revisions"}],"predecessor-version":[{"id":63456,"href":"https:\/\/blogdoeloiltoncajuhy.com.br\/site\/wp-json\/wp\/v2\/posts\/63455\/revisions\/63456"}],"wp:featuredmedia":[{"embeddable":true,"href":"https:\/\/blogdoeloiltoncajuhy.com.br\/site\/wp-json\/wp\/v2\/media\/12444"}],"wp:attachment":[{"href":"https:\/\/blogdoeloiltoncajuhy.com.br\/site\/wp-json\/wp\/v2\/media?parent=63455"}],"wp:term":[{"taxonomy":"category","embeddable":true,"href":"https:\/\/blogdoeloiltoncajuhy.com.br\/site\/wp-json\/wp\/v2\/categories?post=63455"},{"taxonomy":"post_tag","embeddable":true,"href":"https:\/\/blogdoeloiltoncajuhy.com.br\/site\/wp-json\/wp\/v2\/tags?post=63455"}],"curies":[{"name":"wp","href":"https:\/\/api.w.org\/{rel}","templated":true}]}}