{"id":63448,"date":"2022-03-11T19:23:12","date_gmt":"2022-03-11T22:23:12","guid":{"rendered":"http:\/\/blogdoeloiltoncajuhy.com.br\/site\/?p=63448"},"modified":"2022-03-11T19:23:14","modified_gmt":"2022-03-11T22:23:14","slug":"jeronimo-rodrigues-e-confirmado-como-candidato-do-pt-ao-governo-do-estado","status":"publish","type":"post","link":"https:\/\/blogdoeloiltoncajuhy.com.br\/site\/jeronimo-rodrigues-e-confirmado-como-candidato-do-pt-ao-governo-do-estado\/","title":{"rendered":"Jer\u00f4nimo Rodrigues \u00e9 confirmado como candidato do PT ao governo do estado"},"content":{"rendered":"\n<p><strong>Por Lula Bonfim\/Bahia Not\u00edcias<\/strong><\/p>\n\n\n\n<div class=\"wp-block-image\"><figure class=\"aligncenter size-full\"><a href=\"https:\/\/i0.wp.com\/blogdoeloiltoncajuhy.com.br\/site\/wp-content\/uploads\/2022\/03\/Jeronimo-Rodrigues-11032022-02.png\"><img data-recalc-dims=\"1\" fetchpriority=\"high\" decoding=\"async\" width=\"800\" height=\"448\" src=\"https:\/\/i0.wp.com\/blogdoeloiltoncajuhy.com.br\/site\/wp-content\/uploads\/2022\/03\/Jeronimo-Rodrigues-11032022-02.png?resize=800%2C448\" alt=\"\" class=\"wp-image-63449\" srcset=\"https:\/\/i0.wp.com\/blogdoeloiltoncajuhy.com.br\/site\/wp-content\/uploads\/2022\/03\/Jeronimo-Rodrigues-11032022-02.png?w=1010&amp;ssl=1 1010w, https:\/\/i0.wp.com\/blogdoeloiltoncajuhy.com.br\/site\/wp-content\/uploads\/2022\/03\/Jeronimo-Rodrigues-11032022-02.png?resize=300%2C168&amp;ssl=1 300w, https:\/\/i0.wp.com\/blogdoeloiltoncajuhy.com.br\/site\/wp-content\/uploads\/2022\/03\/Jeronimo-Rodrigues-11032022-02.png?resize=768%2C430&amp;ssl=1 768w\" sizes=\"(max-width: 800px) 100vw, 800px\" \/><\/a><figcaption><sub>Jer\u00f4nimo Rodrigues \u00e9 secret\u00e1rio de Educa\u00e7\u00e3o da Bahia &#8211; Foto: Mateus Pereira\/GOVBA<\/sub><\/figcaption><\/figure><\/div>\n\n\n\n<p>O secret\u00e1rio estadual da Educa\u00e7\u00e3o, Jer\u00f4nimo Rodrigues, foi confirmado, na tarde desta sexta-feira (11), ap\u00f3s uma reuni\u00e3o da executiva estadual do PT, como o pr\u00e9-candidato do partido ao governo da Bahia nas elei\u00e7\u00f5es de outubro. De acordo com o presidente da sigla no estado, \u00c9den Valadares, a escolha foi un\u00e2nime.<\/p>\n\n\n\n<p>Na quinta (10), o Bahia Not\u00edcias j\u00e1 havia antecipado que o nome do secret\u00e1rio da Educa\u00e7\u00e3o seria o escolhido pelo partido, ap\u00f3s o governador Rui Costa (PT) e o senador Jaques Wagner (PT) chegarem a um acordo sobre a candidatura.<\/p>\n\n\n\n<p>Jer\u00f4nimo \u00e9 engenheiro agr\u00f4nomo e, desde 1995, professor da Universidade Estadual de Feira de Santana (Uefs). Ele chegou ao governo do estado j\u00e1 em 2007, no primeiro mandato de Wagner, como Assessor Especial da Secretaria de Ci\u00eancia, Tecnologia e Inova\u00e7\u00e3o.<\/p>\n\n\n\n<p>Em 2010, Jer\u00f4nimo se tornou Assessor Especial da Secretaria do Planejamento do Estado da Bahia. Depois, tamb\u00e9m foi membro do Conselho Nacional de Economia Solid\u00e1ria, do Conselho Curador da Funda\u00e7\u00e3o de Amparo \u00e0 Pesquisa do Estado da Bahia (Fapesb), do Conselho do Fundo de Combate \u00e0 Pobreza do Estado e do Conselho de Seguran\u00e7a Alimentar e Nutricional Baiano.<\/p>\n\n\n\n<p>Entre 2015 e 2018, o novo candidato petista ao governo da Bahia foi secret\u00e1rio estadual de Desenvolvimento Rural. Em fevereiro de 2019, Jer\u00f4nimo assumiu enfim a Secretaria da Educa\u00e7\u00e3o, onde est\u00e1 at\u00e9 o momento.<\/p>\n","protected":false},"excerpt":{"rendered":"<p>Por Lula Bonfim\/Bahia Not\u00edcias O secret\u00e1rio estadual da Educa\u00e7\u00e3o, Jer\u00f4nimo Rodrigues, foi confirmado, na tarde desta sexta-feira (11), ap\u00f3s uma reuni\u00e3o da executiva estadual do PT, como o pr\u00e9-candidato do partido ao governo da Bahia nas elei\u00e7\u00f5es de outubro. De acordo com o presidente da sigla no estado, \u00c9den Valadares, a escolha foi un\u00e2nime. Na [&hellip;]<\/p>\n","protected":false},"author":2,"featured_media":63450,"comment_status":"open","ping_status":"open","sticky":false,"template":"","format":"standard","meta":{"_acf_changed":false,"_monsterinsights_skip_tracking":false,"_monsterinsights_sitenote_active":false,"_monsterinsights_sitenote_note":"","_monsterinsights_sitenote_category":0,"_jetpack_memberships_contains_paid_content":false,"footnotes":"","jetpack_publicize_message":"","jetpack_publicize_feature_enabled":true,"jetpack_social_post_already_shared":true,"jetpack_social_options":{"image_generator_settings":{"template":"highway","default_image_id":0,"font":"","enabled":false},"version":2}},"categories":[3],"tags":[],"class_list":["post-63448","post","type-post","status-publish","format-standard","has-post-thumbnail","hentry","category-politica"],"acf":[],"jetpack_publicize_connections":[],"jetpack_featured_media_url":"https:\/\/i0.wp.com\/blogdoeloiltoncajuhy.com.br\/site\/wp-content\/uploads\/2022\/03\/Jeronimo-Rodrigues-11032022-01.jpeg?fit=1280%2C1242&ssl=1","jetpack_sharing_enabled":true,"publishpress_future_workflow_manual_trigger":{"enabledWorkflows":[]},"_links":{"self":[{"href":"https:\/\/blogdoeloiltoncajuhy.com.br\/site\/wp-json\/wp\/v2\/posts\/63448","targetHints":{"allow":["GET"]}}],"collection":[{"href":"https:\/\/blogdoeloiltoncajuhy.com.br\/site\/wp-json\/wp\/v2\/posts"}],"about":[{"href":"https:\/\/blogdoeloiltoncajuhy.com.br\/site\/wp-json\/wp\/v2\/types\/post"}],"author":[{"embeddable":true,"href":"https:\/\/blogdoeloiltoncajuhy.com.br\/site\/wp-json\/wp\/v2\/users\/2"}],"replies":[{"embeddable":true,"href":"https:\/\/blogdoeloiltoncajuhy.com.br\/site\/wp-json\/wp\/v2\/comments?post=63448"}],"version-history":[{"count":1,"href":"https:\/\/blogdoeloiltoncajuhy.com.br\/site\/wp-json\/wp\/v2\/posts\/63448\/revisions"}],"predecessor-version":[{"id":63451,"href":"https:\/\/blogdoeloiltoncajuhy.com.br\/site\/wp-json\/wp\/v2\/posts\/63448\/revisions\/63451"}],"wp:featuredmedia":[{"embeddable":true,"href":"https:\/\/blogdoeloiltoncajuhy.com.br\/site\/wp-json\/wp\/v2\/media\/63450"}],"wp:attachment":[{"href":"https:\/\/blogdoeloiltoncajuhy.com.br\/site\/wp-json\/wp\/v2\/media?parent=63448"}],"wp:term":[{"taxonomy":"category","embeddable":true,"href":"https:\/\/blogdoeloiltoncajuhy.com.br\/site\/wp-json\/wp\/v2\/categories?post=63448"},{"taxonomy":"post_tag","embeddable":true,"href":"https:\/\/blogdoeloiltoncajuhy.com.br\/site\/wp-json\/wp\/v2\/tags?post=63448"}],"curies":[{"name":"wp","href":"https:\/\/api.w.org\/{rel}","templated":true}]}}