{"id":63442,"date":"2022-03-11T13:57:11","date_gmt":"2022-03-11T16:57:11","guid":{"rendered":"http:\/\/blogdoeloiltoncajuhy.com.br\/site\/?p=63442"},"modified":"2022-03-11T13:57:12","modified_gmt":"2022-03-11T16:57:12","slug":"nota-da-secom-morte-de-jovem-em-escola-e-apurada-com-maximo-rigor","status":"publish","type":"post","link":"https:\/\/blogdoeloiltoncajuhy.com.br\/site\/nota-da-secom-morte-de-jovem-em-escola-e-apurada-com-maximo-rigor\/","title":{"rendered":"Nota da Secom: Morte de jovem em escola \u00e9 apurada com m\u00e1ximo rigor"},"content":{"rendered":"\n<p><strong>Por Secom\/BA<\/strong><\/p>\n\n\n\n<div class=\"wp-block-image\"><figure class=\"aligncenter size-full is-resized\"><a href=\"https:\/\/i0.wp.com\/blogdoeloiltoncajuhy.com.br\/site\/wp-content\/uploads\/2019\/05\/BlogNota.jpeg\"><img data-recalc-dims=\"1\" fetchpriority=\"high\" decoding=\"async\" src=\"https:\/\/i0.wp.com\/blogdoeloiltoncajuhy.com.br\/site\/wp-content\/uploads\/2019\/05\/BlogNota.jpeg?resize=563%2C422\" alt=\"\" class=\"wp-image-34006\" width=\"563\" height=\"422\" srcset=\"https:\/\/i0.wp.com\/blogdoeloiltoncajuhy.com.br\/site\/wp-content\/uploads\/2019\/05\/BlogNota.jpeg?w=750&amp;ssl=1 750w, https:\/\/i0.wp.com\/blogdoeloiltoncajuhy.com.br\/site\/wp-content\/uploads\/2019\/05\/BlogNota.jpeg?resize=300%2C225&amp;ssl=1 300w, https:\/\/i0.wp.com\/blogdoeloiltoncajuhy.com.br\/site\/wp-content\/uploads\/2019\/05\/BlogNota.jpeg?resize=250%2C188&amp;ssl=1 250w\" sizes=\"(max-width: 563px) 100vw, 563px\" \/><\/a><\/figure><\/div>\n\n\n\n<p>A Secretaria da Seguran\u00e7a P\u00fablica (SSP) determinou a apura\u00e7\u00e3o imediata e rigorosa do crime que vitimou o estudante <strong>Max Santos de Oliveira<\/strong>, de 18 anos. Imagens do circuito interno de seguran\u00e7a v\u00e3o auxiliar no esclarecimento do caso, ocorrido no Col\u00e9gio Estadual Aliomar Baleeiro, no bairro de Pernambu\u00e9s, em Salvador.<\/p>\n\n\n\n<p>A investiga\u00e7\u00e3o est\u00e1 sob responsabilidade do Departamento de Homic\u00eddios e Prote\u00e7\u00e3o \u00e0 Pessoa (DHPP). O jovem j\u00e1 havia sido apreendido pela Delegacia para o Adolescente Infrator (DAI), em 2021, por tr\u00e1fico de drogas.<\/p>\n\n\n\n<p class=\"has-black-color has-text-color has-medium-font-size\"><strong>SEC consternada<\/strong><\/p>\n\n\n\n<p>A Secretaria da Educa\u00e7\u00e3o do Estado da Bahia (SEC) e a comunidade escolar do Col\u00e9gio Estadual Aliomar Baleeiro, consternadas, lamentam o ocorrido com o estudante Max Santos de Oliveira. As aulas na unidade foram suspensas.<\/p>\n\n\n\n<p>A dire\u00e7\u00e3o da escola acionou o Servi\u00e7o M\u00f3vel de Urg\u00eancia (SAMU), a equipe da Pol\u00edcia Militar e entrou em contato com a fam\u00edlia. A equipe da SEC e psic\u00f3logos do \u00f3rg\u00e3o prestam atendimento \u00e0 comunidade escolar e \u00e0 fam\u00edlia do rapaz.<\/p>\n","protected":false},"excerpt":{"rendered":"<p>Por Secom\/BA A Secretaria da Seguran\u00e7a P\u00fablica (SSP) determinou a apura\u00e7\u00e3o imediata e rigorosa do crime que vitimou o estudante Max Santos de Oliveira, de 18 anos. Imagens do circuito interno de seguran\u00e7a v\u00e3o auxiliar no esclarecimento do caso, ocorrido no Col\u00e9gio Estadual Aliomar Baleeiro, no bairro de Pernambu\u00e9s, em Salvador. A investiga\u00e7\u00e3o est\u00e1 sob [&hellip;]<\/p>\n","protected":false},"author":2,"featured_media":34006,"comment_status":"open","ping_status":"open","sticky":false,"template":"","format":"standard","meta":{"_acf_changed":false,"_monsterinsights_skip_tracking":false,"_monsterinsights_sitenote_active":false,"_monsterinsights_sitenote_note":"","_monsterinsights_sitenote_category":0,"_jetpack_memberships_contains_paid_content":false,"footnotes":"","jetpack_publicize_message":"","jetpack_publicize_feature_enabled":true,"jetpack_social_post_already_shared":true,"jetpack_social_options":{"image_generator_settings":{"template":"highway","default_image_id":0,"font":"","enabled":false},"version":2}},"categories":[15],"tags":[],"class_list":["post-63442","post","type-post","status-publish","format-standard","has-post-thumbnail","hentry","category-policia"],"acf":[],"jetpack_publicize_connections":[],"jetpack_featured_media_url":"https:\/\/i0.wp.com\/blogdoeloiltoncajuhy.com.br\/site\/wp-content\/uploads\/2019\/05\/BlogNota.jpeg?fit=750%2C563&ssl=1","jetpack_sharing_enabled":true,"publishpress_future_workflow_manual_trigger":{"enabledWorkflows":[]},"_links":{"self":[{"href":"https:\/\/blogdoeloiltoncajuhy.com.br\/site\/wp-json\/wp\/v2\/posts\/63442","targetHints":{"allow":["GET"]}}],"collection":[{"href":"https:\/\/blogdoeloiltoncajuhy.com.br\/site\/wp-json\/wp\/v2\/posts"}],"about":[{"href":"https:\/\/blogdoeloiltoncajuhy.com.br\/site\/wp-json\/wp\/v2\/types\/post"}],"author":[{"embeddable":true,"href":"https:\/\/blogdoeloiltoncajuhy.com.br\/site\/wp-json\/wp\/v2\/users\/2"}],"replies":[{"embeddable":true,"href":"https:\/\/blogdoeloiltoncajuhy.com.br\/site\/wp-json\/wp\/v2\/comments?post=63442"}],"version-history":[{"count":1,"href":"https:\/\/blogdoeloiltoncajuhy.com.br\/site\/wp-json\/wp\/v2\/posts\/63442\/revisions"}],"predecessor-version":[{"id":63443,"href":"https:\/\/blogdoeloiltoncajuhy.com.br\/site\/wp-json\/wp\/v2\/posts\/63442\/revisions\/63443"}],"wp:featuredmedia":[{"embeddable":true,"href":"https:\/\/blogdoeloiltoncajuhy.com.br\/site\/wp-json\/wp\/v2\/media\/34006"}],"wp:attachment":[{"href":"https:\/\/blogdoeloiltoncajuhy.com.br\/site\/wp-json\/wp\/v2\/media?parent=63442"}],"wp:term":[{"taxonomy":"category","embeddable":true,"href":"https:\/\/blogdoeloiltoncajuhy.com.br\/site\/wp-json\/wp\/v2\/categories?post=63442"},{"taxonomy":"post_tag","embeddable":true,"href":"https:\/\/blogdoeloiltoncajuhy.com.br\/site\/wp-json\/wp\/v2\/tags?post=63442"}],"curies":[{"name":"wp","href":"https:\/\/api.w.org\/{rel}","templated":true}]}}