{"id":63427,"date":"2022-03-11T09:14:49","date_gmt":"2022-03-11T12:14:49","guid":{"rendered":"http:\/\/blogdoeloiltoncajuhy.com.br\/site\/?p=63427"},"modified":"2022-03-11T09:14:51","modified_gmt":"2022-03-11T12:14:51","slug":"assassinato-de-taxista-choca-a-populacao-de-senhor-do-bonfim","status":"publish","type":"post","link":"https:\/\/blogdoeloiltoncajuhy.com.br\/site\/assassinato-de-taxista-choca-a-populacao-de-senhor-do-bonfim\/","title":{"rendered":"Assassinato de taxista choca a popula\u00e7\u00e3o de Senhor do Bonfim"},"content":{"rendered":"\n<p><strong>Blog do Eloilton Cajuhy<\/strong><\/p>\n\n\n\n<div class=\"wp-block-image\"><figure class=\"aligncenter size-full\"><a href=\"https:\/\/i0.wp.com\/blogdoeloiltoncajuhy.com.br\/site\/wp-content\/uploads\/2022\/03\/Jairo-Gomes-taxista.jpg\"><img data-recalc-dims=\"1\" fetchpriority=\"high\" decoding=\"async\" width=\"640\" height=\"640\" src=\"https:\/\/i0.wp.com\/blogdoeloiltoncajuhy.com.br\/site\/wp-content\/uploads\/2022\/03\/Jairo-Gomes-taxista.jpg?resize=640%2C640\" alt=\"\" class=\"wp-image-63428\" srcset=\"https:\/\/i0.wp.com\/blogdoeloiltoncajuhy.com.br\/site\/wp-content\/uploads\/2022\/03\/Jairo-Gomes-taxista.jpg?w=640&amp;ssl=1 640w, https:\/\/i0.wp.com\/blogdoeloiltoncajuhy.com.br\/site\/wp-content\/uploads\/2022\/03\/Jairo-Gomes-taxista.jpg?resize=300%2C300&amp;ssl=1 300w, https:\/\/i0.wp.com\/blogdoeloiltoncajuhy.com.br\/site\/wp-content\/uploads\/2022\/03\/Jairo-Gomes-taxista.jpg?resize=150%2C150&amp;ssl=1 150w\" sizes=\"(max-width: 640px) 100vw, 640px\" \/><\/a><figcaption><sub>Jairo Gomes da Silva foi cruelmente assassinado e ainda teve seu carro incendiado &#8211; Foto: Redes Sociais<\/sub><\/figcaption><\/figure><\/div>\n\n\n\n<p>Um b\u00e1rbaro crime, registrado na noite desta quinta-feira (10), chocou a popula\u00e7\u00e3o bonfinense. O taxista <strong>Jairo Gomes da Silva<\/strong>, que trabalhava com um Gol de cor vermelha, foi cruelmente assassinado e ainda teve seu ve\u00edculo incendiado pelos bandidos.<\/p>\n\n\n\n<p>De acordo com informa\u00e7\u00f5es do <strong>Blog do Netto Maravilha<\/strong>, por volta das 19h uma mulher solicitou uma corrida de t\u00e1xi com a v\u00edtima com destino \u00e0 localidade de Caco de Telha, regi\u00e3o de Carrapichel, interior de Senhor do Bonfim.<\/p>\n\n\n\n<p>No local, bandidos aguardavam o taxista que foi atingido ainda dentro do seu carro. Ele conseguiu sair correndo, mas foi alcan\u00e7ado pelos marginais e ferido com v\u00e1rios tiros, tendo morte instant\u00e2nea.<\/p>\n\n\n\n<div class=\"wp-block-image\"><figure class=\"aligncenter size-large is-resized\"><a href=\"https:\/\/i0.wp.com\/blogdoeloiltoncajuhy.com.br\/site\/wp-content\/uploads\/2022\/03\/Jairo-Gomes-taxista-carro.jpg\"><img data-recalc-dims=\"1\" decoding=\"async\" src=\"https:\/\/i0.wp.com\/blogdoeloiltoncajuhy.com.br\/site\/wp-content\/uploads\/2022\/03\/Jairo-Gomes-taxista-carro.jpg?resize=531%2C596\" alt=\"\" class=\"wp-image-63429\" width=\"531\" height=\"596\" srcset=\"https:\/\/i0.wp.com\/blogdoeloiltoncajuhy.com.br\/site\/wp-content\/uploads\/2022\/03\/Jairo-Gomes-taxista-carro.jpg?resize=912%2C1024&amp;ssl=1 912w, https:\/\/i0.wp.com\/blogdoeloiltoncajuhy.com.br\/site\/wp-content\/uploads\/2022\/03\/Jairo-Gomes-taxista-carro.jpg?resize=267%2C300&amp;ssl=1 267w, https:\/\/i0.wp.com\/blogdoeloiltoncajuhy.com.br\/site\/wp-content\/uploads\/2022\/03\/Jairo-Gomes-taxista-carro.jpg?resize=768%2C862&amp;ssl=1 768w, https:\/\/i0.wp.com\/blogdoeloiltoncajuhy.com.br\/site\/wp-content\/uploads\/2022\/03\/Jairo-Gomes-taxista-carro.jpg?w=1080&amp;ssl=1 1080w\" sizes=\"(max-width: 531px) 100vw, 531px\" \/><\/a><figcaption><sub>Carro da v\u00edtima foi totalmente consumido pelo fogo &#8211; Foto: Redes Sociais<\/sub><\/figcaption><\/figure><\/div>\n\n\n\n<p>Ainda segundo Netto Maravilha, na sequ\u00eancia os elementos tocaram fogo no ve\u00edculo da v\u00edtima. Jairo, que trabalhava em um ponto ao lado do F\u00f3rum Desembargador Edgar Sim\u00f5es, era uma pessoa bastante querida, por isso, sua morte abalou a todos que o conheciam.<\/p>\n\n\n\n<p>At\u00e9 a produ\u00e7\u00e3o desta mat\u00e9ria, a pol\u00edcia ainda n\u00e3o tinha informa\u00e7\u00f5es sobre autores e motiva\u00e7\u00e3o do crime. Nossa produ\u00e7\u00e3o tamb\u00e9m n\u00e3o obteve informa\u00e7\u00f5es sobre vel\u00f3rio e sepultamento de Jairo Gomes da Silva.<\/p>\n","protected":false},"excerpt":{"rendered":"<p>Blog do Eloilton Cajuhy Um b\u00e1rbaro crime, registrado na noite desta quinta-feira (10), chocou a popula\u00e7\u00e3o bonfinense. O taxista Jairo Gomes da Silva, que trabalhava com um Gol de cor vermelha, foi cruelmente assassinado e ainda teve seu ve\u00edculo incendiado pelos bandidos. De acordo com informa\u00e7\u00f5es do Blog do Netto Maravilha, por volta das 19h [&hellip;]<\/p>\n","protected":false},"author":2,"featured_media":63428,"comment_status":"open","ping_status":"open","sticky":false,"template":"","format":"standard","meta":{"_acf_changed":false,"_monsterinsights_skip_tracking":false,"_monsterinsights_sitenote_active":false,"_monsterinsights_sitenote_note":"","_monsterinsights_sitenote_category":0,"_jetpack_memberships_contains_paid_content":false,"footnotes":"","jetpack_publicize_message":"","jetpack_publicize_feature_enabled":true,"jetpack_social_post_already_shared":true,"jetpack_social_options":{"image_generator_settings":{"template":"highway","default_image_id":0,"font":"","enabled":false},"version":2}},"categories":[15],"tags":[],"class_list":["post-63427","post","type-post","status-publish","format-standard","has-post-thumbnail","hentry","category-policia"],"acf":[],"jetpack_publicize_connections":[],"jetpack_featured_media_url":"https:\/\/i0.wp.com\/blogdoeloiltoncajuhy.com.br\/site\/wp-content\/uploads\/2022\/03\/Jairo-Gomes-taxista.jpg?fit=640%2C640&ssl=1","jetpack_sharing_enabled":true,"publishpress_future_workflow_manual_trigger":{"enabledWorkflows":[]},"_links":{"self":[{"href":"https:\/\/blogdoeloiltoncajuhy.com.br\/site\/wp-json\/wp\/v2\/posts\/63427","targetHints":{"allow":["GET"]}}],"collection":[{"href":"https:\/\/blogdoeloiltoncajuhy.com.br\/site\/wp-json\/wp\/v2\/posts"}],"about":[{"href":"https:\/\/blogdoeloiltoncajuhy.com.br\/site\/wp-json\/wp\/v2\/types\/post"}],"author":[{"embeddable":true,"href":"https:\/\/blogdoeloiltoncajuhy.com.br\/site\/wp-json\/wp\/v2\/users\/2"}],"replies":[{"embeddable":true,"href":"https:\/\/blogdoeloiltoncajuhy.com.br\/site\/wp-json\/wp\/v2\/comments?post=63427"}],"version-history":[{"count":1,"href":"https:\/\/blogdoeloiltoncajuhy.com.br\/site\/wp-json\/wp\/v2\/posts\/63427\/revisions"}],"predecessor-version":[{"id":63430,"href":"https:\/\/blogdoeloiltoncajuhy.com.br\/site\/wp-json\/wp\/v2\/posts\/63427\/revisions\/63430"}],"wp:featuredmedia":[{"embeddable":true,"href":"https:\/\/blogdoeloiltoncajuhy.com.br\/site\/wp-json\/wp\/v2\/media\/63428"}],"wp:attachment":[{"href":"https:\/\/blogdoeloiltoncajuhy.com.br\/site\/wp-json\/wp\/v2\/media?parent=63427"}],"wp:term":[{"taxonomy":"category","embeddable":true,"href":"https:\/\/blogdoeloiltoncajuhy.com.br\/site\/wp-json\/wp\/v2\/categories?post=63427"},{"taxonomy":"post_tag","embeddable":true,"href":"https:\/\/blogdoeloiltoncajuhy.com.br\/site\/wp-json\/wp\/v2\/tags?post=63427"}],"curies":[{"name":"wp","href":"https:\/\/api.w.org\/{rel}","templated":true}]}}