{"id":62150,"date":"2022-01-10T20:56:34","date_gmt":"2022-01-10T23:56:34","guid":{"rendered":"http:\/\/blogdoeloiltoncajuhy.com.br\/site\/?p=62150"},"modified":"2022-01-10T20:56:36","modified_gmt":"2022-01-10T23:56:36","slug":"adolescente-de-16-anos-gravida-e-morta-a-tiros-pelo-companheiro-em-fortaleza","status":"publish","type":"post","link":"https:\/\/blogdoeloiltoncajuhy.com.br\/site\/adolescente-de-16-anos-gravida-e-morta-a-tiros-pelo-companheiro-em-fortaleza\/","title":{"rendered":"Adolescente de 16 anos gr\u00e1vida \u00e9 morta a tiros pelo companheiro em Fortaleza"},"content":{"rendered":"\n<p class=\"has-medium-font-size\">Familiares da v\u00edtima afirmam que o suspeito n\u00e3o aceitava o fim do relacionamento de tr\u00eas meses.<\/p>\n\n\n\n<p><strong>Por g1 CE<\/strong><\/p>\n\n\n\n<div class=\"wp-block-image\"><figure class=\"aligncenter size-full is-resized\"><a href=\"https:\/\/i0.wp.com\/blogdoeloiltoncajuhy.com.br\/site\/wp-content\/uploads\/2022\/01\/CE_Jovem-morta-a-tiros-em-Fortaleza.jpeg\"><img data-recalc-dims=\"1\" fetchpriority=\"high\" decoding=\"async\" src=\"https:\/\/i0.wp.com\/blogdoeloiltoncajuhy.com.br\/site\/wp-content\/uploads\/2022\/01\/CE_Jovem-morta-a-tiros-em-Fortaleza.jpeg?resize=663%2C670\" alt=\"\" class=\"wp-image-62151\" width=\"663\" height=\"670\" srcset=\"https:\/\/i0.wp.com\/blogdoeloiltoncajuhy.com.br\/site\/wp-content\/uploads\/2022\/01\/CE_Jovem-morta-a-tiros-em-Fortaleza.jpeg?w=968&amp;ssl=1 968w, https:\/\/i0.wp.com\/blogdoeloiltoncajuhy.com.br\/site\/wp-content\/uploads\/2022\/01\/CE_Jovem-morta-a-tiros-em-Fortaleza.jpeg?resize=297%2C300&amp;ssl=1 297w, https:\/\/i0.wp.com\/blogdoeloiltoncajuhy.com.br\/site\/wp-content\/uploads\/2022\/01\/CE_Jovem-morta-a-tiros-em-Fortaleza.jpeg?resize=768%2C776&amp;ssl=1 768w\" sizes=\"(max-width: 663px) 100vw, 663px\" \/><\/a><\/figure><\/div>\n\n\n\n<p>Uma adolescente de 16 anos, gr\u00e1vida, foi morta a tiros pelo companheiro de 25 anos na Comunidade do Gereba, no Bairro Passar\u00e9, em Fortaleza, na tarde deste domingo (9). Ap\u00f3s o crime, Francisco Everton Lima da Concei\u00e7\u00e3o tentou se matar, mas foi socorrido e preso em flagrante.<\/p>\n\n\n\n<p>Segundo uma familiar da v\u00edtima, a jovem se relacionava com o suspeito h\u00e1 cerca de tr\u00eas meses e estava tentando terminar o relacionamento, mas o rapaz n\u00e3o aceitava. Everton atirou contra a adolescente e depois disparou contra si.<\/p>\n\n\n\n<p>Conforme a Secretaria da Seguran\u00e7a P\u00fablica e Defesa Social (SSPDS), os dois foram socorridos por familiares, mas a jovem n\u00e3o resistiu aos ferimentos. Equipes da Pol\u00edcia Militar do Cear\u00e1 (PMCE) estiveram no local, onde colheram as primeiras informa\u00e7\u00f5es sobre o caso.<\/p>\n\n\n\n<p>Everton, que j\u00e1 tinha antecedentes criminais por homic\u00eddio e amea\u00e7a, foi autuado pelo crime de feminic\u00eddio na Delegacia de Defesa da Mulher de Fortaleza (DDM).<\/p>\n","protected":false},"excerpt":{"rendered":"<p>Familiares da v\u00edtima afirmam que o suspeito n\u00e3o aceitava o fim do relacionamento de tr\u00eas meses. Por g1 CE Uma adolescente de 16 anos, gr\u00e1vida, foi morta a tiros pelo companheiro de 25 anos na Comunidade do Gereba, no Bairro Passar\u00e9, em Fortaleza, na tarde deste domingo (9). Ap\u00f3s o crime, Francisco Everton Lima da [&hellip;]<\/p>\n","protected":false},"author":2,"featured_media":62151,"comment_status":"open","ping_status":"open","sticky":false,"template":"","format":"standard","meta":{"_acf_changed":false,"_monsterinsights_skip_tracking":false,"_monsterinsights_sitenote_active":false,"_monsterinsights_sitenote_note":"","_monsterinsights_sitenote_category":0,"_jetpack_memberships_contains_paid_content":false,"footnotes":"","jetpack_publicize_message":"","jetpack_publicize_feature_enabled":true,"jetpack_social_post_already_shared":true,"jetpack_social_options":{"image_generator_settings":{"template":"highway","default_image_id":0,"font":"","enabled":false},"version":2}},"categories":[15],"tags":[],"class_list":["post-62150","post","type-post","status-publish","format-standard","has-post-thumbnail","hentry","category-policia"],"acf":[],"jetpack_publicize_connections":[],"jetpack_featured_media_url":"https:\/\/i0.wp.com\/blogdoeloiltoncajuhy.com.br\/site\/wp-content\/uploads\/2022\/01\/CE_Jovem-morta-a-tiros-em-Fortaleza.jpeg?fit=968%2C978&ssl=1","jetpack_sharing_enabled":true,"publishpress_future_workflow_manual_trigger":{"enabledWorkflows":[]},"_links":{"self":[{"href":"https:\/\/blogdoeloiltoncajuhy.com.br\/site\/wp-json\/wp\/v2\/posts\/62150","targetHints":{"allow":["GET"]}}],"collection":[{"href":"https:\/\/blogdoeloiltoncajuhy.com.br\/site\/wp-json\/wp\/v2\/posts"}],"about":[{"href":"https:\/\/blogdoeloiltoncajuhy.com.br\/site\/wp-json\/wp\/v2\/types\/post"}],"author":[{"embeddable":true,"href":"https:\/\/blogdoeloiltoncajuhy.com.br\/site\/wp-json\/wp\/v2\/users\/2"}],"replies":[{"embeddable":true,"href":"https:\/\/blogdoeloiltoncajuhy.com.br\/site\/wp-json\/wp\/v2\/comments?post=62150"}],"version-history":[{"count":1,"href":"https:\/\/blogdoeloiltoncajuhy.com.br\/site\/wp-json\/wp\/v2\/posts\/62150\/revisions"}],"predecessor-version":[{"id":62152,"href":"https:\/\/blogdoeloiltoncajuhy.com.br\/site\/wp-json\/wp\/v2\/posts\/62150\/revisions\/62152"}],"wp:featuredmedia":[{"embeddable":true,"href":"https:\/\/blogdoeloiltoncajuhy.com.br\/site\/wp-json\/wp\/v2\/media\/62151"}],"wp:attachment":[{"href":"https:\/\/blogdoeloiltoncajuhy.com.br\/site\/wp-json\/wp\/v2\/media?parent=62150"}],"wp:term":[{"taxonomy":"category","embeddable":true,"href":"https:\/\/blogdoeloiltoncajuhy.com.br\/site\/wp-json\/wp\/v2\/categories?post=62150"},{"taxonomy":"post_tag","embeddable":true,"href":"https:\/\/blogdoeloiltoncajuhy.com.br\/site\/wp-json\/wp\/v2\/tags?post=62150"}],"curies":[{"name":"wp","href":"https:\/\/api.w.org\/{rel}","templated":true}]}}