{"id":62147,"date":"2022-01-10T20:28:40","date_gmt":"2022-01-10T23:28:40","guid":{"rendered":"http:\/\/blogdoeloiltoncajuhy.com.br\/site\/?p=62147"},"modified":"2022-01-10T20:28:42","modified_gmt":"2022-01-10T23:28:42","slug":"bahia-registra-mais-367-casos-de-covid-19-e-15-obitos-pela-doenca","status":"publish","type":"post","link":"https:\/\/blogdoeloiltoncajuhy.com.br\/site\/bahia-registra-mais-367-casos-de-covid-19-e-15-obitos-pela-doenca\/","title":{"rendered":"Bahia registra mais 367 casos de Covid-19 e 15 \u00f3bitos pela doen\u00e7a"},"content":{"rendered":"\n<p><strong>Ascom\/Sesab<\/strong><\/p>\n\n\n\n<div class=\"wp-block-image\"><figure class=\"aligncenter size-full is-resized\"><a href=\"https:\/\/i0.wp.com\/blogdoeloiltoncajuhy.com.br\/site\/wp-content\/uploads\/2022\/01\/Boletim-coronavirus-1_10012022.png\"><img data-recalc-dims=\"1\" fetchpriority=\"high\" decoding=\"async\" src=\"https:\/\/i0.wp.com\/blogdoeloiltoncajuhy.com.br\/site\/wp-content\/uploads\/2022\/01\/Boletim-coronavirus-1_10012022.png?resize=526%2C350\" alt=\"\" class=\"wp-image-62148\" width=\"526\" height=\"350\" srcset=\"https:\/\/i0.wp.com\/blogdoeloiltoncajuhy.com.br\/site\/wp-content\/uploads\/2022\/01\/Boletim-coronavirus-1_10012022.png?w=360&amp;ssl=1 360w, https:\/\/i0.wp.com\/blogdoeloiltoncajuhy.com.br\/site\/wp-content\/uploads\/2022\/01\/Boletim-coronavirus-1_10012022.png?resize=300%2C200&amp;ssl=1 300w\" sizes=\"(max-width: 526px) 100vw, 526px\" \/><\/a><\/figure><\/div>\n\n\n\n<p>Na Bahia, nas \u00faltimas 24 horas, foram registrados 367 casos de Covid-19 (taxa de crescimento de +0,03%) e 314 recuperados (+0,03%). O boletim epidemiol\u00f3gico desta segunda-feira (10) tamb\u00e9m registra 15 \u00f3bitos. Dos 1.277.975 casos confirmados desde o in\u00edcio da pandemia, 1.245.869 j\u00e1 s\u00e3o considerados recuperados, 4.499 encontram-se ativos e 27.607 tiveram \u00f3bito confirmado. Os dados ainda podem sofrer altera\u00e7\u00f5es devido \u00e0 instabilidade do sistema do Minist\u00e9rio da Sa\u00fade. A base ministerial tem, eventualmente, disponibilizado informa\u00e7\u00f5es inconsistentes ou incompletas.<\/p>\n\n\n\n<p>O&nbsp;<a href=\"http:\/\/www.saude.ba.gov.br\/wp-content\/uploads\/2022\/01\/Boletim-Infografico-10-01-2022-1.pdf\" target=\"_blank\" rel=\"noreferrer noopener\">boletim epidemiol\u00f3gico<\/a>&nbsp;contabiliza ainda 1.701.099 casos descartados e 271.377 em investiga\u00e7\u00e3o. Estes dados representam notifica\u00e7\u00f5es oficiais compiladas pela Diretoria de Vigil\u00e2ncia Epidemiol\u00f3gica em Sa\u00fade da Bahia (Divep-BA), em conjunto com as vigil\u00e2ncias municipais e as bases de dados do Minist\u00e9rio da Sa\u00fade at\u00e9 \u00e0s 17 horas desta segunda-feira. Na Bahia, 52.958 profissionais da sa\u00fade foram confirmados para Covid-19. Para acessar o boletim completo,&nbsp;<a href=\"http:\/\/www.saude.ba.gov.br\/wp-content\/uploads\/2022\/01\/BOLETIM_ELETRONICO_BAHIAN_657___10012022-1.pdf\" target=\"_blank\" rel=\"noreferrer noopener\">clique aqui<\/a>&nbsp;ou acesse o&nbsp;<a href=\"https:\/\/bi.saude.ba.gov.br\/transparencia\/\" target=\"_blank\" rel=\"noreferrer noopener\">Business Intelligence<\/a>.<\/p>\n\n\n\n<p class=\"has-black-color has-text-color has-medium-font-size\"><strong>Vacina\u00e7\u00e3o<\/strong><\/p>\n\n\n\n<p>At\u00e9 o momento temos 10.836.914 pessoas vacinadas com a primeira dose, 260.867 com a dose \u00fanica, 8.902.277 com a segunda dose e 1.588.035 com a dose de refor\u00e7o.<\/p>\n","protected":false},"excerpt":{"rendered":"<p>Ascom\/Sesab Na Bahia, nas \u00faltimas 24 horas, foram registrados 367 casos de Covid-19 (taxa de crescimento de +0,03%) e 314 recuperados (+0,03%). O boletim epidemiol\u00f3gico desta segunda-feira (10) tamb\u00e9m registra 15 \u00f3bitos. Dos 1.277.975 casos confirmados desde o in\u00edcio da pandemia, 1.245.869 j\u00e1 s\u00e3o considerados recuperados, 4.499 encontram-se ativos e 27.607 tiveram \u00f3bito confirmado. Os [&hellip;]<\/p>\n","protected":false},"author":2,"featured_media":62148,"comment_status":"open","ping_status":"open","sticky":false,"template":"","format":"standard","meta":{"_acf_changed":false,"_monsterinsights_skip_tracking":false,"_monsterinsights_sitenote_active":false,"_monsterinsights_sitenote_note":"","_monsterinsights_sitenote_category":0,"_jetpack_memberships_contains_paid_content":false,"footnotes":"","jetpack_publicize_message":"","jetpack_publicize_feature_enabled":true,"jetpack_social_post_already_shared":true,"jetpack_social_options":{"image_generator_settings":{"template":"highway","default_image_id":0,"font":"","enabled":false},"version":2}},"categories":[7],"tags":[],"class_list":["post-62147","post","type-post","status-publish","format-standard","has-post-thumbnail","hentry","category-saude"],"acf":[],"jetpack_publicize_connections":[],"jetpack_featured_media_url":"https:\/\/i0.wp.com\/blogdoeloiltoncajuhy.com.br\/site\/wp-content\/uploads\/2022\/01\/Boletim-coronavirus-1_10012022.png?fit=360%2C240&ssl=1","jetpack_sharing_enabled":true,"publishpress_future_workflow_manual_trigger":{"enabledWorkflows":[]},"_links":{"self":[{"href":"https:\/\/blogdoeloiltoncajuhy.com.br\/site\/wp-json\/wp\/v2\/posts\/62147","targetHints":{"allow":["GET"]}}],"collection":[{"href":"https:\/\/blogdoeloiltoncajuhy.com.br\/site\/wp-json\/wp\/v2\/posts"}],"about":[{"href":"https:\/\/blogdoeloiltoncajuhy.com.br\/site\/wp-json\/wp\/v2\/types\/post"}],"author":[{"embeddable":true,"href":"https:\/\/blogdoeloiltoncajuhy.com.br\/site\/wp-json\/wp\/v2\/users\/2"}],"replies":[{"embeddable":true,"href":"https:\/\/blogdoeloiltoncajuhy.com.br\/site\/wp-json\/wp\/v2\/comments?post=62147"}],"version-history":[{"count":1,"href":"https:\/\/blogdoeloiltoncajuhy.com.br\/site\/wp-json\/wp\/v2\/posts\/62147\/revisions"}],"predecessor-version":[{"id":62149,"href":"https:\/\/blogdoeloiltoncajuhy.com.br\/site\/wp-json\/wp\/v2\/posts\/62147\/revisions\/62149"}],"wp:featuredmedia":[{"embeddable":true,"href":"https:\/\/blogdoeloiltoncajuhy.com.br\/site\/wp-json\/wp\/v2\/media\/62148"}],"wp:attachment":[{"href":"https:\/\/blogdoeloiltoncajuhy.com.br\/site\/wp-json\/wp\/v2\/media?parent=62147"}],"wp:term":[{"taxonomy":"category","embeddable":true,"href":"https:\/\/blogdoeloiltoncajuhy.com.br\/site\/wp-json\/wp\/v2\/categories?post=62147"},{"taxonomy":"post_tag","embeddable":true,"href":"https:\/\/blogdoeloiltoncajuhy.com.br\/site\/wp-json\/wp\/v2\/tags?post=62147"}],"curies":[{"name":"wp","href":"https:\/\/api.w.org\/{rel}","templated":true}]}}