{"id":62142,"date":"2022-01-10T19:56:50","date_gmt":"2022-01-10T22:56:50","guid":{"rendered":"http:\/\/blogdoeloiltoncajuhy.com.br\/site\/?p=62142"},"modified":"2022-01-10T19:56:51","modified_gmt":"2022-01-10T22:56:51","slug":"prefeitura-de-juazeiro-abre-inscricoes-de-processo-seletivo-para-cargos-de-nivel-fundamental-e-superior-veja-detalhes","status":"publish","type":"post","link":"https:\/\/blogdoeloiltoncajuhy.com.br\/site\/prefeitura-de-juazeiro-abre-inscricoes-de-processo-seletivo-para-cargos-de-nivel-fundamental-e-superior-veja-detalhes\/","title":{"rendered":"Prefeitura de Juazeiro abre inscri\u00e7\u00f5es de processo seletivo para cargos de n\u00edvel fundamental e superior; veja detalhes"},"content":{"rendered":"\n<p class=\"has-medium-font-size\">A sele\u00e7\u00e3o \u00e9 para preenchimento de vagas existentes e cadastro de reserva no quadro de servidores.<\/p>\n\n\n\n<p><strong>Por g1 BA<\/strong><\/p>\n\n\n\n<div class=\"wp-block-image\"><figure class=\"aligncenter size-full is-resized\"><a href=\"https:\/\/i0.wp.com\/blogdoeloiltoncajuhy.com.br\/site\/wp-content\/uploads\/2021\/07\/Prefeitura-de-Juazeiro.jpeg\"><img data-recalc-dims=\"1\" fetchpriority=\"high\" decoding=\"async\" src=\"https:\/\/i0.wp.com\/blogdoeloiltoncajuhy.com.br\/site\/wp-content\/uploads\/2021\/07\/Prefeitura-de-Juazeiro.jpeg?resize=642%2C427\" alt=\"\" class=\"wp-image-58313\" width=\"642\" height=\"427\" srcset=\"https:\/\/i0.wp.com\/blogdoeloiltoncajuhy.com.br\/site\/wp-content\/uploads\/2021\/07\/Prefeitura-de-Juazeiro.jpeg?w=768&amp;ssl=1 768w, https:\/\/i0.wp.com\/blogdoeloiltoncajuhy.com.br\/site\/wp-content\/uploads\/2021\/07\/Prefeitura-de-Juazeiro.jpeg?resize=300%2C200&amp;ssl=1 300w\" sizes=\"(max-width: 642px) 100vw, 642px\" \/><\/a><\/figure><\/div>\n\n\n\n<p>A prefeitura de Juazeiro, no norte do estado, divulgou nesta segunda-feira (10) a abertura de processo seletivo simplificado para vagas de n\u00edvel fundamental e superior. H\u00e1 oportunidades para profissionais como agentes de seguran\u00e7a, motoristas e professores de libras. <strong><em>[veja lista ao final da mat\u00e9ria]<\/em><\/strong>.<\/p>\n\n\n\n<p>As inscri\u00e7\u00f5es devem ser realizadas at\u00e9 17 de janeiro no site da prefeitura, mediante preenchimento do formul\u00e1rio de inscri\u00e7\u00e3o e envio de toda a documenta\u00e7\u00e3o anexada em arquivo formato PDF. \u00c9 necess\u00e1rio comprovar t\u00edtulos e experi\u00eancia profissional, al\u00e9m de possuir os requisitos necess\u00e1rios ao exerc\u00edcio da fun\u00e7\u00e3o pretendida.<\/p>\n\n\n\n<p>Mais informa\u00e7\u00f5es sobre cronograma, quantidades de vagas para cada cargo, curr\u00edculo e documenta\u00e7\u00f5es comprobat\u00f3rias exigidas podem ser acessadas no edital dispon\u00edvel no Di\u00e1rio Oficial do Munic\u00edpio.<\/p>\n\n\n\n<p>Em caso de d\u00favidas, os candidatos podem entrar em contato direto com a Secretaria de Gest\u00e3o de Pessoas (Segesp) atrav\u00e9s do telefone (74) 3612-3620 ou pelo e-mail: recepcao.segesp.pmj@gmail.com.<\/p>\n\n\n\n<p>A sele\u00e7\u00e3o \u00e9 para preenchimento de vagas existentes e cadastro de reserva no quadro de servidores. Ser\u00e3o reservadas 5% das vagas ofertadas para candidatos com defici\u00eancia, em cargos pr\u00e9-definidos conforme o edital e desde que a defici\u00eancia seja compat\u00edvel com o cargo.<\/p>\n\n\n\n<p>N\u00e3o poder\u00e3o ser contratados candidatos que, nos \u00faltimos tr\u00eas meses, a contar do encerramento de seu contrato anterior, tenham mantido v\u00ednculo contratual com a prefeitura.<\/p>\n\n\n\n<p class=\"has-black-color has-text-color has-medium-font-size\"><strong>Vagas para n\u00edvel fundamental<\/strong><\/p>\n\n\n\n<ul class=\"wp-block-list\"><li>Agente de seguran\u00e7a escolar<\/li><\/ul>\n\n\n\n<ul class=\"wp-block-list\"><li>Mec\u00e2nico de m\u00e1quinas pesadas<\/li><\/ul>\n\n\n\n<ul class=\"wp-block-list\"><li>Motorista de viatura pesada &#8211; CNH D (motorista de transporte escolar)<\/li><\/ul>\n\n\n\n<p class=\"has-black-color has-text-color has-medium-font-size\"><strong>Vagas para n\u00edvel superior<\/strong><\/p>\n\n\n\n<ul class=\"wp-block-list\"><li>Articulador de educa\u00e7\u00e3o tecnol\u00f3gica<\/li><\/ul>\n\n\n\n<ul class=\"wp-block-list\"><li>M\u00e9dico veterin\u00e1rio<\/li><\/ul>\n\n\n\n<ul class=\"wp-block-list\"><li>Professor int\u00e9rprete de libras<\/li><\/ul>\n","protected":false},"excerpt":{"rendered":"<p>A sele\u00e7\u00e3o \u00e9 para preenchimento de vagas existentes e cadastro de reserva no quadro de servidores. Por g1 BA A prefeitura de Juazeiro, no norte do estado, divulgou nesta segunda-feira (10) a abertura de processo seletivo simplificado para vagas de n\u00edvel fundamental e superior. H\u00e1 oportunidades para profissionais como agentes de seguran\u00e7a, motoristas e professores [&hellip;]<\/p>\n","protected":false},"author":2,"featured_media":58313,"comment_status":"open","ping_status":"open","sticky":false,"template":"","format":"standard","meta":{"_acf_changed":false,"_monsterinsights_skip_tracking":false,"_monsterinsights_sitenote_active":false,"_monsterinsights_sitenote_note":"","_monsterinsights_sitenote_category":0,"_jetpack_memberships_contains_paid_content":false,"footnotes":"","jetpack_publicize_message":"","jetpack_publicize_feature_enabled":true,"jetpack_social_post_already_shared":true,"jetpack_social_options":{"image_generator_settings":{"template":"highway","default_image_id":0,"font":"","enabled":false},"version":2}},"categories":[11],"tags":[],"class_list":["post-62142","post","type-post","status-publish","format-standard","has-post-thumbnail","hentry","category-regional"],"acf":[],"jetpack_publicize_connections":[],"jetpack_featured_media_url":"https:\/\/i0.wp.com\/blogdoeloiltoncajuhy.com.br\/site\/wp-content\/uploads\/2021\/07\/Prefeitura-de-Juazeiro.jpeg?fit=768%2C511&ssl=1","jetpack_sharing_enabled":true,"publishpress_future_workflow_manual_trigger":{"enabledWorkflows":[]},"_links":{"self":[{"href":"https:\/\/blogdoeloiltoncajuhy.com.br\/site\/wp-json\/wp\/v2\/posts\/62142","targetHints":{"allow":["GET"]}}],"collection":[{"href":"https:\/\/blogdoeloiltoncajuhy.com.br\/site\/wp-json\/wp\/v2\/posts"}],"about":[{"href":"https:\/\/blogdoeloiltoncajuhy.com.br\/site\/wp-json\/wp\/v2\/types\/post"}],"author":[{"embeddable":true,"href":"https:\/\/blogdoeloiltoncajuhy.com.br\/site\/wp-json\/wp\/v2\/users\/2"}],"replies":[{"embeddable":true,"href":"https:\/\/blogdoeloiltoncajuhy.com.br\/site\/wp-json\/wp\/v2\/comments?post=62142"}],"version-history":[{"count":1,"href":"https:\/\/blogdoeloiltoncajuhy.com.br\/site\/wp-json\/wp\/v2\/posts\/62142\/revisions"}],"predecessor-version":[{"id":62143,"href":"https:\/\/blogdoeloiltoncajuhy.com.br\/site\/wp-json\/wp\/v2\/posts\/62142\/revisions\/62143"}],"wp:featuredmedia":[{"embeddable":true,"href":"https:\/\/blogdoeloiltoncajuhy.com.br\/site\/wp-json\/wp\/v2\/media\/58313"}],"wp:attachment":[{"href":"https:\/\/blogdoeloiltoncajuhy.com.br\/site\/wp-json\/wp\/v2\/media?parent=62142"}],"wp:term":[{"taxonomy":"category","embeddable":true,"href":"https:\/\/blogdoeloiltoncajuhy.com.br\/site\/wp-json\/wp\/v2\/categories?post=62142"},{"taxonomy":"post_tag","embeddable":true,"href":"https:\/\/blogdoeloiltoncajuhy.com.br\/site\/wp-json\/wp\/v2\/tags?post=62142"}],"curies":[{"name":"wp","href":"https:\/\/api.w.org\/{rel}","templated":true}]}}