{"id":62138,"date":"2022-01-10T19:20:04","date_gmt":"2022-01-10T22:20:04","guid":{"rendered":"http:\/\/blogdoeloiltoncajuhy.com.br\/site\/?p=62138"},"modified":"2022-01-10T19:20:05","modified_gmt":"2022-01-10T22:20:05","slug":"cesol-piemonte-da-diamantina-e-municipios-avanca-fortalecendo-a-economia-solidaria","status":"publish","type":"post","link":"https:\/\/blogdoeloiltoncajuhy.com.br\/site\/cesol-piemonte-da-diamantina-e-municipios-avanca-fortalecendo-a-economia-solidaria\/","title":{"rendered":"Cesol Piemonte da Diamantina e Mun\u00edcipios avan\u00e7a fortalecendo a Economia Solid\u00e1ria"},"content":{"rendered":"\n<p><strong>Ascom\/Cesol<\/strong><\/p>\n\n\n\n<div class=\"wp-block-image\"><figure class=\"aligncenter size-full\"><a href=\"https:\/\/i0.wp.com\/blogdoeloiltoncajuhy.com.br\/site\/wp-content\/uploads\/2022\/01\/CESOL_20211108_104936.jpg\"><img data-recalc-dims=\"1\" fetchpriority=\"high\" decoding=\"async\" width=\"800\" height=\"450\" src=\"https:\/\/i0.wp.com\/blogdoeloiltoncajuhy.com.br\/site\/wp-content\/uploads\/2022\/01\/CESOL_20211108_104936.jpg?resize=800%2C450\" alt=\"\" class=\"wp-image-62139\" srcset=\"https:\/\/i0.wp.com\/blogdoeloiltoncajuhy.com.br\/site\/wp-content\/uploads\/2022\/01\/CESOL_20211108_104936.jpg?w=1010&amp;ssl=1 1010w, https:\/\/i0.wp.com\/blogdoeloiltoncajuhy.com.br\/site\/wp-content\/uploads\/2022\/01\/CESOL_20211108_104936.jpg?resize=300%2C169&amp;ssl=1 300w, https:\/\/i0.wp.com\/blogdoeloiltoncajuhy.com.br\/site\/wp-content\/uploads\/2022\/01\/CESOL_20211108_104936.jpg?resize=768%2C432&amp;ssl=1 768w\" sizes=\"(max-width: 800px) 100vw, 800px\" \/><\/a><\/figure><\/div>\n\n\n\n<p>Com objetivo de promover o fortalecimento, capacita\u00e7\u00e3o dos empreendimentos econ\u00f4micos solid\u00e1rios e o desenvolvimento de estrat\u00e9gias para comercializa\u00e7\u00e3o e consumo de bens e servi\u00e7os, o Centro P\u00fablico de Economia Solid\u00e1ria (Cesol) Piemonte da Diamantina e Mun\u00edcipios encerrou 2021 executando com sucesso as metas projetadas.<\/p>\n\n\n\n<p>O Cesol PD e M alcan\u00e7ou todas as diretrizes estabelecidas pela Secretaria do Trabalho, Emprego, Renda e Esporte do Governo da Bahia (Setre), que prima por elevar a gera\u00e7\u00e3o de trabalho e renda baseado nos princ\u00edpios do associativismo e do cooperativismo.<\/p>\n\n\n\n<p>O projeto finalizou integralmente o segundo semestre estabelecido no contrato de gest\u00e3o da Associa\u00e7\u00e3o de Apoio ao Desenvolvimento Sustent\u00e1vel e Solid\u00e1rio do Estado da Bahia &#8211; ADESBA, respons\u00e1vel por gerir o Cesol PD e M.<\/p>\n\n\n\n<p>No per\u00edodo foram acompanhados 20 Empreendimentos Econ\u00f4micos Solid\u00e1rios (EES). As equipes do Cesol atenderam 07 dos 15 munic\u00edpios de sua abrang\u00eancia (presen\u00e7a em quase 50% da cobertura territorial).<\/p>\n\n\n\n<p>As a\u00e7\u00f5es contemplaram empreendimentos nos munic\u00edpios de Jacobina, Mirangaba, Ca\u00e9m, Senhor do Bonfim, Andorinha, Ant\u00f4nio Gon\u00e7alves e Jaguarari.<\/p>\n\n\n\n<div class=\"wp-block-image\"><figure class=\"aligncenter size-full\"><a href=\"https:\/\/i0.wp.com\/blogdoeloiltoncajuhy.com.br\/site\/wp-content\/uploads\/2022\/01\/CESOL_20211111_132416.jpg\"><img data-recalc-dims=\"1\" decoding=\"async\" width=\"800\" height=\"450\" src=\"https:\/\/i0.wp.com\/blogdoeloiltoncajuhy.com.br\/site\/wp-content\/uploads\/2022\/01\/CESOL_20211111_132416.jpg?resize=800%2C450\" alt=\"\" class=\"wp-image-62140\" srcset=\"https:\/\/i0.wp.com\/blogdoeloiltoncajuhy.com.br\/site\/wp-content\/uploads\/2022\/01\/CESOL_20211111_132416.jpg?w=1010&amp;ssl=1 1010w, https:\/\/i0.wp.com\/blogdoeloiltoncajuhy.com.br\/site\/wp-content\/uploads\/2022\/01\/CESOL_20211111_132416.jpg?resize=300%2C169&amp;ssl=1 300w, https:\/\/i0.wp.com\/blogdoeloiltoncajuhy.com.br\/site\/wp-content\/uploads\/2022\/01\/CESOL_20211111_132416.jpg?resize=768%2C432&amp;ssl=1 768w\" sizes=\"(max-width: 800px) 100vw, 800px\" \/><\/a><\/figure><\/div>\n\n\n\n<p>O total de fam\u00edlias diretamente atendidas nos 20 EES foi de 257, ou seja, benefici\u00e1rios diretamente atendidos, os quais representam um total indireto de 933 membros familiares envolvidos.<\/p>\n\n\n\n<p>Uma caracter\u00edstica relevante da \u00e1rea de atua\u00e7\u00e3o do Cesol PD e M \u00e9 a sua atua\u00e7\u00e3o em tr\u00eas Territ\u00f3rios de Identidade: Piemonte da Diamantina (09 munic\u00edpios), Piemonte Norte do Itapicuru (05 munic\u00edpios) e Chapada Diamantina (01 munic\u00edpio).<\/p>\n\n\n\n<p>As atividades em campo levam servi\u00e7os de pesquisas e atividades com vistas a promover os empreendimentos atendidos de informa\u00e7\u00f5es e t\u00e9cnicas gerenciais e mercadol\u00f3gicas para alcan\u00e7ar os objetivos propostos pelo trabalho de assist\u00eancia t\u00e9cnica.<\/p>\n\n\n\n<p>Para o in\u00edcio de 2022, as metas pactuadas e os servi\u00e7os previstos para o terceiro semestre (23\/12 a 23\/03\/22) projetam alcan\u00e7ar mais 26 EES. Os novos empreendimentos associativos e solid\u00e1rios ser\u00e3o atendidos conjuntamente com os atuais assistidos pelos t\u00e9cnicos do Cesol.<\/p>\n\n\n\n<p>O Centro P\u00fablico de Economia Solid\u00e1ria est\u00e1 situado na Pra\u00e7a Lu\u00eds Viana (Campo do Gado), 118, centro, Senhor do Bonfim. No mesmo endere\u00e7o est\u00e1 localizado o Emp\u00f3rio do Piemonte, loja fixa para comercializa\u00e7\u00e3o dos produtos da Economia Solid\u00e1ria.<\/p>\n","protected":false},"excerpt":{"rendered":"<p>Ascom\/Cesol Com objetivo de promover o fortalecimento, capacita\u00e7\u00e3o dos empreendimentos econ\u00f4micos solid\u00e1rios e o desenvolvimento de estrat\u00e9gias para comercializa\u00e7\u00e3o e consumo de bens e servi\u00e7os, o Centro P\u00fablico de Economia Solid\u00e1ria (Cesol) Piemonte da Diamantina e Mun\u00edcipios encerrou 2021 executando com sucesso as metas projetadas. O Cesol PD e M alcan\u00e7ou todas as diretrizes estabelecidas [&hellip;]<\/p>\n","protected":false},"author":2,"featured_media":62140,"comment_status":"open","ping_status":"open","sticky":false,"template":"","format":"standard","meta":{"_acf_changed":false,"_monsterinsights_skip_tracking":false,"_monsterinsights_sitenote_active":false,"_monsterinsights_sitenote_note":"","_monsterinsights_sitenote_category":0,"_jetpack_memberships_contains_paid_content":false,"footnotes":"","jetpack_publicize_message":"","jetpack_publicize_feature_enabled":true,"jetpack_social_post_already_shared":true,"jetpack_social_options":{"image_generator_settings":{"template":"highway","default_image_id":0,"font":"","enabled":false},"version":2}},"categories":[4],"tags":[],"class_list":["post-62138","post","type-post","status-publish","format-standard","has-post-thumbnail","hentry","category-local"],"acf":[],"jetpack_publicize_connections":[],"jetpack_featured_media_url":"https:\/\/i0.wp.com\/blogdoeloiltoncajuhy.com.br\/site\/wp-content\/uploads\/2022\/01\/CESOL_20211111_132416.jpg?fit=1010%2C568&ssl=1","jetpack_sharing_enabled":true,"publishpress_future_workflow_manual_trigger":{"enabledWorkflows":[]},"_links":{"self":[{"href":"https:\/\/blogdoeloiltoncajuhy.com.br\/site\/wp-json\/wp\/v2\/posts\/62138","targetHints":{"allow":["GET"]}}],"collection":[{"href":"https:\/\/blogdoeloiltoncajuhy.com.br\/site\/wp-json\/wp\/v2\/posts"}],"about":[{"href":"https:\/\/blogdoeloiltoncajuhy.com.br\/site\/wp-json\/wp\/v2\/types\/post"}],"author":[{"embeddable":true,"href":"https:\/\/blogdoeloiltoncajuhy.com.br\/site\/wp-json\/wp\/v2\/users\/2"}],"replies":[{"embeddable":true,"href":"https:\/\/blogdoeloiltoncajuhy.com.br\/site\/wp-json\/wp\/v2\/comments?post=62138"}],"version-history":[{"count":1,"href":"https:\/\/blogdoeloiltoncajuhy.com.br\/site\/wp-json\/wp\/v2\/posts\/62138\/revisions"}],"predecessor-version":[{"id":62141,"href":"https:\/\/blogdoeloiltoncajuhy.com.br\/site\/wp-json\/wp\/v2\/posts\/62138\/revisions\/62141"}],"wp:featuredmedia":[{"embeddable":true,"href":"https:\/\/blogdoeloiltoncajuhy.com.br\/site\/wp-json\/wp\/v2\/media\/62140"}],"wp:attachment":[{"href":"https:\/\/blogdoeloiltoncajuhy.com.br\/site\/wp-json\/wp\/v2\/media?parent=62138"}],"wp:term":[{"taxonomy":"category","embeddable":true,"href":"https:\/\/blogdoeloiltoncajuhy.com.br\/site\/wp-json\/wp\/v2\/categories?post=62138"},{"taxonomy":"post_tag","embeddable":true,"href":"https:\/\/blogdoeloiltoncajuhy.com.br\/site\/wp-json\/wp\/v2\/tags?post=62138"}],"curies":[{"name":"wp","href":"https:\/\/api.w.org\/{rel}","templated":true}]}}