{"id":62121,"date":"2022-01-10T09:16:08","date_gmt":"2022-01-10T12:16:08","guid":{"rendered":"http:\/\/blogdoeloiltoncajuhy.com.br\/site\/?p=62121"},"modified":"2022-01-10T09:16:09","modified_gmt":"2022-01-10T12:16:09","slug":"professoras-adriana-marmori-e-dayse-lago-sao-empossadas-reitora-e-vice-reitora-da-uneb","status":"publish","type":"post","link":"https:\/\/blogdoeloiltoncajuhy.com.br\/site\/professoras-adriana-marmori-e-dayse-lago-sao-empossadas-reitora-e-vice-reitora-da-uneb\/","title":{"rendered":"Professoras Adriana Marmori e Dayse Lago s\u00e3o empossadas reitora e vice-reitora da UNEB"},"content":{"rendered":"\n<p><strong>Por Danilo Oliveira<\/strong><\/p>\n\n\n\n<div class=\"wp-block-image\"><figure class=\"aligncenter size-full is-resized\"><a href=\"https:\/\/i0.wp.com\/blogdoeloiltoncajuhy.com.br\/site\/wp-content\/uploads\/2022\/01\/Posse-Uneb-2022-01.jpeg\"><img data-recalc-dims=\"1\" fetchpriority=\"high\" decoding=\"async\" src=\"https:\/\/i0.wp.com\/blogdoeloiltoncajuhy.com.br\/site\/wp-content\/uploads\/2022\/01\/Posse-Uneb-2022-01.jpeg?resize=770%2C340\" alt=\"\" class=\"wp-image-62122\" width=\"770\" height=\"340\" srcset=\"https:\/\/i0.wp.com\/blogdoeloiltoncajuhy.com.br\/site\/wp-content\/uploads\/2022\/01\/Posse-Uneb-2022-01.jpeg?w=770&amp;ssl=1 770w, https:\/\/i0.wp.com\/blogdoeloiltoncajuhy.com.br\/site\/wp-content\/uploads\/2022\/01\/Posse-Uneb-2022-01.jpeg?resize=300%2C132&amp;ssl=1 300w, https:\/\/i0.wp.com\/blogdoeloiltoncajuhy.com.br\/site\/wp-content\/uploads\/2022\/01\/Posse-Uneb-2022-01.jpeg?resize=768%2C339&amp;ssl=1 768w\" sizes=\"(max-width: 770px) 100vw, 770px\" \/><\/a><\/figure><\/div>\n\n\n\n<p>Pela primeira vez, em seus 38 anos de institucionaliza\u00e7\u00e3o, a Universidade do Estado da Bahia (UNEB) tem mulheres eleitas pela comunidade acad\u00eamica e empossadas, simultaneamente, para os cargos da Reitoria e da Vice-Reitoria. Em evento reservado, na Secretaria da Educa\u00e7\u00e3o do Estado da Bahia (SEC-BA), em Salvador, foi realizado quarta-feira (5) o Ato Solene de Posse das professoras Adriana dos Santos Marmori Lima (reitora) e Dayse Lago de Miranda (vice-reitora), para a gest\u00e3o no quadri\u00eanio 2022-2025.<\/p>\n\n\n\n<p>Presidida pelo secret\u00e1rio Jer\u00f4nimo Rodrigues (SEC-BA), a cerim\u00f4nia foi transmitida ao vivo pelo canal da TV UNEB, no YouTube, e prestigiada por membros da nova Equipe Central de Gest\u00e3o Universit\u00e1ria (ECGU), parlamentares e lideran\u00e7as pol\u00edticas.<\/p>\n\n\n\n<p>Ao registrar a sua felicidade pela celebra\u00e7\u00e3o democr\u00e1tica, simbolizada pelo ato solene, a professora Adriana Marmori ressaltou que o sentimento n\u00e3o deveria transbordar em grandes comemora\u00e7\u00f5es, sobretudo, pela situa\u00e7\u00e3o de calamidade p\u00fablica na Bahia, em raz\u00e3o das fortes chuvas no estado, e pelas crises de sa\u00fade p\u00fablica, pol\u00edtica e institucional do pa\u00eds.<\/p>\n\n\n\n<p><em>\u201cEm nome da UNEB, hoje posso falar por ela, nos solidarizamos com as fam\u00edlias que sofrem. A universidade vem movendo fios e mais fios de esperan\u00e7a, vem construindo enfrentamentos e acreditando que, uma vez entrela\u00e7ados, poder\u00e3o construir uma grande teia para a sustenta\u00e7\u00e3o e a reconstru\u00e7\u00e3o da cidadania e da democracia do Brasil\u201d<\/em>, destacou a reitora eleita.<\/p>\n\n\n\n<p>A gestora ainda reafirmou o compromisso de campanha de \u201ccuidar da UNEB e das pessoas que dela participam\u201d, dando \u00e0 institui\u00e7\u00e3o car\u00e1ter humanista e participativo, para uma gest\u00e3o descentralizada, democr\u00e1tica, transparente, com probidade na execu\u00e7\u00e3o financeira e presta\u00e7\u00e3o de contas \u00e0 comunidade acad\u00eamica e aos \u00f3rg\u00e3os reguladores.<\/p>\n\n\n\n<div class=\"wp-block-image\"><figure class=\"aligncenter size-full\"><a href=\"https:\/\/i0.wp.com\/blogdoeloiltoncajuhy.com.br\/site\/wp-content\/uploads\/2022\/01\/Posse-Uneb-2022-02.jpeg\"><img data-recalc-dims=\"1\" decoding=\"async\" width=\"770\" height=\"340\" src=\"https:\/\/i0.wp.com\/blogdoeloiltoncajuhy.com.br\/site\/wp-content\/uploads\/2022\/01\/Posse-Uneb-2022-02.jpeg?resize=770%2C340\" alt=\"\" class=\"wp-image-62123\" srcset=\"https:\/\/i0.wp.com\/blogdoeloiltoncajuhy.com.br\/site\/wp-content\/uploads\/2022\/01\/Posse-Uneb-2022-02.jpeg?w=770&amp;ssl=1 770w, https:\/\/i0.wp.com\/blogdoeloiltoncajuhy.com.br\/site\/wp-content\/uploads\/2022\/01\/Posse-Uneb-2022-02.jpeg?resize=300%2C132&amp;ssl=1 300w, https:\/\/i0.wp.com\/blogdoeloiltoncajuhy.com.br\/site\/wp-content\/uploads\/2022\/01\/Posse-Uneb-2022-02.jpeg?resize=768%2C339&amp;ssl=1 768w\" sizes=\"(max-width: 770px) 100vw, 770px\" \/><\/a><\/figure><\/div>\n\n\n\n<p>Vice-reitora eleita da UNEB, professora Dayse Lago ressaltou que um dos desafios mais complexos postos \u00e9 o de criar condi\u00e7\u00f5es para que seja implementada a descentraliza\u00e7\u00e3o da pr\u00f3pria gest\u00e3o. <em>\u201c\u00c9 uma quest\u00e3o complexa, n\u00e3o resta d\u00favida. Mas se queremos consolidar uma universidade verdadeiramente democr\u00e1tica e transparente, devemos enfrent\u00e1-la com o apoio imprescind\u00edvel de nossa comunidade acad\u00eamica\u201d<\/em>, defendeu a gestora.<\/p>\n\n\n\n<p>Para professora Dayse, outra prioridade \u00e9 a continuidade e o fortalecimento das frentes de apoio socioemocional, para acolhimento de discentes, docentes e servidores t\u00e9cnico-administrativos. <em>\u201cNa condi\u00e7\u00e3o de vice-reitora, me comprometo com a comunidade baiana de ser uma porta-voz incans\u00e1vel na defesa por uma universidade que possa desenvolver as suas atividades de forma plena e possa cumprir com o seu papel no processo para a transforma\u00e7\u00e3o da sociedade\u201d<\/em>, finalizou.<\/p>\n\n\n\n<p class=\"has-black-color has-text-color has-medium-font-size\"><strong>Reconhecimento e parceria<\/strong><\/p>\n\n\n\n<p>Ao parabenizar as novas gestoras e a equipe de gest\u00e3o, o secret\u00e1rio Jer\u00f4nimo Rodrigues (SEC-BA) estendeu os seus agradecimentos \u00e0 comunidade acad\u00eamica da universidade, pelo protagonismo no processo democr\u00e1tico vivenciado pela institui\u00e7\u00e3o nas \u00faltimas elei\u00e7\u00f5es, integralmente realizadas por media\u00e7\u00e3o tecnol\u00f3gica.<\/p>\n\n\n\n<p><em>\u201cQuero parabeniz\u00e1-las, e agradecer pelo compromisso firmado na \u00faltima reuni\u00e3o que tivemos, de retornar para a gente poder dialogar. Queremos muito que o programa que voc\u00eas apresentaram possa ser fortalecido dentro da nossa parceria. Na condi\u00e7\u00e3o de membros de um estado que defende a universidade p\u00fablica, vamos ajudar a fortalec\u00ea-la ainda mais\u201d<\/em>, destacou o secret\u00e1rio.<\/p>\n\n\n\n<p>O professor Jos\u00e9 Bites de Carvalho, reitor da UNEB entre os anos de 2014 e 2021, tamb\u00e9m celebrou a possibilidade de ampla discuss\u00e3o dos projetos para a universidade, durante o per\u00edodo eleitoral, e avaliou que o melhor foi escolhido. <em>\u201cO projeto de voc\u00eas demonstrou que pode, de forma competente, com compromisso, superar as diversas dificuldades que, efetivamente, estamos enfrentando. Esse \u00e9 o projeto de duas professoras do interior da Bahia, que t\u00eam toda a sua vida articulada com a UNEB\u201d<\/em>, afirmou o ex-gestor.<\/p>\n","protected":false},"excerpt":{"rendered":"<p>Por Danilo Oliveira Pela primeira vez, em seus 38 anos de institucionaliza\u00e7\u00e3o, a Universidade do Estado da Bahia (UNEB) tem mulheres eleitas pela comunidade acad\u00eamica e empossadas, simultaneamente, para os cargos da Reitoria e da Vice-Reitoria. Em evento reservado, na Secretaria da Educa\u00e7\u00e3o do Estado da Bahia (SEC-BA), em Salvador, foi realizado quarta-feira (5) o [&hellip;]<\/p>\n","protected":false},"author":2,"featured_media":62123,"comment_status":"open","ping_status":"open","sticky":false,"template":"","format":"standard","meta":{"_acf_changed":false,"_monsterinsights_skip_tracking":false,"_monsterinsights_sitenote_active":false,"_monsterinsights_sitenote_note":"","_monsterinsights_sitenote_category":0,"_jetpack_memberships_contains_paid_content":false,"footnotes":"","jetpack_publicize_message":"","jetpack_publicize_feature_enabled":true,"jetpack_social_post_already_shared":true,"jetpack_social_options":{"image_generator_settings":{"template":"highway","default_image_id":0,"font":"","enabled":false},"version":2}},"categories":[14],"tags":[],"class_list":["post-62121","post","type-post","status-publish","format-standard","has-post-thumbnail","hentry","category-educacao"],"acf":[],"jetpack_publicize_connections":[],"jetpack_featured_media_url":"https:\/\/i0.wp.com\/blogdoeloiltoncajuhy.com.br\/site\/wp-content\/uploads\/2022\/01\/Posse-Uneb-2022-02.jpeg?fit=770%2C340&ssl=1","jetpack_sharing_enabled":true,"publishpress_future_workflow_manual_trigger":{"enabledWorkflows":[]},"_links":{"self":[{"href":"https:\/\/blogdoeloiltoncajuhy.com.br\/site\/wp-json\/wp\/v2\/posts\/62121","targetHints":{"allow":["GET"]}}],"collection":[{"href":"https:\/\/blogdoeloiltoncajuhy.com.br\/site\/wp-json\/wp\/v2\/posts"}],"about":[{"href":"https:\/\/blogdoeloiltoncajuhy.com.br\/site\/wp-json\/wp\/v2\/types\/post"}],"author":[{"embeddable":true,"href":"https:\/\/blogdoeloiltoncajuhy.com.br\/site\/wp-json\/wp\/v2\/users\/2"}],"replies":[{"embeddable":true,"href":"https:\/\/blogdoeloiltoncajuhy.com.br\/site\/wp-json\/wp\/v2\/comments?post=62121"}],"version-history":[{"count":1,"href":"https:\/\/blogdoeloiltoncajuhy.com.br\/site\/wp-json\/wp\/v2\/posts\/62121\/revisions"}],"predecessor-version":[{"id":62124,"href":"https:\/\/blogdoeloiltoncajuhy.com.br\/site\/wp-json\/wp\/v2\/posts\/62121\/revisions\/62124"}],"wp:featuredmedia":[{"embeddable":true,"href":"https:\/\/blogdoeloiltoncajuhy.com.br\/site\/wp-json\/wp\/v2\/media\/62123"}],"wp:attachment":[{"href":"https:\/\/blogdoeloiltoncajuhy.com.br\/site\/wp-json\/wp\/v2\/media?parent=62121"}],"wp:term":[{"taxonomy":"category","embeddable":true,"href":"https:\/\/blogdoeloiltoncajuhy.com.br\/site\/wp-json\/wp\/v2\/categories?post=62121"},{"taxonomy":"post_tag","embeddable":true,"href":"https:\/\/blogdoeloiltoncajuhy.com.br\/site\/wp-json\/wp\/v2\/tags?post=62121"}],"curies":[{"name":"wp","href":"https:\/\/api.w.org\/{rel}","templated":true}]}}