{"id":62115,"date":"2022-01-10T08:01:28","date_gmt":"2022-01-10T11:01:28","guid":{"rendered":"http:\/\/blogdoeloiltoncajuhy.com.br\/site\/?p=62115"},"modified":"2022-01-10T08:03:11","modified_gmt":"2022-01-10T11:03:11","slug":"calendario-pis-pasep-2022-confira-datas-valores-e-quem-recebe","status":"publish","type":"post","link":"https:\/\/blogdoeloiltoncajuhy.com.br\/site\/calendario-pis-pasep-2022-confira-datas-valores-e-quem-recebe\/","title":{"rendered":"Calend\u00e1rio PIS\/Pasep 2022: confira datas, valores e quem recebe"},"content":{"rendered":"\n<p class=\"has-medium-font-size\">O abono salarial do PIS\/Pasep pago em 2022 \u00e9 referente aos trabalhadores que exerceram atividade de carteira assinada ao longo de 2020<\/p>\n\n\n\n<p><strong>Por Brasil 61<\/strong><\/p>\n\n\n\n<div class=\"wp-block-image\"><figure class=\"aligncenter size-full is-resized\"><a href=\"https:\/\/i0.wp.com\/blogdoeloiltoncajuhy.com.br\/site\/wp-content\/uploads\/2022\/01\/PIS-PASEP_Foto-Fabio-Rodrigues-Pozzebom-Agencia-Brasil.jpg\"><img data-recalc-dims=\"1\" fetchpriority=\"high\" decoding=\"async\" src=\"https:\/\/i0.wp.com\/blogdoeloiltoncajuhy.com.br\/site\/wp-content\/uploads\/2022\/01\/PIS-PASEP_Foto-Fabio-Rodrigues-Pozzebom-Agencia-Brasil.jpg?resize=652%2C417\" alt=\"\" class=\"wp-image-62116\" width=\"652\" height=\"417\" srcset=\"https:\/\/i0.wp.com\/blogdoeloiltoncajuhy.com.br\/site\/wp-content\/uploads\/2022\/01\/PIS-PASEP_Foto-Fabio-Rodrigues-Pozzebom-Agencia-Brasil.jpg?w=500&amp;ssl=1 500w, https:\/\/i0.wp.com\/blogdoeloiltoncajuhy.com.br\/site\/wp-content\/uploads\/2022\/01\/PIS-PASEP_Foto-Fabio-Rodrigues-Pozzebom-Agencia-Brasil.jpg?resize=300%2C192&amp;ssl=1 300w\" sizes=\"(max-width: 652px) 100vw, 652px\" \/><\/a><figcaption><sub>Foto: Fabio Rodrigues Pozzebom\/Ag\u00eancia Brasil<\/sub><\/figcaption><\/figure><\/div>\n\n\n\n<p>Com a aprova\u00e7\u00e3o do cronograma de pagamentos do abono salarial do PIS\/Pasep 2022, o in\u00edcio dos repasses est\u00e1 agendado para o dia 8 de fevereiro deste ano. A data vale para os trabalhadores nascidos no m\u00eas de janeiro. As novas libera\u00e7\u00f5es se sucedem at\u00e9 o dia 31 de mar\u00e7o, dia em que os nascidos em dezembro v\u00e3o receber os valores.<\/p>\n\n\n\n<p class=\"has-black-color has-text-color has-medium-font-size\"><strong>Confira o calend\u00e1rio<\/strong><\/p>\n\n\n\n<p class=\"has-black-color has-text-color\"><strong>PIS \u2013 (M\u00eas de nascimento\/ Data de pagamento do PIS)<\/strong><\/p>\n\n\n\n<ul class=\"wp-block-list\"><li>Janeiro &#8211; 08\/02\/2022<\/li><li>Fevereiro &#8211; 10\/02\/2022<\/li><li>Mar\u00e7o &#8211; 15\/02\/2022<\/li><li>Abril &#8211; 17\/02\/2022<\/li><li>Maio &#8211; 22\/02\/2022<\/li><li>Junho &#8211; 24\/02\/2022<\/li><li>Julho &#8211; 15\/03\/2022<\/li><li>Agosto &#8211; 17\/03\/2022<\/li><li>Setembro &#8211; 22\/03\/2022<\/li><li>Outubro &#8211; 24\/03\/2022<\/li><li>Novembro &#8211; 29\/03\/2022<\/li><li>Dezembro &#8211; 31\/03\/2022<\/li><\/ul>\n\n\n\n<p class=\"has-black-color has-text-color\"><strong>PASEP &#8211; (Final da inscri\u00e7\u00e3o\/Saque liberado dia)<\/strong><\/p>\n\n\n\n<ul class=\"wp-block-list\"><li>0 &#8211; 15\/02\/2022<\/li><li>1 &#8211; 15\/02\/2022<\/li><li>2 &#8211; 17\/02\/2022<\/li><li>3 &#8211; 17\/02\/2022<\/li><li>4 &#8211; 22\/02\/2022<\/li><li>5 &#8211; 24\/02\/2022<\/li><li>6 &#8211; 15\/03\/2022<\/li><li>7 &#8211; 17\/03\/2022<\/li><li>8 &#8211; 22\/03\/2022<\/li><li>9 &#8211; 24\/03\/2022<\/li><\/ul>\n\n\n\n<p>Fonte: <a href=\"https:\/\/brasil61.com\/n\/calendario-pis-pasep-2022-confira-datas-valores-e-quem-recebe-bras226491?email=eloilto.ferreiracajuhy@gmail.com&amp;utm_source=email_individual&amp;utm_medium=email_individual&amp;utm_campaign=email_individual\" target=\"_blank\" rel=\"noreferrer noopener\">Brasil 61<\/a><\/p>\n\n\n\n<p>Vale destacar que o abono salarial do PIS\/Pasep pago em 2022 \u00e9 referente aos trabalhadores que exerceram atividade de carteira assinada ao longo de 2020.<\/p>\n\n\n\n<p>Conforme o calend\u00e1rio dos anos anteriores, o pagamento deveria ter come\u00e7ado em julho de 2021 e seguido at\u00e9 junho de 2022. No entanto, o Conselho deliberativo do Fundo de Amparo ao Trabalhador (Condefat) decidiu alterar o esquema de pagamento, o que representou uma economia de R$ 7,45 bilh\u00f5es para o Or\u00e7amento da Uni\u00e3o em 2021.<\/p>\n\n\n\n<p>Para os trabalhadores que exerceram atividade no ano passado, a expectativa \u00e9 de que os valores sejam liberados para pagamento somente em 2023.<\/p>\n\n\n\n<p class=\"has-black-color has-text-color has-medium-font-size\"><strong>Valor do abono salarial do PIS\/Pasep<\/strong><\/p>\n\n\n\n<p>O valor do abono salarial do PIS\/Pasep ser\u00e1 de at\u00e9 R$ 1.212 para quem trabalhou de carteira assinada ao longo dos 12 meses de 2020. Para quem atuou por menos tempo, o benef\u00edcio ser\u00e1 proporcional \u00e0 quantidade de meses trabalhados no ano base. Para saber qual valor ser\u00e1 recebido, basta dividir o sal\u00e1rio m\u00ednimo por doze e multiplicar pela quantidade de meses trabalhados.<\/p>\n\n\n\n<p class=\"has-black-color has-text-color has-medium-font-size\"><strong>Quem tem direito<\/strong><\/p>\n\n\n\n<p>Tem direito ao benef\u00edcio os trabalhadores com carteira assinada que receberam, em m\u00e9dia, at\u00e9 dois sal\u00e1rios m\u00ednimos por m\u00eas e trabalharam por, pelo menos, 30 dias, em 2020.<\/p>\n\n\n\n<p>Outra exig\u00eancia \u00e9 estar inscrito no PIS-Pasep h\u00e1 pelo menos cinco anos, com informa\u00e7\u00f5es atualizadas pelos empregadores na Rela\u00e7\u00e3o Anual de Informa\u00e7\u00f5es Sociais (Rais).<\/p>\n\n\n\n<p>No in\u00edcio da \u00faltima semana, o Governo Federal apresentou a proposta com o cronograma de pagamentos do abono salarial do PIS\/Pasep 2022 ao Conselho Deliberativo do Fundo de Amparo ao Trabalhador (Condefat). O conselho aprovou a medida na \u00faltima sexta-feira (7).<\/p>\n","protected":false},"excerpt":{"rendered":"<p>O abono salarial do PIS\/Pasep pago em 2022 \u00e9 referente aos trabalhadores que exerceram atividade de carteira assinada ao longo de 2020 Por Brasil 61 Com a aprova\u00e7\u00e3o do cronograma de pagamentos do abono salarial do PIS\/Pasep 2022, o in\u00edcio dos repasses est\u00e1 agendado para o dia 8 de fevereiro deste ano. A data vale [&hellip;]<\/p>\n","protected":false},"author":2,"featured_media":62116,"comment_status":"open","ping_status":"open","sticky":false,"template":"","format":"standard","meta":{"_acf_changed":false,"_monsterinsights_skip_tracking":false,"_monsterinsights_sitenote_active":false,"_monsterinsights_sitenote_note":"","_monsterinsights_sitenote_category":0,"_jetpack_memberships_contains_paid_content":false,"footnotes":"","jetpack_publicize_message":"","jetpack_publicize_feature_enabled":true,"jetpack_social_post_already_shared":true,"jetpack_social_options":{"image_generator_settings":{"template":"highway","default_image_id":0,"font":"","enabled":false},"version":2}},"categories":[1],"tags":[],"class_list":["post-62115","post","type-post","status-publish","format-standard","has-post-thumbnail","hentry","category-noticias"],"acf":[],"jetpack_publicize_connections":[],"jetpack_featured_media_url":"https:\/\/i0.wp.com\/blogdoeloiltoncajuhy.com.br\/site\/wp-content\/uploads\/2022\/01\/PIS-PASEP_Foto-Fabio-Rodrigues-Pozzebom-Agencia-Brasil.jpg?fit=500%2C320&ssl=1","jetpack_sharing_enabled":true,"publishpress_future_workflow_manual_trigger":{"enabledWorkflows":[]},"_links":{"self":[{"href":"https:\/\/blogdoeloiltoncajuhy.com.br\/site\/wp-json\/wp\/v2\/posts\/62115","targetHints":{"allow":["GET"]}}],"collection":[{"href":"https:\/\/blogdoeloiltoncajuhy.com.br\/site\/wp-json\/wp\/v2\/posts"}],"about":[{"href":"https:\/\/blogdoeloiltoncajuhy.com.br\/site\/wp-json\/wp\/v2\/types\/post"}],"author":[{"embeddable":true,"href":"https:\/\/blogdoeloiltoncajuhy.com.br\/site\/wp-json\/wp\/v2\/users\/2"}],"replies":[{"embeddable":true,"href":"https:\/\/blogdoeloiltoncajuhy.com.br\/site\/wp-json\/wp\/v2\/comments?post=62115"}],"version-history":[{"count":2,"href":"https:\/\/blogdoeloiltoncajuhy.com.br\/site\/wp-json\/wp\/v2\/posts\/62115\/revisions"}],"predecessor-version":[{"id":62118,"href":"https:\/\/blogdoeloiltoncajuhy.com.br\/site\/wp-json\/wp\/v2\/posts\/62115\/revisions\/62118"}],"wp:featuredmedia":[{"embeddable":true,"href":"https:\/\/blogdoeloiltoncajuhy.com.br\/site\/wp-json\/wp\/v2\/media\/62116"}],"wp:attachment":[{"href":"https:\/\/blogdoeloiltoncajuhy.com.br\/site\/wp-json\/wp\/v2\/media?parent=62115"}],"wp:term":[{"taxonomy":"category","embeddable":true,"href":"https:\/\/blogdoeloiltoncajuhy.com.br\/site\/wp-json\/wp\/v2\/categories?post=62115"},{"taxonomy":"post_tag","embeddable":true,"href":"https:\/\/blogdoeloiltoncajuhy.com.br\/site\/wp-json\/wp\/v2\/tags?post=62115"}],"curies":[{"name":"wp","href":"https:\/\/api.w.org\/{rel}","templated":true}]}}