{"id":58771,"date":"2021-08-16T11:43:50","date_gmt":"2021-08-16T14:43:50","guid":{"rendered":"http:\/\/blogdoeloiltoncajuhy.com.br\/site\/?p=58771"},"modified":"2021-08-16T11:43:51","modified_gmt":"2021-08-16T14:43:51","slug":"vereador-hermogenes-almeida-celebra-o-inicio-da-obra-de-implantacao-de-rede-de-abastecimento-de-agua-do-povoado-de-estiva","status":"publish","type":"post","link":"https:\/\/blogdoeloiltoncajuhy.com.br\/site\/vereador-hermogenes-almeida-celebra-o-inicio-da-obra-de-implantacao-de-rede-de-abastecimento-de-agua-do-povoado-de-estiva\/","title":{"rendered":"Vereador Herm\u00f3genes Almeida celebra o in\u00edcio da obra de implanta\u00e7\u00e3o de rede de abastecimento de \u00e1gua do Povoado de Estiva"},"content":{"rendered":"\n<div class=\"wp-block-image\"><figure class=\"aligncenter size-large is-resized\"><a href=\"https:\/\/i0.wp.com\/blogdoeloiltoncajuhy.com.br\/site\/wp-content\/uploads\/2021\/08\/Moge_AguaEstiva01.jpeg\"><img data-recalc-dims=\"1\" fetchpriority=\"high\" decoding=\"async\" src=\"https:\/\/i0.wp.com\/blogdoeloiltoncajuhy.com.br\/site\/wp-content\/uploads\/2021\/08\/Moge_AguaEstiva01.jpeg?resize=768%2C576\" alt=\"\" class=\"wp-image-58772\" width=\"768\" height=\"576\" srcset=\"https:\/\/i0.wp.com\/blogdoeloiltoncajuhy.com.br\/site\/wp-content\/uploads\/2021\/08\/Moge_AguaEstiva01.jpeg?resize=1024%2C768&amp;ssl=1 1024w, https:\/\/i0.wp.com\/blogdoeloiltoncajuhy.com.br\/site\/wp-content\/uploads\/2021\/08\/Moge_AguaEstiva01.jpeg?resize=300%2C225&amp;ssl=1 300w, https:\/\/i0.wp.com\/blogdoeloiltoncajuhy.com.br\/site\/wp-content\/uploads\/2021\/08\/Moge_AguaEstiva01.jpeg?resize=768%2C576&amp;ssl=1 768w, https:\/\/i0.wp.com\/blogdoeloiltoncajuhy.com.br\/site\/wp-content\/uploads\/2021\/08\/Moge_AguaEstiva01.jpeg?w=1280&amp;ssl=1 1280w\" sizes=\"(max-width: 768px) 100vw, 768px\" \/><\/a><\/figure><\/div>\n\n\n\n<p>Na \u00faltima sexta-feira, 13, o vereador Herm\u00f3genes Almeida esteve na localidade de Estiva, zona rural de Senhor do Bonfim, acompanhando a obra de instala\u00e7\u00e3o da rede de abastecimento de \u00e1gua, atrav\u00e9s de uma parceria do Governo Municipal por meio do ex-prefeito Carlos Brasileiro e do Governo do Estado, que atendeu o pedido do vereador.<\/p>\n\n\n\n<p>Segundo Moge, a mais de 20 anos a popula\u00e7\u00e3o residente na regi\u00e3o espera pela implanta\u00e7\u00e3o do servi\u00e7o e que essa foi uma promessa sua de campanha, que nesse momento come\u00e7a a ser concretizada depois de muitas reuni\u00f5es, conversas e visitas t\u00e9cnicas, acompanhado de representantes da EMBASA e da Prefeitura.<\/p>\n\n\n\n<div class=\"wp-block-image\"><figure class=\"aligncenter size-large is-resized\"><a href=\"https:\/\/i0.wp.com\/blogdoeloiltoncajuhy.com.br\/site\/wp-content\/uploads\/2021\/08\/Moge_AguaEstiva02.jpeg\"><img data-recalc-dims=\"1\" decoding=\"async\" src=\"https:\/\/i0.wp.com\/blogdoeloiltoncajuhy.com.br\/site\/wp-content\/uploads\/2021\/08\/Moge_AguaEstiva02.jpeg?resize=768%2C576\" alt=\"\" class=\"wp-image-58773\" width=\"768\" height=\"576\" srcset=\"https:\/\/i0.wp.com\/blogdoeloiltoncajuhy.com.br\/site\/wp-content\/uploads\/2021\/08\/Moge_AguaEstiva02.jpeg?resize=1024%2C768&amp;ssl=1 1024w, https:\/\/i0.wp.com\/blogdoeloiltoncajuhy.com.br\/site\/wp-content\/uploads\/2021\/08\/Moge_AguaEstiva02.jpeg?resize=300%2C225&amp;ssl=1 300w, https:\/\/i0.wp.com\/blogdoeloiltoncajuhy.com.br\/site\/wp-content\/uploads\/2021\/08\/Moge_AguaEstiva02.jpeg?resize=768%2C576&amp;ssl=1 768w, https:\/\/i0.wp.com\/blogdoeloiltoncajuhy.com.br\/site\/wp-content\/uploads\/2021\/08\/Moge_AguaEstiva02.jpeg?w=1280&amp;ssl=1 1280w\" sizes=\"(max-width: 768px) 100vw, 768px\" \/><\/a><\/figure><\/div>\n\n\n\n<p>Segundo os respons\u00e1veis pelos servi\u00e7os, a obra tem um prazo de aproximadamente 120 dias para conclus\u00e3o, com o custo em torno de R$ 558.000,00 mil reais que beneficiar\u00e1 cerca de 300 fam\u00edlias locais. A obra inclui a constru\u00e7\u00e3o de reservat\u00f3rio com mais de 6,5 mil metros de assentamento de tubula\u00e7\u00e3o.<\/p>\n\n\n\n<p><em>\u201cEstou muito feliz por fazer parte dessa conquista dos moradores da Estiva, por saber que ter\u00e3o \u00e1gua encanada dispon\u00edvel a qualquer hora e n\u00e3o depender\u00e3o mais de \u00e1gua sem tratamento, de carro pipa e nem do po\u00e7o perfurado a mais de 20 anos causando diversas doen\u00e7as, e n\u00e3o podemos esquecer da companheira e amiga Nega, presidenta da Associa\u00e7\u00e3o dos Moradores de Estiva que juntos sonh\u00e1vamos pela chegada desse dia\u201d<\/em>, ressaltou o Vereador Herm\u00f3genes Almeida.<\/p>\n\n\n\n<div class=\"wp-block-image\"><figure class=\"aligncenter size-large is-resized\"><a href=\"https:\/\/i0.wp.com\/blogdoeloiltoncajuhy.com.br\/site\/wp-content\/uploads\/2021\/08\/Moge_AguaEstiva03.jpeg\"><img data-recalc-dims=\"1\" decoding=\"async\" src=\"https:\/\/i0.wp.com\/blogdoeloiltoncajuhy.com.br\/site\/wp-content\/uploads\/2021\/08\/Moge_AguaEstiva03.jpeg?resize=768%2C576\" alt=\"\" class=\"wp-image-58774\" width=\"768\" height=\"576\" srcset=\"https:\/\/i0.wp.com\/blogdoeloiltoncajuhy.com.br\/site\/wp-content\/uploads\/2021\/08\/Moge_AguaEstiva03.jpeg?resize=1024%2C768&amp;ssl=1 1024w, https:\/\/i0.wp.com\/blogdoeloiltoncajuhy.com.br\/site\/wp-content\/uploads\/2021\/08\/Moge_AguaEstiva03.jpeg?resize=300%2C225&amp;ssl=1 300w, https:\/\/i0.wp.com\/blogdoeloiltoncajuhy.com.br\/site\/wp-content\/uploads\/2021\/08\/Moge_AguaEstiva03.jpeg?resize=768%2C576&amp;ssl=1 768w, https:\/\/i0.wp.com\/blogdoeloiltoncajuhy.com.br\/site\/wp-content\/uploads\/2021\/08\/Moge_AguaEstiva03.jpeg?w=1280&amp;ssl=1 1280w\" sizes=\"(max-width: 768px) 100vw, 768px\" \/><\/a><\/figure><\/div>\n","protected":false},"excerpt":{"rendered":"<p>Na \u00faltima sexta-feira, 13, o vereador Herm\u00f3genes Almeida esteve na localidade de Estiva, zona rural de Senhor do Bonfim, acompanhando a obra de instala\u00e7\u00e3o da rede de abastecimento de \u00e1gua, atrav\u00e9s de uma parceria do Governo Municipal por meio do ex-prefeito Carlos Brasileiro e do Governo do Estado, que atendeu o pedido do vereador. Segundo [&hellip;]<\/p>\n","protected":false},"author":2,"featured_media":58772,"comment_status":"open","ping_status":"open","sticky":false,"template":"","format":"standard","meta":{"_acf_changed":false,"_monsterinsights_skip_tracking":false,"_monsterinsights_sitenote_active":false,"_monsterinsights_sitenote_note":"","_monsterinsights_sitenote_category":0,"_jetpack_memberships_contains_paid_content":false,"footnotes":"","jetpack_publicize_message":"","jetpack_publicize_feature_enabled":true,"jetpack_social_post_already_shared":true,"jetpack_social_options":{"image_generator_settings":{"template":"highway","default_image_id":0,"font":"","enabled":false},"version":2}},"categories":[3],"tags":[],"class_list":["post-58771","post","type-post","status-publish","format-standard","has-post-thumbnail","hentry","category-politica"],"acf":[],"jetpack_publicize_connections":[],"jetpack_featured_media_url":"https:\/\/i0.wp.com\/blogdoeloiltoncajuhy.com.br\/site\/wp-content\/uploads\/2021\/08\/Moge_AguaEstiva01.jpeg?fit=1280%2C960&ssl=1","jetpack_sharing_enabled":true,"publishpress_future_workflow_manual_trigger":{"enabledWorkflows":[]},"_links":{"self":[{"href":"https:\/\/blogdoeloiltoncajuhy.com.br\/site\/wp-json\/wp\/v2\/posts\/58771","targetHints":{"allow":["GET"]}}],"collection":[{"href":"https:\/\/blogdoeloiltoncajuhy.com.br\/site\/wp-json\/wp\/v2\/posts"}],"about":[{"href":"https:\/\/blogdoeloiltoncajuhy.com.br\/site\/wp-json\/wp\/v2\/types\/post"}],"author":[{"embeddable":true,"href":"https:\/\/blogdoeloiltoncajuhy.com.br\/site\/wp-json\/wp\/v2\/users\/2"}],"replies":[{"embeddable":true,"href":"https:\/\/blogdoeloiltoncajuhy.com.br\/site\/wp-json\/wp\/v2\/comments?post=58771"}],"version-history":[{"count":2,"href":"https:\/\/blogdoeloiltoncajuhy.com.br\/site\/wp-json\/wp\/v2\/posts\/58771\/revisions"}],"predecessor-version":[{"id":58776,"href":"https:\/\/blogdoeloiltoncajuhy.com.br\/site\/wp-json\/wp\/v2\/posts\/58771\/revisions\/58776"}],"wp:featuredmedia":[{"embeddable":true,"href":"https:\/\/blogdoeloiltoncajuhy.com.br\/site\/wp-json\/wp\/v2\/media\/58772"}],"wp:attachment":[{"href":"https:\/\/blogdoeloiltoncajuhy.com.br\/site\/wp-json\/wp\/v2\/media?parent=58771"}],"wp:term":[{"taxonomy":"category","embeddable":true,"href":"https:\/\/blogdoeloiltoncajuhy.com.br\/site\/wp-json\/wp\/v2\/categories?post=58771"},{"taxonomy":"post_tag","embeddable":true,"href":"https:\/\/blogdoeloiltoncajuhy.com.br\/site\/wp-json\/wp\/v2\/tags?post=58771"}],"curies":[{"name":"wp","href":"https:\/\/api.w.org\/{rel}","templated":true}]}}