{"id":58767,"date":"2021-08-16T09:09:31","date_gmt":"2021-08-16T12:09:31","guid":{"rendered":"http:\/\/blogdoeloiltoncajuhy.com.br\/site\/?p=58767"},"modified":"2021-08-16T09:09:32","modified_gmt":"2021-08-16T12:09:32","slug":"enfermeiro-e-assaltado-no-interior-de-andorinha-e-tem-carro-incendiado","status":"publish","type":"post","link":"https:\/\/blogdoeloiltoncajuhy.com.br\/site\/enfermeiro-e-assaltado-no-interior-de-andorinha-e-tem-carro-incendiado\/","title":{"rendered":"Enfermeiro \u00e9 assaltado no interior de Andorinha e tem carro incendiado"},"content":{"rendered":"\n<div class=\"wp-block-image\"><figure class=\"aligncenter size-full is-resized\"><a href=\"https:\/\/i0.wp.com\/blogdoeloiltoncajuhy.com.br\/site\/wp-content\/uploads\/2021\/08\/CARRO-INCEDIADO.jpg\"><img data-recalc-dims=\"1\" fetchpriority=\"high\" decoding=\"async\" src=\"https:\/\/i0.wp.com\/blogdoeloiltoncajuhy.com.br\/site\/wp-content\/uploads\/2021\/08\/CARRO-INCEDIADO.jpg?resize=675%2C499\" alt=\"\" class=\"wp-image-58768\" width=\"675\" height=\"499\" srcset=\"https:\/\/i0.wp.com\/blogdoeloiltoncajuhy.com.br\/site\/wp-content\/uploads\/2021\/08\/CARRO-INCEDIADO.jpg?w=395&amp;ssl=1 395w, https:\/\/i0.wp.com\/blogdoeloiltoncajuhy.com.br\/site\/wp-content\/uploads\/2021\/08\/CARRO-INCEDIADO.jpg?resize=300%2C222&amp;ssl=1 300w\" sizes=\"(max-width: 675px) 100vw, 675px\" \/><\/a><\/figure><\/div>\n\n\n\n<p>Por volta das 8h30 deste domingo (15), o enfermeiro <strong>Ren\u00ea Claudio<\/strong>, de 36 anos de idade, residente em Senhor do Bonfim, foi assaltado na estrada que liga Andorinha ao Distrito de Medrado, interior daquele munic\u00edpio. De acordo com informa\u00e7\u00f5es do <strong>Blog do Netto Maravilha<\/strong>, a v\u00edtima trafegava com seu ve\u00edculo Fox, de cor branca, quando avistou dois homens usando farda da Ferbasa \u00e0s margens da estrada.<\/p>\n\n\n\n<p>Imaginando se tratar de funcion\u00e1rios da empresa, ele parou para oferecer carona aos homens que anunciaram o assalto. O enfermeiro foi levado pelos assaltantes at\u00e9 a Fazenda Coxo, onde roubaram seu celular e carteira com documentos e cart\u00f5es da v\u00edtima.<\/p>\n\n\n\n<p>Ao tentar fugir dos bandidos, Ren\u00ea conta que foi agredido com coronhadas e ferido a golpe de faca. Em seguida, os marginais ainda atearam fogo no seu carro. Mesmo bastante ferido, Ren\u00ea Cl\u00e1udio conseguiu pedir socorro em uma resid\u00eancia nas imedia\u00e7\u00f5es do local. Ele foi socorrido para a UPA 24h de Senhor do Bonfim e depois transferido para um hospital de Petrolina-PE, onde passa bem, segundo as \u00faltimas informa\u00e7\u00f5es.<\/p>\n\n\n\n<p>Ren\u00ea Claudio mora em Senhor do Bonfim e trabalha na Ferbasa como enfermeiro. At\u00e9 a produ\u00e7\u00e3o desta mat\u00e9ria, a pol\u00edcia ainda n\u00e3o tinha pistas dos assaltantes.<\/p>\n","protected":false},"excerpt":{"rendered":"<p>Por volta das 8h30 deste domingo (15), o enfermeiro Ren\u00ea Claudio, de 36 anos de idade, residente em Senhor do Bonfim, foi assaltado na estrada que liga Andorinha ao Distrito de Medrado, interior daquele munic\u00edpio. De acordo com informa\u00e7\u00f5es do Blog do Netto Maravilha, a v\u00edtima trafegava com seu ve\u00edculo Fox, de cor branca, quando [&hellip;]<\/p>\n","protected":false},"author":2,"featured_media":58768,"comment_status":"open","ping_status":"open","sticky":false,"template":"","format":"standard","meta":{"_acf_changed":false,"_monsterinsights_skip_tracking":false,"_monsterinsights_sitenote_active":false,"_monsterinsights_sitenote_note":"","_monsterinsights_sitenote_category":0,"_jetpack_memberships_contains_paid_content":false,"footnotes":"","jetpack_publicize_message":"","jetpack_publicize_feature_enabled":true,"jetpack_social_post_already_shared":true,"jetpack_social_options":{"image_generator_settings":{"template":"highway","default_image_id":0,"font":"","enabled":false},"version":2}},"categories":[15],"tags":[],"class_list":["post-58767","post","type-post","status-publish","format-standard","has-post-thumbnail","hentry","category-policia"],"acf":[],"jetpack_publicize_connections":[],"jetpack_featured_media_url":"https:\/\/i0.wp.com\/blogdoeloiltoncajuhy.com.br\/site\/wp-content\/uploads\/2021\/08\/CARRO-INCEDIADO.jpg?fit=395%2C292&ssl=1","jetpack_sharing_enabled":true,"publishpress_future_workflow_manual_trigger":{"enabledWorkflows":[]},"_links":{"self":[{"href":"https:\/\/blogdoeloiltoncajuhy.com.br\/site\/wp-json\/wp\/v2\/posts\/58767","targetHints":{"allow":["GET"]}}],"collection":[{"href":"https:\/\/blogdoeloiltoncajuhy.com.br\/site\/wp-json\/wp\/v2\/posts"}],"about":[{"href":"https:\/\/blogdoeloiltoncajuhy.com.br\/site\/wp-json\/wp\/v2\/types\/post"}],"author":[{"embeddable":true,"href":"https:\/\/blogdoeloiltoncajuhy.com.br\/site\/wp-json\/wp\/v2\/users\/2"}],"replies":[{"embeddable":true,"href":"https:\/\/blogdoeloiltoncajuhy.com.br\/site\/wp-json\/wp\/v2\/comments?post=58767"}],"version-history":[{"count":2,"href":"https:\/\/blogdoeloiltoncajuhy.com.br\/site\/wp-json\/wp\/v2\/posts\/58767\/revisions"}],"predecessor-version":[{"id":58770,"href":"https:\/\/blogdoeloiltoncajuhy.com.br\/site\/wp-json\/wp\/v2\/posts\/58767\/revisions\/58770"}],"wp:featuredmedia":[{"embeddable":true,"href":"https:\/\/blogdoeloiltoncajuhy.com.br\/site\/wp-json\/wp\/v2\/media\/58768"}],"wp:attachment":[{"href":"https:\/\/blogdoeloiltoncajuhy.com.br\/site\/wp-json\/wp\/v2\/media?parent=58767"}],"wp:term":[{"taxonomy":"category","embeddable":true,"href":"https:\/\/blogdoeloiltoncajuhy.com.br\/site\/wp-json\/wp\/v2\/categories?post=58767"},{"taxonomy":"post_tag","embeddable":true,"href":"https:\/\/blogdoeloiltoncajuhy.com.br\/site\/wp-json\/wp\/v2\/tags?post=58767"}],"curies":[{"name":"wp","href":"https:\/\/api.w.org\/{rel}","templated":true}]}}