{"id":58760,"date":"2021-08-16T07:26:58","date_gmt":"2021-08-16T10:26:58","guid":{"rendered":"http:\/\/blogdoeloiltoncajuhy.com.br\/site\/?p=58760"},"modified":"2021-08-16T07:27:00","modified_gmt":"2021-08-16T10:27:00","slug":"publicitario-duda-mendonca-morre-em-sp-aos-77-anos","status":"publish","type":"post","link":"https:\/\/blogdoeloiltoncajuhy.com.br\/site\/publicitario-duda-mendonca-morre-em-sp-aos-77-anos\/","title":{"rendered":"Publicit\u00e1rio Duda Mendon\u00e7a morre em SP aos 77 anos"},"content":{"rendered":"\n<h5 class=\"has-text-align-center wp-block-heading\"><em>Ex-marqueteiro do PT tratava um c\u00e2ncer no c\u00e9rebro. Ele foi internado no Hospital S\u00edrio-Liban\u00eas, em S\u00e3o Paulo, em junho, ap\u00f3s ser diagnosticado com Covid<\/em><\/h5>\n\n\n\n<div class=\"wp-block-image\"><figure class=\"aligncenter size-full\"><a href=\"https:\/\/i0.wp.com\/blogdoeloiltoncajuhy.com.br\/site\/wp-content\/uploads\/2021\/08\/Duda-Mendonca.jpg\"><img data-recalc-dims=\"1\" fetchpriority=\"high\" decoding=\"async\" width=\"800\" height=\"559\" src=\"https:\/\/i0.wp.com\/blogdoeloiltoncajuhy.com.br\/site\/wp-content\/uploads\/2021\/08\/Duda-Mendonca.jpg?resize=800%2C559\" alt=\"\" class=\"wp-image-58761\" srcset=\"https:\/\/i0.wp.com\/blogdoeloiltoncajuhy.com.br\/site\/wp-content\/uploads\/2021\/08\/Duda-Mendonca.jpg?w=984&amp;ssl=1 984w, https:\/\/i0.wp.com\/blogdoeloiltoncajuhy.com.br\/site\/wp-content\/uploads\/2021\/08\/Duda-Mendonca.jpg?resize=300%2C209&amp;ssl=1 300w, https:\/\/i0.wp.com\/blogdoeloiltoncajuhy.com.br\/site\/wp-content\/uploads\/2021\/08\/Duda-Mendonca.jpg?resize=768%2C536&amp;ssl=1 768w\" sizes=\"(max-width: 800px) 100vw, 800px\" \/><\/a><figcaption><em><sub>Duda Mendon\u00e7a em foto de mar\u00e7o de 2006 \u2014 Foto: Celso Junior\/Estad\u00e3o Conte\u00fado\/Arquivo<\/sub><\/em><\/figcaption><\/figure><\/div>\n\n\n\n<p>O publicit\u00e1rio Duda Mendon\u00e7a morreu, aos 77 anos, em S\u00e3o Paulo. Ele estava internado no Hospital S\u00edrio-Liban\u00eas, na regi\u00e3o central da capital, desde junho. A informa\u00e7\u00e3o foi confirmada ao G1 Bahia nesta segunda-feira (16) pela fam\u00edlia do publicit\u00e1rio.<\/p>\n\n\n\n<p>Duda tratava um c\u00e2ncer no c\u00e9rebro, quando foi diagnosticado com Covid-19 e precisou ser intubado.<\/p>\n\n\n\n<p>Ex-marqueteiro do Partido dos Trabalhadores (PT), Duda Mendon\u00e7a se tornou conhecido nacionalmente por ter sido o publicit\u00e1rio por tr\u00e1s da primeira campanha eleitoral vitoriosa de Luiz In\u00e1cio Lula da Silva \u00e0 Presid\u00eancia da Rep\u00fablica, em 2002.<\/p>\n\n\n\n<p>Ele tamb\u00e9m participou de campanhas de Paulo Maluf (PP), em S\u00e3o Paulo; Miguel Arraes, em Pernambuco; Ciro Gomes (PDT), no Cear\u00e1, e do ex-primeiro-ministro de Portugal, Pedro Santana Lopes.<\/p>\n\n\n\n<p>O corpo do publicit\u00e1rio ser\u00e1 cremado, segundo a fam\u00edlia.<\/p>\n","protected":false},"excerpt":{"rendered":"<p>Ex-marqueteiro do PT tratava um c\u00e2ncer no c\u00e9rebro. Ele foi internado no Hospital S\u00edrio-Liban\u00eas, em S\u00e3o Paulo, em junho, ap\u00f3s ser diagnosticado com Covid O publicit\u00e1rio Duda Mendon\u00e7a morreu, aos 77 anos, em S\u00e3o Paulo. Ele estava internado no Hospital S\u00edrio-Liban\u00eas, na regi\u00e3o central da capital, desde junho. A informa\u00e7\u00e3o foi confirmada ao G1 Bahia [&hellip;]<\/p>\n","protected":false},"author":2,"featured_media":58761,"comment_status":"open","ping_status":"open","sticky":false,"template":"","format":"standard","meta":{"_acf_changed":false,"_monsterinsights_skip_tracking":false,"_monsterinsights_sitenote_active":false,"_monsterinsights_sitenote_note":"","_monsterinsights_sitenote_category":0,"_jetpack_memberships_contains_paid_content":false,"footnotes":"","jetpack_publicize_message":"","jetpack_publicize_feature_enabled":true,"jetpack_social_post_already_shared":true,"jetpack_social_options":{"image_generator_settings":{"template":"highway","default_image_id":0,"font":"","enabled":false},"version":2}},"categories":[3],"tags":[],"class_list":["post-58760","post","type-post","status-publish","format-standard","has-post-thumbnail","hentry","category-politica"],"acf":[],"jetpack_publicize_connections":[],"jetpack_featured_media_url":"https:\/\/i0.wp.com\/blogdoeloiltoncajuhy.com.br\/site\/wp-content\/uploads\/2021\/08\/Duda-Mendonca.jpg?fit=984%2C687&ssl=1","jetpack_sharing_enabled":true,"publishpress_future_workflow_manual_trigger":{"enabledWorkflows":[]},"_links":{"self":[{"href":"https:\/\/blogdoeloiltoncajuhy.com.br\/site\/wp-json\/wp\/v2\/posts\/58760","targetHints":{"allow":["GET"]}}],"collection":[{"href":"https:\/\/blogdoeloiltoncajuhy.com.br\/site\/wp-json\/wp\/v2\/posts"}],"about":[{"href":"https:\/\/blogdoeloiltoncajuhy.com.br\/site\/wp-json\/wp\/v2\/types\/post"}],"author":[{"embeddable":true,"href":"https:\/\/blogdoeloiltoncajuhy.com.br\/site\/wp-json\/wp\/v2\/users\/2"}],"replies":[{"embeddable":true,"href":"https:\/\/blogdoeloiltoncajuhy.com.br\/site\/wp-json\/wp\/v2\/comments?post=58760"}],"version-history":[{"count":2,"href":"https:\/\/blogdoeloiltoncajuhy.com.br\/site\/wp-json\/wp\/v2\/posts\/58760\/revisions"}],"predecessor-version":[{"id":58763,"href":"https:\/\/blogdoeloiltoncajuhy.com.br\/site\/wp-json\/wp\/v2\/posts\/58760\/revisions\/58763"}],"wp:featuredmedia":[{"embeddable":true,"href":"https:\/\/blogdoeloiltoncajuhy.com.br\/site\/wp-json\/wp\/v2\/media\/58761"}],"wp:attachment":[{"href":"https:\/\/blogdoeloiltoncajuhy.com.br\/site\/wp-json\/wp\/v2\/media?parent=58760"}],"wp:term":[{"taxonomy":"category","embeddable":true,"href":"https:\/\/blogdoeloiltoncajuhy.com.br\/site\/wp-json\/wp\/v2\/categories?post=58760"},{"taxonomy":"post_tag","embeddable":true,"href":"https:\/\/blogdoeloiltoncajuhy.com.br\/site\/wp-json\/wp\/v2\/tags?post=58760"}],"curies":[{"name":"wp","href":"https:\/\/api.w.org\/{rel}","templated":true}]}}