{"id":579,"date":"2015-05-12T20:56:33","date_gmt":"2015-05-12T23:56:33","guid":{"rendered":"http:\/\/blogdoeloiltoncajuhy.com.br\/site\/?p=579"},"modified":"2015-05-12T20:56:33","modified_gmt":"2015-05-12T23:56:33","slug":"imagens-do-descaso","status":"publish","type":"post","link":"https:\/\/blogdoeloiltoncajuhy.com.br\/site\/imagens-do-descaso\/","title":{"rendered":"Imagens do descaso"},"content":{"rendered":"<p>A cada dia os problemas v\u00e3o aumentando nas ruas de Senhor do Bonfim. Nesta ter\u00e7a-feira (12), um leitor nos enviou fotos que mostram a face de uma administra\u00e7\u00e3o que n\u00e3o consegue sequer fiscalizar e observar as m\u00ednimas \u00a0situa\u00e7\u00f5es de desrespeito ao nosso povo.<\/p>\n<p><a href=\"https:\/\/i0.wp.com\/blogdoeloiltoncajuhy.com.br\/site\/wp-content\/uploads\/2015\/05\/LA.jpg\"><img data-recalc-dims=\"1\" fetchpriority=\"high\" decoding=\"async\" class=\"aligncenter size-full wp-image-580\" src=\"https:\/\/i0.wp.com\/blogdoeloiltoncajuhy.com.br\/site\/wp-content\/uploads\/2015\/05\/LA.jpg?resize=800%2C471\" alt=\"LA\" width=\"800\" height=\"471\" srcset=\"https:\/\/i0.wp.com\/blogdoeloiltoncajuhy.com.br\/site\/wp-content\/uploads\/2015\/05\/LA.jpg?w=960&amp;ssl=1 960w, https:\/\/i0.wp.com\/blogdoeloiltoncajuhy.com.br\/site\/wp-content\/uploads\/2015\/05\/LA.jpg?resize=300%2C177&amp;ssl=1 300w, https:\/\/i0.wp.com\/blogdoeloiltoncajuhy.com.br\/site\/wp-content\/uploads\/2015\/05\/LA.jpg?resize=250%2C147&amp;ssl=1 250w\" sizes=\"(max-width: 800px) 100vw, 800px\" \/><\/a>Esta foto mostra uma l\u00e2mpada acesa 24 horas por dia, em poste localizado na sa\u00edda da Rua Engenheiro Buriti. Sem d\u00favida, essa conta quem paga \u00e9 o consumidor de energia, uma vez que temos em nosso munic\u00edpio a Contribui\u00e7\u00e3o de Ilumina\u00e7\u00e3o P\u00fablica (CIP), que \u00e9 cobrada do povo na conta de luz.<\/p>\n<p><a href=\"https:\/\/i0.wp.com\/blogdoeloiltoncajuhy.com.br\/site\/wp-content\/uploads\/2015\/05\/CO.jpg\"><img data-recalc-dims=\"1\" decoding=\"async\" class=\"aligncenter size-full wp-image-581\" src=\"https:\/\/i0.wp.com\/blogdoeloiltoncajuhy.com.br\/site\/wp-content\/uploads\/2015\/05\/CO.jpg?resize=720%2C960\" alt=\"CO\" width=\"720\" height=\"960\" srcset=\"https:\/\/i0.wp.com\/blogdoeloiltoncajuhy.com.br\/site\/wp-content\/uploads\/2015\/05\/CO.jpg?w=720&amp;ssl=1 720w, https:\/\/i0.wp.com\/blogdoeloiltoncajuhy.com.br\/site\/wp-content\/uploads\/2015\/05\/CO.jpg?resize=225%2C300&amp;ssl=1 225w, https:\/\/i0.wp.com\/blogdoeloiltoncajuhy.com.br\/site\/wp-content\/uploads\/2015\/05\/CO.jpg?resize=188%2C250&amp;ssl=1 188w\" sizes=\"(max-width: 720px) 100vw, 720px\" \/><\/a>Agora, observem um absurdo ainda maior. A cal\u00e7ada da Rua Bar\u00e3o de Cotegipe, onde h\u00e1 uma constru\u00e7\u00e3o, est\u00e1 totalmente obstru\u00edda, impedindo a passagem de pedestres que se v\u00eam obrigados a ir para a via p\u00fablica disputar espa\u00e7o com os carros, correndo riscos de acidente.<\/p>\n<p><a href=\"https:\/\/i0.wp.com\/blogdoeloiltoncajuhy.com.br\/site\/wp-content\/uploads\/2015\/05\/CO-2.jpg\"><img data-recalc-dims=\"1\" decoding=\"async\" class=\"aligncenter size-full wp-image-582\" src=\"https:\/\/i0.wp.com\/blogdoeloiltoncajuhy.com.br\/site\/wp-content\/uploads\/2015\/05\/CO-2.jpg?resize=517%2C859\" alt=\"CO 2\" width=\"517\" height=\"859\" srcset=\"https:\/\/i0.wp.com\/blogdoeloiltoncajuhy.com.br\/site\/wp-content\/uploads\/2015\/05\/CO-2.jpg?w=517&amp;ssl=1 517w, https:\/\/i0.wp.com\/blogdoeloiltoncajuhy.com.br\/site\/wp-content\/uploads\/2015\/05\/CO-2.jpg?resize=181%2C300&amp;ssl=1 181w, https:\/\/i0.wp.com\/blogdoeloiltoncajuhy.com.br\/site\/wp-content\/uploads\/2015\/05\/CO-2.jpg?resize=150%2C250&amp;ssl=1 150w\" sizes=\"(max-width: 517px) 100vw, 517px\" \/><\/a>Nessa outra imagem vemos uma senhora tentando passar e, no alto &#8211; lado esquerdo -, um trabalhador da obra puxando um balde aparentemente de concreto, sem que haja nenhuma prote\u00e7\u00e3o para os pedestres. S\u00e3o coisas simples, mas que podem gerar grande preju\u00edzo para as pessoas. Mas, mesmo se tratando de problemas m\u00ednimos, o governo municipal se mostra indiferente. \u00c9 muita incompet\u00eancia!<\/p>\n<p><em>*Eloilton Cajuhy &#8211; DRT 3621<\/em><\/p>\n","protected":false},"excerpt":{"rendered":"<p>A cada dia os problemas v\u00e3o aumentando nas ruas de Senhor do Bonfim. Nesta ter\u00e7a-feira (12), um leitor nos enviou fotos que mostram a face de uma administra\u00e7\u00e3o que n\u00e3o consegue sequer fiscalizar e observar as m\u00ednimas \u00a0situa\u00e7\u00f5es de desrespeito ao nosso povo. Esta foto mostra uma l\u00e2mpada acesa 24 horas por dia, em poste [&hellip;]<\/p>\n","protected":false},"author":2,"featured_media":582,"comment_status":"open","ping_status":"open","sticky":false,"template":"","format":"standard","meta":{"_acf_changed":false,"_monsterinsights_skip_tracking":false,"_monsterinsights_sitenote_active":false,"_monsterinsights_sitenote_note":"","_monsterinsights_sitenote_category":0,"_jetpack_memberships_contains_paid_content":false,"footnotes":"","jetpack_publicize_message":"","jetpack_publicize_feature_enabled":true,"jetpack_social_post_already_shared":true,"jetpack_social_options":{"image_generator_settings":{"template":"highway","default_image_id":0,"font":"","enabled":false},"version":2}},"categories":[1,4],"tags":[],"class_list":["post-579","post","type-post","status-publish","format-standard","has-post-thumbnail","hentry","category-noticias","category-local"],"acf":[],"jetpack_publicize_connections":[],"jetpack_featured_media_url":"https:\/\/i0.wp.com\/blogdoeloiltoncajuhy.com.br\/site\/wp-content\/uploads\/2015\/05\/CO-2.jpg?fit=517%2C859&ssl=1","jetpack_sharing_enabled":true,"publishpress_future_workflow_manual_trigger":{"enabledWorkflows":[]},"_links":{"self":[{"href":"https:\/\/blogdoeloiltoncajuhy.com.br\/site\/wp-json\/wp\/v2\/posts\/579","targetHints":{"allow":["GET"]}}],"collection":[{"href":"https:\/\/blogdoeloiltoncajuhy.com.br\/site\/wp-json\/wp\/v2\/posts"}],"about":[{"href":"https:\/\/blogdoeloiltoncajuhy.com.br\/site\/wp-json\/wp\/v2\/types\/post"}],"author":[{"embeddable":true,"href":"https:\/\/blogdoeloiltoncajuhy.com.br\/site\/wp-json\/wp\/v2\/users\/2"}],"replies":[{"embeddable":true,"href":"https:\/\/blogdoeloiltoncajuhy.com.br\/site\/wp-json\/wp\/v2\/comments?post=579"}],"version-history":[{"count":1,"href":"https:\/\/blogdoeloiltoncajuhy.com.br\/site\/wp-json\/wp\/v2\/posts\/579\/revisions"}],"predecessor-version":[{"id":583,"href":"https:\/\/blogdoeloiltoncajuhy.com.br\/site\/wp-json\/wp\/v2\/posts\/579\/revisions\/583"}],"wp:featuredmedia":[{"embeddable":true,"href":"https:\/\/blogdoeloiltoncajuhy.com.br\/site\/wp-json\/wp\/v2\/media\/582"}],"wp:attachment":[{"href":"https:\/\/blogdoeloiltoncajuhy.com.br\/site\/wp-json\/wp\/v2\/media?parent=579"}],"wp:term":[{"taxonomy":"category","embeddable":true,"href":"https:\/\/blogdoeloiltoncajuhy.com.br\/site\/wp-json\/wp\/v2\/categories?post=579"},{"taxonomy":"post_tag","embeddable":true,"href":"https:\/\/blogdoeloiltoncajuhy.com.br\/site\/wp-json\/wp\/v2\/tags?post=579"}],"curies":[{"name":"wp","href":"https:\/\/api.w.org\/{rel}","templated":true}]}}