{"id":573,"date":"2015-05-12T18:55:17","date_gmt":"2015-05-12T21:55:17","guid":{"rendered":"http:\/\/blogdoeloiltoncajuhy.com.br\/site\/?p=573"},"modified":"2015-05-12T18:55:17","modified_gmt":"2015-05-12T21:55:17","slug":"defesa-desiste-do-caso-e-julgamento-de-joao-macedo-e-adiado","status":"publish","type":"post","link":"https:\/\/blogdoeloiltoncajuhy.com.br\/site\/defesa-desiste-do-caso-e-julgamento-de-joao-macedo-e-adiado\/","title":{"rendered":"Defesa desiste do caso e julgamento de Jo\u00e3o Macedo \u00e9 adiado"},"content":{"rendered":"<figure id=\"attachment_574\" aria-describedby=\"caption-attachment-574\" style=\"width: 300px\" class=\"wp-caption aligncenter\"><a href=\"https:\/\/i0.wp.com\/blogdoeloiltoncajuhy.com.br\/site\/wp-content\/uploads\/2015\/05\/Jul.-J.jpg\"><img data-recalc-dims=\"1\" decoding=\"async\" class=\"wp-image-574 size-medium\" src=\"https:\/\/i0.wp.com\/blogdoeloiltoncajuhy.com.br\/site\/wp-content\/uploads\/2015\/05\/Jul.-J.jpg?resize=300%2C155\" alt=\"Foto: Silvanei Viana\" width=\"300\" height=\"155\" srcset=\"https:\/\/i0.wp.com\/blogdoeloiltoncajuhy.com.br\/site\/wp-content\/uploads\/2015\/05\/Jul.-J.jpg?resize=300%2C155&amp;ssl=1 300w, https:\/\/i0.wp.com\/blogdoeloiltoncajuhy.com.br\/site\/wp-content\/uploads\/2015\/05\/Jul.-J.jpg?w=1024&amp;ssl=1 1024w, https:\/\/i0.wp.com\/blogdoeloiltoncajuhy.com.br\/site\/wp-content\/uploads\/2015\/05\/Jul.-J.jpg?resize=250%2C129&amp;ssl=1 250w\" sizes=\"(max-width: 300px) 100vw, 300px\" \/><\/a><figcaption id=\"caption-attachment-574\" class=\"wp-caption-text\">Foto: Silvanei Viana<\/figcaption><\/figure>\n<p>O julgamento do ex-policial militar e ex-investigador da Pol\u00edcia Civil,\u00a0 Jo\u00e3o Macedo dos Santos, que seria realizado nesta ter\u00e7a-feira (12) foi adiado para o pr\u00f3ximo dia 16 de junho. Os advogados de defesa do r\u00e9u renunciaram a defesa horas antes da sess\u00e3o de julgamento.<\/p>\n<p>Os r\u00e9us ter\u00e3o dez dias para indicar novo advogado ou ser\u00e3o defendidos por um defensor p\u00fablico.\u00a0O crime aconteceu em outubro de 2011 na resid\u00eancia do casal, na Travessa Castro Alves, Bairro do Mercado. A v\u00edtima, a estudante M\u00e1rcia Regina Macedo, foi algemada e espancada, e morreu em consequ\u00eancia dos fortes golpes que recebeu do esposo.<\/p>\n<p>Depois de cometer o crime, Jo\u00e3o, que j\u00e1 foi policial militar e trabalhava como investigador da pol\u00edcia civil, desde 2009, limpou o local para n\u00e3o deixar vest\u00edgios e levou o corpo para um local na estrada que liga Bonfim ao munic\u00edpio de Antonio Gon\u00e7alves para forjar\u00a0um acidente e tentar enganar a pol\u00edcia.<\/p>\n<p>A Secretaria de Seguran\u00e7a de P\u00fablica, atrav\u00e9s da Pol\u00edcia Civil do Estado, abriu inqu\u00e9rito para apurar o caso. Inicialmente, Jo\u00e3o Macedo foi afastado da fun\u00e7\u00e3o. Depois, demitido atrav\u00e9s de ato publicado no Di\u00e1rio Oficial do Estado, por se tratar de funcion\u00e1rio p\u00fablico concursado. Desde ent\u00e3o, ele foi colocado \u00e0 disposi\u00e7\u00e3o da justi\u00e7a.<\/p>\n<p>Um membro da fam\u00edlia de M\u00e1rcia Regina, que pediu anonimato, disse que a fam\u00edlia\u00a0\u201cn\u00e3o sabe se isso [ren\u00fancia do advogado de defesa] \u00e9 uma estrat\u00e9gia para ganhar mais tempo. A gente quer justi\u00e7a e estamos t\u00e3o perto\u201d, disse.<\/p>\n<p>Familiares e amigos de M\u00e1rcia Regina protestaram do lado de fora do f\u00f3rum. Muitos usavam camisas com a foto de M\u00e1rcia e pediam justi\u00e7a. Jo\u00e3o Macedo, chorava durante todo o tempo em que ficou sentado escoltado pela pol\u00edcia.<\/p>\n<p><em>*Blog do Walterley Kuhim \/ Adapta\u00e7\u00e3o Eloilton Cajuhy &#8211; DRT 3621<\/em><\/p>\n","protected":false},"excerpt":{"rendered":"<p>O julgamento do ex-policial militar e ex-investigador da Pol\u00edcia Civil,\u00a0 Jo\u00e3o Macedo dos Santos, que seria realizado nesta ter\u00e7a-feira (12) foi adiado para o pr\u00f3ximo dia 16 de junho. Os advogados de defesa do r\u00e9u renunciaram a defesa horas antes da sess\u00e3o de julgamento. Os r\u00e9us ter\u00e3o dez dias para indicar novo advogado ou ser\u00e3o [&hellip;]<\/p>\n","protected":false},"author":2,"featured_media":574,"comment_status":"open","ping_status":"open","sticky":false,"template":"","format":"standard","meta":{"_acf_changed":false,"_monsterinsights_skip_tracking":false,"_monsterinsights_sitenote_active":false,"_monsterinsights_sitenote_note":"","_monsterinsights_sitenote_category":0,"_jetpack_memberships_contains_paid_content":false,"footnotes":"","jetpack_publicize_message":"","jetpack_publicize_feature_enabled":true,"jetpack_social_post_already_shared":true,"jetpack_social_options":{"image_generator_settings":{"template":"highway","default_image_id":0,"font":"","enabled":false},"version":2}},"categories":[5,1,4],"tags":[],"class_list":["post-573","post","type-post","status-publish","format-standard","has-post-thumbnail","hentry","category-cotidiano","category-noticias","category-local"],"acf":[],"jetpack_publicize_connections":[],"jetpack_featured_media_url":"https:\/\/i0.wp.com\/blogdoeloiltoncajuhy.com.br\/site\/wp-content\/uploads\/2015\/05\/Jul.-J.jpg?fit=1024%2C528&ssl=1","jetpack_sharing_enabled":true,"publishpress_future_workflow_manual_trigger":{"enabledWorkflows":[]},"_links":{"self":[{"href":"https:\/\/blogdoeloiltoncajuhy.com.br\/site\/wp-json\/wp\/v2\/posts\/573","targetHints":{"allow":["GET"]}}],"collection":[{"href":"https:\/\/blogdoeloiltoncajuhy.com.br\/site\/wp-json\/wp\/v2\/posts"}],"about":[{"href":"https:\/\/blogdoeloiltoncajuhy.com.br\/site\/wp-json\/wp\/v2\/types\/post"}],"author":[{"embeddable":true,"href":"https:\/\/blogdoeloiltoncajuhy.com.br\/site\/wp-json\/wp\/v2\/users\/2"}],"replies":[{"embeddable":true,"href":"https:\/\/blogdoeloiltoncajuhy.com.br\/site\/wp-json\/wp\/v2\/comments?post=573"}],"version-history":[{"count":1,"href":"https:\/\/blogdoeloiltoncajuhy.com.br\/site\/wp-json\/wp\/v2\/posts\/573\/revisions"}],"predecessor-version":[{"id":575,"href":"https:\/\/blogdoeloiltoncajuhy.com.br\/site\/wp-json\/wp\/v2\/posts\/573\/revisions\/575"}],"wp:featuredmedia":[{"embeddable":true,"href":"https:\/\/blogdoeloiltoncajuhy.com.br\/site\/wp-json\/wp\/v2\/media\/574"}],"wp:attachment":[{"href":"https:\/\/blogdoeloiltoncajuhy.com.br\/site\/wp-json\/wp\/v2\/media?parent=573"}],"wp:term":[{"taxonomy":"category","embeddable":true,"href":"https:\/\/blogdoeloiltoncajuhy.com.br\/site\/wp-json\/wp\/v2\/categories?post=573"},{"taxonomy":"post_tag","embeddable":true,"href":"https:\/\/blogdoeloiltoncajuhy.com.br\/site\/wp-json\/wp\/v2\/tags?post=573"}],"curies":[{"name":"wp","href":"https:\/\/api.w.org\/{rel}","templated":true}]}}