{"id":57109,"date":"2021-06-11T07:26:51","date_gmt":"2021-06-11T10:26:51","guid":{"rendered":"http:\/\/blogdoeloiltoncajuhy.com.br\/site\/?p=57109"},"modified":"2021-06-11T07:26:52","modified_gmt":"2021-06-11T10:26:52","slug":"governo-do-estado-disponibiliza-segundo-credito-do-bolsa-presenca-para-familias-beneficiadas","status":"publish","type":"post","link":"https:\/\/blogdoeloiltoncajuhy.com.br\/site\/governo-do-estado-disponibiliza-segundo-credito-do-bolsa-presenca-para-familias-beneficiadas\/","title":{"rendered":"Governo do Estado disponibiliza segundo cr\u00e9dito do Bolsa Presen\u00e7a para fam\u00edlias beneficiadas"},"content":{"rendered":"\n<div class=\"wp-block-image\"><figure class=\"aligncenter size-large\"><a href=\"https:\/\/i0.wp.com\/blogdoeloiltoncajuhy.com.br\/site\/wp-content\/uploads\/2021\/06\/GOVBA_BolsaPresenca-II.jpeg\"><img data-recalc-dims=\"1\" fetchpriority=\"high\" decoding=\"async\" width=\"800\" height=\"533\" src=\"https:\/\/i0.wp.com\/blogdoeloiltoncajuhy.com.br\/site\/wp-content\/uploads\/2021\/06\/GOVBA_BolsaPresenca-II.jpeg?resize=800%2C533\" alt=\"\" class=\"wp-image-57110\" srcset=\"https:\/\/i0.wp.com\/blogdoeloiltoncajuhy.com.br\/site\/wp-content\/uploads\/2021\/06\/GOVBA_BolsaPresenca-II.jpeg?resize=1024%2C682&amp;ssl=1 1024w, https:\/\/i0.wp.com\/blogdoeloiltoncajuhy.com.br\/site\/wp-content\/uploads\/2021\/06\/GOVBA_BolsaPresenca-II.jpeg?resize=300%2C200&amp;ssl=1 300w, https:\/\/i0.wp.com\/blogdoeloiltoncajuhy.com.br\/site\/wp-content\/uploads\/2021\/06\/GOVBA_BolsaPresenca-II.jpeg?resize=768%2C511&amp;ssl=1 768w, https:\/\/i0.wp.com\/blogdoeloiltoncajuhy.com.br\/site\/wp-content\/uploads\/2021\/06\/GOVBA_BolsaPresenca-II.jpeg?w=1068&amp;ssl=1 1068w\" sizes=\"(max-width: 800px) 100vw, 800px\" \/><\/a><\/figure><\/div>\n\n\n\n<p>O segundo cr\u00e9dito do Bolsa Presen\u00e7a, no valor de R$ 150, foi efetuado nesta quinta-feira (10). A iniciativa deve contemplar 311 mil fam\u00edlias e 357 mil estudantes da rede estadual de ensino em condi\u00e7\u00f5es de vulnerabilidade socioecon\u00f4mica. O programa do Governo do Estado visa apoiar financeiramente as fam\u00edlias; contribuir para evitar o abandono escolar; e fortalecer a aprendizagem. Todas as fam\u00edlias beneficiadas ainda receber\u00e3o mais quatro parcelas. Para mais informa\u00e7\u00f5es, acesse <a href=\"http:\/\/www.educacao.ba.gov.br\/bolsapresenca\" data-type=\"URL\" data-id=\"www.educacao.ba.gov.br\/bolsapresenca\" target=\"_blank\" rel=\"noreferrer noopener\">www.educacao.ba.gov.br\/bolsapresenca<\/a>.<\/p>\n\n\n\n<p>O coordenador executivo de Programas e Projetos Estrat\u00e9gicos da Secretaria da Educa\u00e7\u00e3o do Estado (SEC), Marcius Gomes, ressaltou a import\u00e2ncia do aux\u00edlio estudantil. <em>\u201cComo uma das principais estrat\u00e9gias no pa\u00eds para busca ativa, o objetivo do programa \u00e9 assegurar a perman\u00eancia dos estudantes por meio do est\u00edmulo de uma bolsa perman\u00eancia, garantindo o desenvolvimento de atividades pedag\u00f3gicas orientadas pela escola, em parceria com a fam\u00edlia dos estudantes em situa\u00e7\u00e3o de pobreza e extrema pobreza. Medidas como esta s\u00e3o necess\u00e1rias para mitigar os efeitos do fen\u00f4meno do abandono escolar que tem o vi\u00e9s econ\u00f4mico como sua principal causa\u201d<\/em>.<\/p>\n\n\n\n<p class=\"has-black-color has-text-color has-medium-font-size\"><strong>Sobre o programa<\/strong><\/p>\n\n\n\n<p>Al\u00e9m de a fam\u00edlia estar cadastrada no Cad\u00danico na faixa de pobreza e extrema pobreza, as condi\u00e7\u00f5es para que o aluno matriculado receba o aux\u00edlio Bolsa Presen\u00e7a s\u00e3o: assiduidade nas aulas, com frequ\u00eancia m\u00ednima de 75%; participa\u00e7\u00e3o do estudante e da sua fam\u00edlia nas atividades e avalia\u00e7\u00f5es escolares; desenvolvimento do projeto de vida e interven\u00e7\u00e3o social; e manuten\u00e7\u00e3o atualizada dos dados cadastrais na unidade escolar e no Cad\u00danico.<\/p>\n","protected":false},"excerpt":{"rendered":"<p>O segundo cr\u00e9dito do Bolsa Presen\u00e7a, no valor de R$ 150, foi efetuado nesta quinta-feira (10). A iniciativa deve contemplar 311 mil fam\u00edlias e 357 mil estudantes da rede estadual de ensino em condi\u00e7\u00f5es de vulnerabilidade socioecon\u00f4mica. O programa do Governo do Estado visa apoiar financeiramente as fam\u00edlias; contribuir para evitar o abandono escolar; e [&hellip;]<\/p>\n","protected":false},"author":2,"featured_media":57110,"comment_status":"open","ping_status":"open","sticky":false,"template":"","format":"standard","meta":{"_acf_changed":false,"_monsterinsights_skip_tracking":false,"_monsterinsights_sitenote_active":false,"_monsterinsights_sitenote_note":"","_monsterinsights_sitenote_category":0,"_jetpack_memberships_contains_paid_content":false,"footnotes":"","jetpack_publicize_message":"","jetpack_publicize_feature_enabled":true,"jetpack_social_post_already_shared":false,"jetpack_social_options":{"image_generator_settings":{"template":"highway","default_image_id":0,"font":"","enabled":false},"version":2}},"categories":[14],"tags":[],"class_list":["post-57109","post","type-post","status-publish","format-standard","has-post-thumbnail","hentry","category-educacao"],"acf":[],"jetpack_publicize_connections":[],"jetpack_featured_media_url":"https:\/\/i0.wp.com\/blogdoeloiltoncajuhy.com.br\/site\/wp-content\/uploads\/2021\/06\/GOVBA_BolsaPresenca-II.jpeg?fit=1068%2C711&ssl=1","jetpack_sharing_enabled":true,"publishpress_future_workflow_manual_trigger":{"enabledWorkflows":[]},"_links":{"self":[{"href":"https:\/\/blogdoeloiltoncajuhy.com.br\/site\/wp-json\/wp\/v2\/posts\/57109","targetHints":{"allow":["GET"]}}],"collection":[{"href":"https:\/\/blogdoeloiltoncajuhy.com.br\/site\/wp-json\/wp\/v2\/posts"}],"about":[{"href":"https:\/\/blogdoeloiltoncajuhy.com.br\/site\/wp-json\/wp\/v2\/types\/post"}],"author":[{"embeddable":true,"href":"https:\/\/blogdoeloiltoncajuhy.com.br\/site\/wp-json\/wp\/v2\/users\/2"}],"replies":[{"embeddable":true,"href":"https:\/\/blogdoeloiltoncajuhy.com.br\/site\/wp-json\/wp\/v2\/comments?post=57109"}],"version-history":[{"count":2,"href":"https:\/\/blogdoeloiltoncajuhy.com.br\/site\/wp-json\/wp\/v2\/posts\/57109\/revisions"}],"predecessor-version":[{"id":57112,"href":"https:\/\/blogdoeloiltoncajuhy.com.br\/site\/wp-json\/wp\/v2\/posts\/57109\/revisions\/57112"}],"wp:featuredmedia":[{"embeddable":true,"href":"https:\/\/blogdoeloiltoncajuhy.com.br\/site\/wp-json\/wp\/v2\/media\/57110"}],"wp:attachment":[{"href":"https:\/\/blogdoeloiltoncajuhy.com.br\/site\/wp-json\/wp\/v2\/media?parent=57109"}],"wp:term":[{"taxonomy":"category","embeddable":true,"href":"https:\/\/blogdoeloiltoncajuhy.com.br\/site\/wp-json\/wp\/v2\/categories?post=57109"},{"taxonomy":"post_tag","embeddable":true,"href":"https:\/\/blogdoeloiltoncajuhy.com.br\/site\/wp-json\/wp\/v2\/tags?post=57109"}],"curies":[{"name":"wp","href":"https:\/\/api.w.org\/{rel}","templated":true}]}}