{"id":57098,"date":"2021-06-11T06:39:10","date_gmt":"2021-06-11T09:39:10","guid":{"rendered":"http:\/\/blogdoeloiltoncajuhy.com.br\/site\/?p=57098"},"modified":"2021-06-11T06:39:11","modified_gmt":"2021-06-11T09:39:11","slug":"para-que-gritar","status":"publish","type":"post","link":"https:\/\/blogdoeloiltoncajuhy.com.br\/site\/para-que-gritar\/","title":{"rendered":"Para que gritar?"},"content":{"rendered":"\n<div class=\"wp-block-image\"><figure class=\"aligncenter size-full is-resized\"><a href=\"https:\/\/i0.wp.com\/blogdoeloiltoncajuhy.com.br\/site\/wp-content\/uploads\/2021\/06\/Reflexao-Por-que-gritar.jpg\"><img data-recalc-dims=\"1\" fetchpriority=\"high\" decoding=\"async\" src=\"https:\/\/i0.wp.com\/blogdoeloiltoncajuhy.com.br\/site\/wp-content\/uploads\/2021\/06\/Reflexao-Por-que-gritar.jpg?resize=702%2C469\" alt=\"\" class=\"wp-image-57099\" width=\"702\" height=\"469\" srcset=\"https:\/\/i0.wp.com\/blogdoeloiltoncajuhy.com.br\/site\/wp-content\/uploads\/2021\/06\/Reflexao-Por-que-gritar.jpg?w=500&amp;ssl=1 500w, https:\/\/i0.wp.com\/blogdoeloiltoncajuhy.com.br\/site\/wp-content\/uploads\/2021\/06\/Reflexao-Por-que-gritar.jpg?resize=300%2C200&amp;ssl=1 300w\" sizes=\"(max-width: 702px) 100vw, 702px\" \/><\/a><\/figure><\/div>\n\n\n\n<p>Um dia, um pensador indiano fez a seguinte pergunta a seus disc\u00edpulos: \u201cPor que as pessoas gritam quando est\u00e3o aborrecidas?\u201d \u201cGritamos porque perdemos a calma\u201d, disse um deles.<\/p>\n\n\n\n<p>\u201cMas, por que gritar quando a outra pessoa est\u00e1 ao seu lado?\u201d, questionou novamente o pensador. \u201cBem, gritamos porque desejamos que a outra pessoa nos ou\u00e7a\u201d, retrucou outro disc\u00edpulo.<\/p>\n\n\n\n<p>E o mestre volta a perguntar: \u201cEnt\u00e3o n\u00e3o \u00e9 poss\u00edvel falar-lhe em voz baixa?\u201d V\u00e1rias outras respostas surgiram, mas nenhuma convenceu o pensador.<\/p>\n\n\n\n<p>Ent\u00e3o ele esclareceu:<\/p>\n\n\n\n<p>\u201cVoc\u00eas sabem porque se grita com uma pessoa quando se est\u00e1 aborrecido?\u201d &#8220;O fato \u00e9 que, quando duas pessoas est\u00e3o aborrecidas, seus cora\u00e7\u00f5es se afastam muito. Para cobrir esta dist\u00e2ncia, precisam gritar para poderem escutar-se mutuamente. Quanto mais aborrecidas estiverem, mais forte ter\u00e3o que gritar para ouvir um ao outro, atrav\u00e9s da grande dist\u00e2ncia.<\/p>\n\n\n\n<p>Por outro lado, o que sucede quando duas pessoas est\u00e3o enamoradas? Elas n\u00e3o gritam. Falam suavemente. E por qu\u00ea? Porque seus cora\u00e7\u00f5es est\u00e3o muito perto. A dist\u00e2ncia entre elas \u00e9 pequena. \u00c0s vezes est\u00e3o t\u00e3o pr\u00f3ximos seus cora\u00e7\u00f5es, que nem falam, somente sussurram.<\/p>\n\n\n\n<p>E quando o amor \u00e9 mais intenso, n\u00e3o necessitam sequer sussurrar, apenas se olham, e basta. Seus cora\u00e7\u00f5es se entendem. \u00c9 isso que acontece quando duas pessoas que se amam est\u00e3o pr\u00f3ximas&#8221;.<\/p>\n\n\n\n<p>Por fim, o pensador conclui, dizendo:<\/p>\n\n\n\n<p>&#8220;Quando voc\u00eas discutirem, n\u00e3o deixem que seus cora\u00e7\u00f5es se afastem, n\u00e3o digam palavras que os distanciem mais, pois chegar\u00e1 um dia em que a dist\u00e2ncia ser\u00e1 tanta que n\u00e3o mais encontrar\u00e3o o caminho de volta\u201d.<\/p>\n","protected":false},"excerpt":{"rendered":"<p>Um dia, um pensador indiano fez a seguinte pergunta a seus disc\u00edpulos: \u201cPor que as pessoas gritam quando est\u00e3o aborrecidas?\u201d \u201cGritamos porque perdemos a calma\u201d, disse um deles. \u201cMas, por que gritar quando a outra pessoa est\u00e1 ao seu lado?\u201d, questionou novamente o pensador. \u201cBem, gritamos porque desejamos que a outra pessoa nos ou\u00e7a\u201d, retrucou [&hellip;]<\/p>\n","protected":false},"author":2,"featured_media":57099,"comment_status":"open","ping_status":"open","sticky":false,"template":"","format":"standard","meta":{"_acf_changed":false,"_monsterinsights_skip_tracking":false,"_monsterinsights_sitenote_active":false,"_monsterinsights_sitenote_note":"","_monsterinsights_sitenote_category":0,"_jetpack_memberships_contains_paid_content":false,"footnotes":"","jetpack_publicize_message":"","jetpack_publicize_feature_enabled":true,"jetpack_social_post_already_shared":false,"jetpack_social_options":{"image_generator_settings":{"template":"highway","default_image_id":0,"font":"","enabled":false},"version":2}},"categories":[9],"tags":[],"class_list":["post-57098","post","type-post","status-publish","format-standard","has-post-thumbnail","hentry","category-reflexao"],"acf":[],"jetpack_publicize_connections":[],"jetpack_featured_media_url":"https:\/\/i0.wp.com\/blogdoeloiltoncajuhy.com.br\/site\/wp-content\/uploads\/2021\/06\/Reflexao-Por-que-gritar.jpg?fit=500%2C334&ssl=1","jetpack_sharing_enabled":true,"publishpress_future_workflow_manual_trigger":{"enabledWorkflows":[]},"_links":{"self":[{"href":"https:\/\/blogdoeloiltoncajuhy.com.br\/site\/wp-json\/wp\/v2\/posts\/57098","targetHints":{"allow":["GET"]}}],"collection":[{"href":"https:\/\/blogdoeloiltoncajuhy.com.br\/site\/wp-json\/wp\/v2\/posts"}],"about":[{"href":"https:\/\/blogdoeloiltoncajuhy.com.br\/site\/wp-json\/wp\/v2\/types\/post"}],"author":[{"embeddable":true,"href":"https:\/\/blogdoeloiltoncajuhy.com.br\/site\/wp-json\/wp\/v2\/users\/2"}],"replies":[{"embeddable":true,"href":"https:\/\/blogdoeloiltoncajuhy.com.br\/site\/wp-json\/wp\/v2\/comments?post=57098"}],"version-history":[{"count":2,"href":"https:\/\/blogdoeloiltoncajuhy.com.br\/site\/wp-json\/wp\/v2\/posts\/57098\/revisions"}],"predecessor-version":[{"id":57101,"href":"https:\/\/blogdoeloiltoncajuhy.com.br\/site\/wp-json\/wp\/v2\/posts\/57098\/revisions\/57101"}],"wp:featuredmedia":[{"embeddable":true,"href":"https:\/\/blogdoeloiltoncajuhy.com.br\/site\/wp-json\/wp\/v2\/media\/57099"}],"wp:attachment":[{"href":"https:\/\/blogdoeloiltoncajuhy.com.br\/site\/wp-json\/wp\/v2\/media?parent=57098"}],"wp:term":[{"taxonomy":"category","embeddable":true,"href":"https:\/\/blogdoeloiltoncajuhy.com.br\/site\/wp-json\/wp\/v2\/categories?post=57098"},{"taxonomy":"post_tag","embeddable":true,"href":"https:\/\/blogdoeloiltoncajuhy.com.br\/site\/wp-json\/wp\/v2\/tags?post=57098"}],"curies":[{"name":"wp","href":"https:\/\/api.w.org\/{rel}","templated":true}]}}