{"id":57093,"date":"2021-06-10T08:52:35","date_gmt":"2021-06-10T11:52:35","guid":{"rendered":"http:\/\/blogdoeloiltoncajuhy.com.br\/site\/?p=57093"},"modified":"2021-06-10T08:52:36","modified_gmt":"2021-06-10T11:52:36","slug":"apos-longas-filas-nova-central-de-marcacao-de-senhor-do-bonfim-estabelece-cronograma","status":"publish","type":"post","link":"https:\/\/blogdoeloiltoncajuhy.com.br\/site\/apos-longas-filas-nova-central-de-marcacao-de-senhor-do-bonfim-estabelece-cronograma\/","title":{"rendered":"Ap\u00f3s longas filas, nova Central de Marca\u00e7\u00e3o de Senhor do Bonfim estabelece cronograma"},"content":{"rendered":"\n<div class=\"wp-block-image\"><figure class=\"aligncenter size-full is-resized\"><a href=\"https:\/\/i0.wp.com\/blogdoeloiltoncajuhy.com.br\/site\/wp-content\/uploads\/2021\/06\/BonfimAgora_Central.jpg\"><img data-recalc-dims=\"1\" fetchpriority=\"high\" decoding=\"async\" src=\"https:\/\/i0.wp.com\/blogdoeloiltoncajuhy.com.br\/site\/wp-content\/uploads\/2021\/06\/BonfimAgora_Central.jpg?resize=758%2C506\" alt=\"\" class=\"wp-image-57094\" width=\"758\" height=\"506\" srcset=\"https:\/\/i0.wp.com\/blogdoeloiltoncajuhy.com.br\/site\/wp-content\/uploads\/2021\/06\/BonfimAgora_Central.jpg?w=516&amp;ssl=1 516w, https:\/\/i0.wp.com\/blogdoeloiltoncajuhy.com.br\/site\/wp-content\/uploads\/2021\/06\/BonfimAgora_Central.jpg?resize=300%2C201&amp;ssl=1 300w\" sizes=\"(max-width: 758px) 100vw, 758px\" \/><\/a><\/figure><\/div>\n\n\n\n<p>Ap\u00f3s as longas filas registradas, a nova Central de Marca\u00e7\u00e3o de Consultas, rec\u00e9m inaugurada pela Prefeitura de Bonfim, estabeleceu um cronograma para atendimentos. No per\u00edodo da manh\u00e3 ele passou a ser especifico para a popula\u00e7\u00e3o que reside na zona rural do munic\u00edpio. A entrega das senhas ser\u00e1 a partir das 6h. No per\u00edodo da tarde o atendimento \u00e9 especifico para a popula\u00e7\u00e3o que reside na sede do munic\u00edpio, com entrega das senhas iniciada a partir das 11:30h.<\/p>\n\n\n\n<p>De acordo com a Secretaria de Sa\u00fade da Prefeitura, para os pacientes realizarem os agendamentos ser\u00e3o necess\u00e1rios os seguintes documentos:<\/p>\n\n\n\n<p>\u2022 Requisi\u00e7\u00e3o devidamente preenchida e carimbada pelo m\u00e9dico;<br>\u2022 Relat\u00f3rio m\u00e9dico;<br>\u2022 RG;<br>\u2022 Cart\u00e3o SUS;<br>\u2022 Comprovante de resid\u00eancia ou Cart\u00e3o da Fam\u00edlia.<\/p>\n","protected":false},"excerpt":{"rendered":"<p>Ap\u00f3s as longas filas registradas, a nova Central de Marca\u00e7\u00e3o de Consultas, rec\u00e9m inaugurada pela Prefeitura de Bonfim, estabeleceu um cronograma para atendimentos. No per\u00edodo da manh\u00e3 ele passou a ser especifico para a popula\u00e7\u00e3o que reside na zona rural do munic\u00edpio. A entrega das senhas ser\u00e1 a partir das 6h. No per\u00edodo da tarde [&hellip;]<\/p>\n","protected":false},"author":2,"featured_media":57094,"comment_status":"open","ping_status":"open","sticky":false,"template":"","format":"standard","meta":{"_acf_changed":false,"_monsterinsights_skip_tracking":false,"_monsterinsights_sitenote_active":false,"_monsterinsights_sitenote_note":"","_monsterinsights_sitenote_category":0,"_jetpack_memberships_contains_paid_content":false,"footnotes":"","jetpack_publicize_message":"","jetpack_publicize_feature_enabled":true,"jetpack_social_post_already_shared":false,"jetpack_social_options":{"image_generator_settings":{"template":"highway","default_image_id":0,"font":"","enabled":false},"version":2}},"categories":[4],"tags":[],"class_list":["post-57093","post","type-post","status-publish","format-standard","has-post-thumbnail","hentry","category-local"],"acf":[],"jetpack_publicize_connections":[],"jetpack_featured_media_url":"https:\/\/i0.wp.com\/blogdoeloiltoncajuhy.com.br\/site\/wp-content\/uploads\/2021\/06\/BonfimAgora_Central.jpg?fit=516%2C345&ssl=1","jetpack_sharing_enabled":true,"publishpress_future_workflow_manual_trigger":{"enabledWorkflows":[]},"_links":{"self":[{"href":"https:\/\/blogdoeloiltoncajuhy.com.br\/site\/wp-json\/wp\/v2\/posts\/57093","targetHints":{"allow":["GET"]}}],"collection":[{"href":"https:\/\/blogdoeloiltoncajuhy.com.br\/site\/wp-json\/wp\/v2\/posts"}],"about":[{"href":"https:\/\/blogdoeloiltoncajuhy.com.br\/site\/wp-json\/wp\/v2\/types\/post"}],"author":[{"embeddable":true,"href":"https:\/\/blogdoeloiltoncajuhy.com.br\/site\/wp-json\/wp\/v2\/users\/2"}],"replies":[{"embeddable":true,"href":"https:\/\/blogdoeloiltoncajuhy.com.br\/site\/wp-json\/wp\/v2\/comments?post=57093"}],"version-history":[{"count":2,"href":"https:\/\/blogdoeloiltoncajuhy.com.br\/site\/wp-json\/wp\/v2\/posts\/57093\/revisions"}],"predecessor-version":[{"id":57096,"href":"https:\/\/blogdoeloiltoncajuhy.com.br\/site\/wp-json\/wp\/v2\/posts\/57093\/revisions\/57096"}],"wp:featuredmedia":[{"embeddable":true,"href":"https:\/\/blogdoeloiltoncajuhy.com.br\/site\/wp-json\/wp\/v2\/media\/57094"}],"wp:attachment":[{"href":"https:\/\/blogdoeloiltoncajuhy.com.br\/site\/wp-json\/wp\/v2\/media?parent=57093"}],"wp:term":[{"taxonomy":"category","embeddable":true,"href":"https:\/\/blogdoeloiltoncajuhy.com.br\/site\/wp-json\/wp\/v2\/categories?post=57093"},{"taxonomy":"post_tag","embeddable":true,"href":"https:\/\/blogdoeloiltoncajuhy.com.br\/site\/wp-json\/wp\/v2\/tags?post=57093"}],"curies":[{"name":"wp","href":"https:\/\/api.w.org\/{rel}","templated":true}]}}