{"id":57087,"date":"2021-06-10T07:25:32","date_gmt":"2021-06-10T10:25:32","guid":{"rendered":"http:\/\/blogdoeloiltoncajuhy.com.br\/site\/?p=57087"},"modified":"2021-06-10T11:14:07","modified_gmt":"2021-06-10T14:14:07","slug":"colegio-sacramentinas-completa-84-anos-e-realiza-drive-thru-solidario-neste-sabado-12","status":"publish","type":"post","link":"https:\/\/blogdoeloiltoncajuhy.com.br\/site\/colegio-sacramentinas-completa-84-anos-e-realiza-drive-thru-solidario-neste-sabado-12\/","title":{"rendered":"Col\u00e9gio Sacramentinas completa 84 anos e realiza drive thru solid\u00e1rio neste s\u00e1bado (12)"},"content":{"rendered":"\n<div class=\"wp-block-image\"><figure class=\"aligncenter size-large\"><a href=\"https:\/\/i0.wp.com\/blogdoeloiltoncajuhy.com.br\/site\/wp-content\/uploads\/2021\/06\/Sacra-84-anos.jpeg\"><img data-recalc-dims=\"1\" fetchpriority=\"high\" decoding=\"async\" width=\"800\" height=\"659\" src=\"https:\/\/i0.wp.com\/blogdoeloiltoncajuhy.com.br\/site\/wp-content\/uploads\/2021\/06\/Sacra-84-anos.jpeg?resize=800%2C659\" alt=\"\" class=\"wp-image-57088\" srcset=\"https:\/\/i0.wp.com\/blogdoeloiltoncajuhy.com.br\/site\/wp-content\/uploads\/2021\/06\/Sacra-84-anos.jpeg?w=800&amp;ssl=1 800w, https:\/\/i0.wp.com\/blogdoeloiltoncajuhy.com.br\/site\/wp-content\/uploads\/2021\/06\/Sacra-84-anos.jpeg?resize=300%2C247&amp;ssl=1 300w, https:\/\/i0.wp.com\/blogdoeloiltoncajuhy.com.br\/site\/wp-content\/uploads\/2021\/06\/Sacra-84-anos.jpeg?resize=768%2C633&amp;ssl=1 768w\" sizes=\"(max-width: 800px) 100vw, 800px\" \/><\/a><\/figure><\/div>\n\n\n\n<p>No pr\u00f3ximo dia 12 o tradicional col\u00e9gio cat\u00f3lico de Senhor do Bonfim, Sacramentinas, completa 84 anos. Para celebrar a data respeitando o momento de pandemia, a institui\u00e7\u00e3o vai realizar neste s\u00e1bado (12), o DRIVE THRU &#8211; ANIVERS\u00c1RIO SOLID\u00c1RIA SACR\u00c1. A a\u00e7\u00e3o tem como objetivo marcar a data com muita uni\u00e3o, solidariedade e amor ao pr\u00f3ximo.<\/p>\n\n\n\n<p>Alimentos n\u00e3o perec\u00edveis poder\u00e3o ser doados no corredor do bispado ao lado do col\u00e9gio, das 8h \u00e0s 10h. Qualquer pessoa pode fazer sua doa\u00e7\u00e3o, desde alunos, familiares, colaboradores e todo cidad\u00e3o bonfinense. Tudo o que for arrecadado ser\u00e1 doado a fam\u00edlias em situa\u00e7\u00e3o de fome no munic\u00edpio.<\/p>\n\n\n\n<p><strong>Hist\u00f3ria do col\u00e9gio<\/strong> &#8211; As Irm\u00e3s Sacramentinas chegaram em Senhor do Bonfim em 22 de junho de 1937, por interm\u00e9dio de Dom Hugo Bressane de Ara\u00fajo, para assumir a forma\u00e7\u00e3o humano-crist\u00e3 de jovens bonfinenses, iniciando uma miss\u00e3o educativa no sert\u00e3o baiano. Teve como pioneiras as Irm\u00e3s Maria Leonardo Leite, Maria Castelli e Maria Alois, que iniciaram o trabalho com apenas 5 alunas, sendo inicialmente acolhidas pela fam\u00edlia do senhor Augusto Sena Gomes.<\/p>\n\n\n\n<p>A institui\u00e7\u00e3o oferece uma estrutura moderna, com espa\u00e7os apropriados para a realiza\u00e7\u00e3o das diversas atividades da Educa\u00e7\u00e3o Infantil, do Ensino Fundamental e do Ensino M\u00e9dio. Al\u00e9m disso, conta com um quadro de grandes profissionais de educa\u00e7\u00e3o, capazes de preparar os alunos para os principais vestibulares do pa\u00eds.<\/p>\n","protected":false},"excerpt":{"rendered":"<p>No pr\u00f3ximo dia 12 o tradicional col\u00e9gio cat\u00f3lico de Senhor do Bonfim, Sacramentinas, completa 84 anos. Para celebrar a data respeitando o momento de pandemia, a institui\u00e7\u00e3o vai realizar neste s\u00e1bado (12), o DRIVE THRU &#8211; ANIVERS\u00c1RIO SOLID\u00c1RIA SACR\u00c1. A a\u00e7\u00e3o tem como objetivo marcar a data com muita uni\u00e3o, solidariedade e amor ao pr\u00f3ximo. [&hellip;]<\/p>\n","protected":false},"author":2,"featured_media":57088,"comment_status":"open","ping_status":"open","sticky":false,"template":"","format":"standard","meta":{"_acf_changed":false,"_monsterinsights_skip_tracking":false,"_monsterinsights_sitenote_active":false,"_monsterinsights_sitenote_note":"","_monsterinsights_sitenote_category":0,"_jetpack_memberships_contains_paid_content":false,"footnotes":"","jetpack_publicize_message":"","jetpack_publicize_feature_enabled":true,"jetpack_social_post_already_shared":false,"jetpack_social_options":{"image_generator_settings":{"template":"highway","default_image_id":0,"font":"","enabled":false},"version":2}},"categories":[4],"tags":[],"class_list":["post-57087","post","type-post","status-publish","format-standard","has-post-thumbnail","hentry","category-local"],"acf":[],"jetpack_publicize_connections":[],"jetpack_featured_media_url":"https:\/\/i0.wp.com\/blogdoeloiltoncajuhy.com.br\/site\/wp-content\/uploads\/2021\/06\/Sacra-84-anos.jpeg?fit=800%2C659&ssl=1","jetpack_sharing_enabled":true,"publishpress_future_workflow_manual_trigger":{"enabledWorkflows":[]},"_links":{"self":[{"href":"https:\/\/blogdoeloiltoncajuhy.com.br\/site\/wp-json\/wp\/v2\/posts\/57087","targetHints":{"allow":["GET"]}}],"collection":[{"href":"https:\/\/blogdoeloiltoncajuhy.com.br\/site\/wp-json\/wp\/v2\/posts"}],"about":[{"href":"https:\/\/blogdoeloiltoncajuhy.com.br\/site\/wp-json\/wp\/v2\/types\/post"}],"author":[{"embeddable":true,"href":"https:\/\/blogdoeloiltoncajuhy.com.br\/site\/wp-json\/wp\/v2\/users\/2"}],"replies":[{"embeddable":true,"href":"https:\/\/blogdoeloiltoncajuhy.com.br\/site\/wp-json\/wp\/v2\/comments?post=57087"}],"version-history":[{"count":2,"href":"https:\/\/blogdoeloiltoncajuhy.com.br\/site\/wp-json\/wp\/v2\/posts\/57087\/revisions"}],"predecessor-version":[{"id":57097,"href":"https:\/\/blogdoeloiltoncajuhy.com.br\/site\/wp-json\/wp\/v2\/posts\/57087\/revisions\/57097"}],"wp:featuredmedia":[{"embeddable":true,"href":"https:\/\/blogdoeloiltoncajuhy.com.br\/site\/wp-json\/wp\/v2\/media\/57088"}],"wp:attachment":[{"href":"https:\/\/blogdoeloiltoncajuhy.com.br\/site\/wp-json\/wp\/v2\/media?parent=57087"}],"wp:term":[{"taxonomy":"category","embeddable":true,"href":"https:\/\/blogdoeloiltoncajuhy.com.br\/site\/wp-json\/wp\/v2\/categories?post=57087"},{"taxonomy":"post_tag","embeddable":true,"href":"https:\/\/blogdoeloiltoncajuhy.com.br\/site\/wp-json\/wp\/v2\/tags?post=57087"}],"curies":[{"name":"wp","href":"https:\/\/api.w.org\/{rel}","templated":true}]}}