{"id":57083,"date":"2021-06-10T07:14:55","date_gmt":"2021-06-10T10:14:55","guid":{"rendered":"http:\/\/blogdoeloiltoncajuhy.com.br\/site\/?p=57083"},"modified":"2021-06-10T07:14:57","modified_gmt":"2021-06-10T10:14:57","slug":"live-celebrara-o-aniversario-de-andorinha","status":"publish","type":"post","link":"https:\/\/blogdoeloiltoncajuhy.com.br\/site\/live-celebrara-o-aniversario-de-andorinha\/","title":{"rendered":"Live celebrar\u00e1 o anivers\u00e1rio de Andorinha"},"content":{"rendered":"\n<div class=\"wp-block-image\"><figure class=\"aligncenter size-full is-resized\"><a href=\"https:\/\/i0.wp.com\/blogdoeloiltoncajuhy.com.br\/site\/wp-content\/uploads\/2021\/06\/PMA_LiveAniversarioCidade-2021.jpeg\"><img data-recalc-dims=\"1\" fetchpriority=\"high\" decoding=\"async\" src=\"https:\/\/i0.wp.com\/blogdoeloiltoncajuhy.com.br\/site\/wp-content\/uploads\/2021\/06\/PMA_LiveAniversarioCidade-2021.jpeg?resize=622%2C621\" alt=\"\" class=\"wp-image-57084\" width=\"622\" height=\"621\" srcset=\"https:\/\/i0.wp.com\/blogdoeloiltoncajuhy.com.br\/site\/wp-content\/uploads\/2021\/06\/PMA_LiveAniversarioCidade-2021.jpeg?w=1000&amp;ssl=1 1000w, https:\/\/i0.wp.com\/blogdoeloiltoncajuhy.com.br\/site\/wp-content\/uploads\/2021\/06\/PMA_LiveAniversarioCidade-2021.jpeg?resize=300%2C300&amp;ssl=1 300w, https:\/\/i0.wp.com\/blogdoeloiltoncajuhy.com.br\/site\/wp-content\/uploads\/2021\/06\/PMA_LiveAniversarioCidade-2021.jpeg?resize=150%2C150&amp;ssl=1 150w, https:\/\/i0.wp.com\/blogdoeloiltoncajuhy.com.br\/site\/wp-content\/uploads\/2021\/06\/PMA_LiveAniversarioCidade-2021.jpeg?resize=768%2C768&amp;ssl=1 768w\" sizes=\"(max-width: 622px) 100vw, 622px\" \/><\/a><\/figure><\/div>\n\n\n\n<p>No pr\u00f3ximo dia 14 de Junho vai acontecer a Live a 3\u00aa Orquestra Sanf\u00f4nica, no Projeto \u201cCanta Luiz\u201d, em comemora\u00e7\u00e3o aos 32 anos de emancipa\u00e7\u00e3o pol\u00edtica de Andorinha.<\/p>\n\n\n\n<p>O evento ser\u00e1 transmitido a partir das 19h, pelo canal YouTube\/BrincantesNacional. Ter\u00e1 muito arrasta-p\u00e9 com grandes sanfoneiros, trazendo a hist\u00f3ria do Mestre Luiz Gonzaga. Presen\u00e7a confirmada da cantora andorinhense Acklecia, abrilhantando ainda mais essa Live.<\/p>\n\n\n\n<p>Esse projeto \u00e9 uma parceria do munic\u00edpio de Andorinha, atrav\u00e9s da Secretaria de Cultura, com o Minist\u00e9rio do Turismo, Associa\u00e7\u00e3o Brincantes do Folclore Nordestino e Ferbasa.<\/p>\n","protected":false},"excerpt":{"rendered":"<p>No pr\u00f3ximo dia 14 de Junho vai acontecer a Live a 3\u00aa Orquestra Sanf\u00f4nica, no Projeto \u201cCanta Luiz\u201d, em comemora\u00e7\u00e3o aos 32 anos de emancipa\u00e7\u00e3o pol\u00edtica de Andorinha. O evento ser\u00e1 transmitido a partir das 19h, pelo canal YouTube\/BrincantesNacional. Ter\u00e1 muito arrasta-p\u00e9 com grandes sanfoneiros, trazendo a hist\u00f3ria do Mestre Luiz Gonzaga. Presen\u00e7a confirmada da [&hellip;]<\/p>\n","protected":false},"author":2,"featured_media":57084,"comment_status":"open","ping_status":"open","sticky":false,"template":"","format":"standard","meta":{"_acf_changed":false,"_monsterinsights_skip_tracking":false,"_monsterinsights_sitenote_active":false,"_monsterinsights_sitenote_note":"","_monsterinsights_sitenote_category":0,"_jetpack_memberships_contains_paid_content":false,"footnotes":"","jetpack_publicize_message":"","jetpack_publicize_feature_enabled":true,"jetpack_social_post_already_shared":false,"jetpack_social_options":{"image_generator_settings":{"template":"highway","default_image_id":0,"font":"","enabled":false},"version":2}},"categories":[11],"tags":[],"class_list":["post-57083","post","type-post","status-publish","format-standard","has-post-thumbnail","hentry","category-regional"],"acf":[],"jetpack_publicize_connections":[],"jetpack_featured_media_url":"https:\/\/i0.wp.com\/blogdoeloiltoncajuhy.com.br\/site\/wp-content\/uploads\/2021\/06\/PMA_LiveAniversarioCidade-2021.jpeg?fit=1000%2C1000&ssl=1","jetpack_sharing_enabled":true,"publishpress_future_workflow_manual_trigger":{"enabledWorkflows":[]},"_links":{"self":[{"href":"https:\/\/blogdoeloiltoncajuhy.com.br\/site\/wp-json\/wp\/v2\/posts\/57083","targetHints":{"allow":["GET"]}}],"collection":[{"href":"https:\/\/blogdoeloiltoncajuhy.com.br\/site\/wp-json\/wp\/v2\/posts"}],"about":[{"href":"https:\/\/blogdoeloiltoncajuhy.com.br\/site\/wp-json\/wp\/v2\/types\/post"}],"author":[{"embeddable":true,"href":"https:\/\/blogdoeloiltoncajuhy.com.br\/site\/wp-json\/wp\/v2\/users\/2"}],"replies":[{"embeddable":true,"href":"https:\/\/blogdoeloiltoncajuhy.com.br\/site\/wp-json\/wp\/v2\/comments?post=57083"}],"version-history":[{"count":2,"href":"https:\/\/blogdoeloiltoncajuhy.com.br\/site\/wp-json\/wp\/v2\/posts\/57083\/revisions"}],"predecessor-version":[{"id":57086,"href":"https:\/\/blogdoeloiltoncajuhy.com.br\/site\/wp-json\/wp\/v2\/posts\/57083\/revisions\/57086"}],"wp:featuredmedia":[{"embeddable":true,"href":"https:\/\/blogdoeloiltoncajuhy.com.br\/site\/wp-json\/wp\/v2\/media\/57084"}],"wp:attachment":[{"href":"https:\/\/blogdoeloiltoncajuhy.com.br\/site\/wp-json\/wp\/v2\/media?parent=57083"}],"wp:term":[{"taxonomy":"category","embeddable":true,"href":"https:\/\/blogdoeloiltoncajuhy.com.br\/site\/wp-json\/wp\/v2\/categories?post=57083"},{"taxonomy":"post_tag","embeddable":true,"href":"https:\/\/blogdoeloiltoncajuhy.com.br\/site\/wp-json\/wp\/v2\/tags?post=57083"}],"curies":[{"name":"wp","href":"https:\/\/api.w.org\/{rel}","templated":true}]}}