{"id":57076,"date":"2021-06-10T06:34:47","date_gmt":"2021-06-10T09:34:47","guid":{"rendered":"http:\/\/blogdoeloiltoncajuhy.com.br\/site\/?p=57076"},"modified":"2021-06-10T06:34:49","modified_gmt":"2021-06-10T09:34:49","slug":"servidores-municipais-discutem-em-assembleia-nova-proposta-de-reposicao-salarial-apresentada-pela-prefeitura-de-bonfim","status":"publish","type":"post","link":"https:\/\/blogdoeloiltoncajuhy.com.br\/site\/servidores-municipais-discutem-em-assembleia-nova-proposta-de-reposicao-salarial-apresentada-pela-prefeitura-de-bonfim\/","title":{"rendered":"Servidores municipais discutem em assembleia nova proposta de reposi\u00e7\u00e3o salarial apresentada pela Prefeitura de Bonfim"},"content":{"rendered":"\n<div class=\"wp-block-image\"><figure class=\"aligncenter size-full is-resized\"><a href=\"https:\/\/i0.wp.com\/blogdoeloiltoncajuhy.com.br\/site\/wp-content\/uploads\/2016\/04\/Campanha-Salarial.jpg\"><img data-recalc-dims=\"1\" fetchpriority=\"high\" decoding=\"async\" src=\"https:\/\/i0.wp.com\/blogdoeloiltoncajuhy.com.br\/site\/wp-content\/uploads\/2016\/04\/Campanha-Salarial.jpg?resize=694%2C408\" alt=\"\" class=\"wp-image-8801\" width=\"694\" height=\"408\" srcset=\"https:\/\/i0.wp.com\/blogdoeloiltoncajuhy.com.br\/site\/wp-content\/uploads\/2016\/04\/Campanha-Salarial.jpg?w=500&amp;ssl=1 500w, https:\/\/i0.wp.com\/blogdoeloiltoncajuhy.com.br\/site\/wp-content\/uploads\/2016\/04\/Campanha-Salarial.jpg?resize=300%2C176&amp;ssl=1 300w, https:\/\/i0.wp.com\/blogdoeloiltoncajuhy.com.br\/site\/wp-content\/uploads\/2016\/04\/Campanha-Salarial.jpg?resize=250%2C147&amp;ssl=1 250w\" sizes=\"(max-width: 694px) 100vw, 694px\" \/><\/a><\/figure><\/div>\n\n\n\n<p>Aconteceu na manh\u00e3 desta quarta-feira (09), na sede da Prefeitura de Senhor do Bonfim, mais uma rodada de negocia\u00e7\u00e3o sobre a reposi\u00e7\u00e3o salarial dos servidores municipais. Estiveram presentes \u00e0 reuni\u00e3o, representantes das associa\u00e7\u00f5es dos agentes de sa\u00fade e de combate \u00e0s endemias e do Sismusb, Prefeito La\u00e9rcio J\u00fanior e assessores.<\/p>\n\n\n\n<p>No encontro, o Prefeito aumentou a proposta de aumento salarial dos servidores para 1,5% e decidiu incluir no reajuste os agentes de sa\u00fade e de combate \u00e0s endemias, al\u00e9m de servidores que recebem um sal\u00e1rio m\u00ednimo que, a princ\u00edpio, n\u00e3o seriam contemplados.<\/p>\n\n\n\n<p>Os representantes das entidades sindicais far\u00e3o assembleia nesta quinta-feira (10) para avaliar a nova proposta apresentada pelo executivo. Segundo uma fonte que participou do encontro, a tend\u00eancia \u00e9 que esta reposi\u00e7\u00e3o de 1,5% n\u00e3o seja aceita pelos servidores, que reivindicam uma reposi\u00e7\u00e3o de 6,7%.<\/p>\n","protected":false},"excerpt":{"rendered":"<p>Aconteceu na manh\u00e3 desta quarta-feira (09), na sede da Prefeitura de Senhor do Bonfim, mais uma rodada de negocia\u00e7\u00e3o sobre a reposi\u00e7\u00e3o salarial dos servidores municipais. Estiveram presentes \u00e0 reuni\u00e3o, representantes das associa\u00e7\u00f5es dos agentes de sa\u00fade e de combate \u00e0s endemias e do Sismusb, Prefeito La\u00e9rcio J\u00fanior e assessores. No encontro, o Prefeito aumentou [&hellip;]<\/p>\n","protected":false},"author":2,"featured_media":8801,"comment_status":"open","ping_status":"open","sticky":false,"template":"","format":"standard","meta":{"_acf_changed":false,"_monsterinsights_skip_tracking":false,"_monsterinsights_sitenote_active":false,"_monsterinsights_sitenote_note":"","_monsterinsights_sitenote_category":0,"_jetpack_memberships_contains_paid_content":false,"footnotes":"","jetpack_publicize_message":"","jetpack_publicize_feature_enabled":true,"jetpack_social_post_already_shared":false,"jetpack_social_options":{"image_generator_settings":{"template":"highway","default_image_id":0,"font":"","enabled":false},"version":2}},"categories":[4],"tags":[],"class_list":["post-57076","post","type-post","status-publish","format-standard","has-post-thumbnail","hentry","category-local"],"acf":[],"jetpack_publicize_connections":[],"jetpack_featured_media_url":"https:\/\/i0.wp.com\/blogdoeloiltoncajuhy.com.br\/site\/wp-content\/uploads\/2016\/04\/Campanha-Salarial.jpg?fit=500%2C294&ssl=1","jetpack_sharing_enabled":true,"publishpress_future_workflow_manual_trigger":{"enabledWorkflows":[]},"_links":{"self":[{"href":"https:\/\/blogdoeloiltoncajuhy.com.br\/site\/wp-json\/wp\/v2\/posts\/57076","targetHints":{"allow":["GET"]}}],"collection":[{"href":"https:\/\/blogdoeloiltoncajuhy.com.br\/site\/wp-json\/wp\/v2\/posts"}],"about":[{"href":"https:\/\/blogdoeloiltoncajuhy.com.br\/site\/wp-json\/wp\/v2\/types\/post"}],"author":[{"embeddable":true,"href":"https:\/\/blogdoeloiltoncajuhy.com.br\/site\/wp-json\/wp\/v2\/users\/2"}],"replies":[{"embeddable":true,"href":"https:\/\/blogdoeloiltoncajuhy.com.br\/site\/wp-json\/wp\/v2\/comments?post=57076"}],"version-history":[{"count":2,"href":"https:\/\/blogdoeloiltoncajuhy.com.br\/site\/wp-json\/wp\/v2\/posts\/57076\/revisions"}],"predecessor-version":[{"id":57078,"href":"https:\/\/blogdoeloiltoncajuhy.com.br\/site\/wp-json\/wp\/v2\/posts\/57076\/revisions\/57078"}],"wp:featuredmedia":[{"embeddable":true,"href":"https:\/\/blogdoeloiltoncajuhy.com.br\/site\/wp-json\/wp\/v2\/media\/8801"}],"wp:attachment":[{"href":"https:\/\/blogdoeloiltoncajuhy.com.br\/site\/wp-json\/wp\/v2\/media?parent=57076"}],"wp:term":[{"taxonomy":"category","embeddable":true,"href":"https:\/\/blogdoeloiltoncajuhy.com.br\/site\/wp-json\/wp\/v2\/categories?post=57076"},{"taxonomy":"post_tag","embeddable":true,"href":"https:\/\/blogdoeloiltoncajuhy.com.br\/site\/wp-json\/wp\/v2\/tags?post=57076"}],"curies":[{"name":"wp","href":"https:\/\/api.w.org\/{rel}","templated":true}]}}