{"id":56992,"date":"2021-06-06T23:17:13","date_gmt":"2021-06-07T02:17:13","guid":{"rendered":"http:\/\/blogdoeloiltoncajuhy.com.br\/site\/?p=56992"},"modified":"2021-06-06T23:17:53","modified_gmt":"2021-06-07T02:17:53","slug":"senador-quer-prorrogar-vigencia-da-lei-de-cotas-nos-concursos-publicos","status":"publish","type":"post","link":"https:\/\/blogdoeloiltoncajuhy.com.br\/site\/senador-quer-prorrogar-vigencia-da-lei-de-cotas-nos-concursos-publicos\/","title":{"rendered":"Senador quer prorrogar vig\u00eancia da Lei de Cotas nos concursos p\u00fablicos"},"content":{"rendered":"\n<h5 class=\"has-text-align-center wp-block-heading\"><em>Se o prazo n\u00e3o for estendido as cotas v\u00e3o acabar em 202<\/em>4<\/h5>\n\n\n\n<div class=\"wp-block-image\"><figure class=\"aligncenter size-full is-resized\"><a href=\"https:\/\/i0.wp.com\/blogdoeloiltoncajuhy.com.br\/site\/wp-content\/uploads\/2021\/06\/Senador-Paulo-Paim.jpeg\"><img data-recalc-dims=\"1\" fetchpriority=\"high\" decoding=\"async\" src=\"https:\/\/i0.wp.com\/blogdoeloiltoncajuhy.com.br\/site\/wp-content\/uploads\/2021\/06\/Senador-Paulo-Paim.jpeg?resize=800%2C533\" alt=\"\" class=\"wp-image-56993\" width=\"800\" height=\"533\" srcset=\"https:\/\/i0.wp.com\/blogdoeloiltoncajuhy.com.br\/site\/wp-content\/uploads\/2021\/06\/Senador-Paulo-Paim.jpeg?w=675&amp;ssl=1 675w, https:\/\/i0.wp.com\/blogdoeloiltoncajuhy.com.br\/site\/wp-content\/uploads\/2021\/06\/Senador-Paulo-Paim.jpeg?resize=300%2C200&amp;ssl=1 300w\" sizes=\"(max-width: 800px) 100vw, 800px\" \/><\/a><figcaption><em><sub>Foto: Jane de Ara\u00fajo\/Ag\u00eancia Senado<\/sub><\/em><\/figcaption><\/figure><\/div>\n\n\n\n<p>O senador Paulo Paim, do PT do Rio Grande do Sul, diz que a lei das cotas nos concursos p\u00fablicos apresentou resultados importantes. Se antes dela entrar em vigor, em 2014, o maior ingresso de pessoas pretas ou pardas na administra\u00e7\u00e3o p\u00fablica federal era de 32%, o percentual saltou para 40% em 2020. Paim acredita que o ideal ainda n\u00e3o foi alcan\u00e7ado, j\u00e1 que a popula\u00e7\u00e3o negra no Brasil \u00e9 de cerca de 56%. Por isso ele apresentou agora o projeto que d\u00e1 mais dez anos para a lei.<\/p>\n\n\n\n<p><em>&#8220;Eu tive o cuidado de analisar o assunto, pra que ningu\u00e9m diga depois que n\u00e3o fizemos um bom debate. Eu j\u00e1 apresentei o projeto com o mesmo objetivo para que essa pol\u00edtica de cotas seja ampliada o maior tempo poss\u00edvel. O debate \u00e9 que vai dizer&#8221;<\/em>.<\/p>\n\n\n\n<p>A proposta repete o texto da lei das cotas, que assegura aos negros 20% das vagas oferecidas nos concursos p\u00fablicos da administra\u00e7\u00e3o p\u00fablica federal, das autarquias, das funda\u00e7\u00f5es p\u00fablicas, das empresas p\u00fablicas e das sociedades de economia mista controladas pela Uni\u00e3o.<\/p>\n","protected":false},"excerpt":{"rendered":"<p>Se o prazo n\u00e3o for estendido as cotas v\u00e3o acabar em 2024 O senador Paulo Paim, do PT do Rio Grande do Sul, diz que a lei das cotas nos concursos p\u00fablicos apresentou resultados importantes. Se antes dela entrar em vigor, em 2014, o maior ingresso de pessoas pretas ou pardas na administra\u00e7\u00e3o p\u00fablica federal [&hellip;]<\/p>\n","protected":false},"author":2,"featured_media":56993,"comment_status":"open","ping_status":"open","sticky":false,"template":"","format":"standard","meta":{"_acf_changed":false,"_monsterinsights_skip_tracking":false,"_monsterinsights_sitenote_active":false,"_monsterinsights_sitenote_note":"","_monsterinsights_sitenote_category":0,"_jetpack_memberships_contains_paid_content":false,"footnotes":"","jetpack_publicize_message":"","jetpack_publicize_feature_enabled":true,"jetpack_social_post_already_shared":false,"jetpack_social_options":{"image_generator_settings":{"template":"highway","default_image_id":0,"font":"","enabled":false},"version":2}},"categories":[3],"tags":[],"class_list":["post-56992","post","type-post","status-publish","format-standard","has-post-thumbnail","hentry","category-politica"],"acf":[],"jetpack_publicize_connections":[],"jetpack_featured_media_url":"https:\/\/i0.wp.com\/blogdoeloiltoncajuhy.com.br\/site\/wp-content\/uploads\/2021\/06\/Senador-Paulo-Paim.jpeg?fit=675%2C450&ssl=1","jetpack_sharing_enabled":true,"publishpress_future_workflow_manual_trigger":{"enabledWorkflows":[]},"_links":{"self":[{"href":"https:\/\/blogdoeloiltoncajuhy.com.br\/site\/wp-json\/wp\/v2\/posts\/56992","targetHints":{"allow":["GET"]}}],"collection":[{"href":"https:\/\/blogdoeloiltoncajuhy.com.br\/site\/wp-json\/wp\/v2\/posts"}],"about":[{"href":"https:\/\/blogdoeloiltoncajuhy.com.br\/site\/wp-json\/wp\/v2\/types\/post"}],"author":[{"embeddable":true,"href":"https:\/\/blogdoeloiltoncajuhy.com.br\/site\/wp-json\/wp\/v2\/users\/2"}],"replies":[{"embeddable":true,"href":"https:\/\/blogdoeloiltoncajuhy.com.br\/site\/wp-json\/wp\/v2\/comments?post=56992"}],"version-history":[{"count":3,"href":"https:\/\/blogdoeloiltoncajuhy.com.br\/site\/wp-json\/wp\/v2\/posts\/56992\/revisions"}],"predecessor-version":[{"id":56996,"href":"https:\/\/blogdoeloiltoncajuhy.com.br\/site\/wp-json\/wp\/v2\/posts\/56992\/revisions\/56996"}],"wp:featuredmedia":[{"embeddable":true,"href":"https:\/\/blogdoeloiltoncajuhy.com.br\/site\/wp-json\/wp\/v2\/media\/56993"}],"wp:attachment":[{"href":"https:\/\/blogdoeloiltoncajuhy.com.br\/site\/wp-json\/wp\/v2\/media?parent=56992"}],"wp:term":[{"taxonomy":"category","embeddable":true,"href":"https:\/\/blogdoeloiltoncajuhy.com.br\/site\/wp-json\/wp\/v2\/categories?post=56992"},{"taxonomy":"post_tag","embeddable":true,"href":"https:\/\/blogdoeloiltoncajuhy.com.br\/site\/wp-json\/wp\/v2\/tags?post=56992"}],"curies":[{"name":"wp","href":"https:\/\/api.w.org\/{rel}","templated":true}]}}