{"id":56987,"date":"2021-06-06T23:01:47","date_gmt":"2021-06-07T02:01:47","guid":{"rendered":"http:\/\/blogdoeloiltoncajuhy.com.br\/site\/?p=56987"},"modified":"2021-06-06T23:02:31","modified_gmt":"2021-06-07T02:02:31","slug":"reflexos-da-pandemia-na-educacao-serao-debatidos-na-comissao-da-covid-do-senado","status":"publish","type":"post","link":"https:\/\/blogdoeloiltoncajuhy.com.br\/site\/reflexos-da-pandemia-na-educacao-serao-debatidos-na-comissao-da-covid-do-senado\/","title":{"rendered":"Reflexos da pandemia na educa\u00e7\u00e3o ser\u00e3o debatidos na Comiss\u00e3o da Covid do Senado"},"content":{"rendered":"\n<h5 class=\"has-text-align-center wp-block-heading\"><em>Documento aponta que a aprendizagem no Brasil pode regredir at\u00e9 4 anos sem aulas presenciais<\/em><\/h5>\n\n\n\n<div class=\"wp-block-image\"><figure class=\"aligncenter size-full is-resized\"><a href=\"https:\/\/i0.wp.com\/blogdoeloiltoncajuhy.com.br\/site\/wp-content\/uploads\/2021\/06\/estudos.jpeg\"><img data-recalc-dims=\"1\" fetchpriority=\"high\" decoding=\"async\" src=\"https:\/\/i0.wp.com\/blogdoeloiltoncajuhy.com.br\/site\/wp-content\/uploads\/2021\/06\/estudos.jpeg?resize=784%2C521\" alt=\"\" class=\"wp-image-56988\" width=\"784\" height=\"521\" srcset=\"https:\/\/i0.wp.com\/blogdoeloiltoncajuhy.com.br\/site\/wp-content\/uploads\/2021\/06\/estudos.jpeg?w=676&amp;ssl=1 676w, https:\/\/i0.wp.com\/blogdoeloiltoncajuhy.com.br\/site\/wp-content\/uploads\/2021\/06\/estudos.jpeg?resize=300%2C200&amp;ssl=1 300w\" sizes=\"(max-width: 784px) 100vw, 784px\" \/><\/a><figcaption><em><sub>stockphotos\/diretos reservados<\/sub><\/em><\/figcaption><\/figure><\/div>\n\n\n\n<p>A pandemia pode deixar at\u00e9 70% das crian\u00e7as brasileiras sem condi\u00e7\u00f5es de ler e entender um texto simples aos 10 anos de idade. A conclus\u00e3o \u00e9 do relat\u00f3rio do Banco Mundial sobre o impacto do coronav\u00edrus na educa\u00e7\u00e3o da Am\u00e9rica Latina e do Caribe.<\/p>\n\n\n\n<p>A chamada pobreza de aprendizagem foi agravada pelo fechamento das escolas, que deixou cerca de 48 milh\u00f5es de alunos sem aulas no Brasil. Em sete estados, mesmo em escolas privadas, as aulas presenciais seguem proibidas. O impacto da covid-19 na educa\u00e7\u00e3o ser\u00e1 tema de uma audi\u00eancia p\u00fablica na comiss\u00e3o que acompanha as a\u00e7\u00f5es de combate \u00e0 pandemia. Para o vice-presidente, senador Styvenson Valentim, do Podemos do Rio Grande do Norte, a tecnologia pode ser uma aliada para ampliar o alcance das aulas remotas.<\/p>\n\n\n\n<p><em>&#8220;A gente est\u00e1 com um abismo de quase dois anos, em que alunos de escolas p\u00fablicas n\u00e3o t\u00eam chip, n\u00e3o t\u00eam computador, n\u00e3o est\u00e3o assistindo \u00e0 aula, n\u00e3o t\u00eam condi\u00e7\u00f5es. O Governo Federal n\u00e3o teria como promover aulas por v\u00eddeo a dist\u00e2ncia, pela televis\u00e3o, uma vez que nem todo mundo tem internet? Eu vi isso acontecer durante o Enem. Foi por curto tempo, mas aconteceu. Vai ser dif\u00edcil a gente recuperar esse lapso temporal&#8221;<\/em>.<\/p>\n\n\n\n<p>Aspectos econ\u00f4micos e regionais ampliam ainda mais a desigualdade no acesso \u00e0 educa\u00e7\u00e3o remota, que j\u00e1 era desproporcional no modelo presencial. Enquanto 52% dos alunos do Nordeste participaram de atividades \u00e0 dist\u00e2ncia, na regi\u00e3o Sul esse percentual chegou a 92%, segunda uma pesquisa da Funda\u00e7\u00e3o Lemann. O documento, aponta, ainda que a aprendizagem no Brasil pode regredir at\u00e9 4 anos sem aulas presenciais.<\/p>\n\n\n\n<p>Para o debate, est\u00e3o confirmadas as presen\u00e7as do secret\u00e1rio de Educa\u00e7\u00e3o B\u00e1sica do MEC, Mauro Rabelo, e do presidente da Uni\u00e3o Nacional dos Dirigentes Municipais de Educa\u00e7\u00e3o, Luiz Miguel Garcia. A comiss\u00e3o tamb\u00e9m espera ouvir representantes do Instituto Ayrton Senna, do Movimento Todos pela Educa\u00e7\u00e3o e do Conselho Nacional de Secret\u00e1rios de Educa\u00e7\u00e3o.<\/p>\n","protected":false},"excerpt":{"rendered":"<p>Documento aponta que a aprendizagem no Brasil pode regredir at\u00e9 4 anos sem aulas presenciais A pandemia pode deixar at\u00e9 70% das crian\u00e7as brasileiras sem condi\u00e7\u00f5es de ler e entender um texto simples aos 10 anos de idade. A conclus\u00e3o \u00e9 do relat\u00f3rio do Banco Mundial sobre o impacto do coronav\u00edrus na educa\u00e7\u00e3o da Am\u00e9rica [&hellip;]<\/p>\n","protected":false},"author":2,"featured_media":56988,"comment_status":"open","ping_status":"open","sticky":false,"template":"","format":"standard","meta":{"_acf_changed":false,"_monsterinsights_skip_tracking":false,"_monsterinsights_sitenote_active":false,"_monsterinsights_sitenote_note":"","_monsterinsights_sitenote_category":0,"_jetpack_memberships_contains_paid_content":false,"footnotes":"","jetpack_publicize_message":"","jetpack_publicize_feature_enabled":true,"jetpack_social_post_already_shared":false,"jetpack_social_options":{"image_generator_settings":{"template":"highway","default_image_id":0,"font":"","enabled":false},"version":2}},"categories":[3],"tags":[],"class_list":["post-56987","post","type-post","status-publish","format-standard","has-post-thumbnail","hentry","category-politica"],"acf":[],"jetpack_publicize_connections":[],"jetpack_featured_media_url":"https:\/\/i0.wp.com\/blogdoeloiltoncajuhy.com.br\/site\/wp-content\/uploads\/2021\/06\/estudos.jpeg?fit=676%2C450&ssl=1","jetpack_sharing_enabled":true,"publishpress_future_workflow_manual_trigger":{"enabledWorkflows":[]},"_links":{"self":[{"href":"https:\/\/blogdoeloiltoncajuhy.com.br\/site\/wp-json\/wp\/v2\/posts\/56987","targetHints":{"allow":["GET"]}}],"collection":[{"href":"https:\/\/blogdoeloiltoncajuhy.com.br\/site\/wp-json\/wp\/v2\/posts"}],"about":[{"href":"https:\/\/blogdoeloiltoncajuhy.com.br\/site\/wp-json\/wp\/v2\/types\/post"}],"author":[{"embeddable":true,"href":"https:\/\/blogdoeloiltoncajuhy.com.br\/site\/wp-json\/wp\/v2\/users\/2"}],"replies":[{"embeddable":true,"href":"https:\/\/blogdoeloiltoncajuhy.com.br\/site\/wp-json\/wp\/v2\/comments?post=56987"}],"version-history":[{"count":3,"href":"https:\/\/blogdoeloiltoncajuhy.com.br\/site\/wp-json\/wp\/v2\/posts\/56987\/revisions"}],"predecessor-version":[{"id":56991,"href":"https:\/\/blogdoeloiltoncajuhy.com.br\/site\/wp-json\/wp\/v2\/posts\/56987\/revisions\/56991"}],"wp:featuredmedia":[{"embeddable":true,"href":"https:\/\/blogdoeloiltoncajuhy.com.br\/site\/wp-json\/wp\/v2\/media\/56988"}],"wp:attachment":[{"href":"https:\/\/blogdoeloiltoncajuhy.com.br\/site\/wp-json\/wp\/v2\/media?parent=56987"}],"wp:term":[{"taxonomy":"category","embeddable":true,"href":"https:\/\/blogdoeloiltoncajuhy.com.br\/site\/wp-json\/wp\/v2\/categories?post=56987"},{"taxonomy":"post_tag","embeddable":true,"href":"https:\/\/blogdoeloiltoncajuhy.com.br\/site\/wp-json\/wp\/v2\/tags?post=56987"}],"curies":[{"name":"wp","href":"https:\/\/api.w.org\/{rel}","templated":true}]}}