{"id":56983,"date":"2021-06-06T22:42:06","date_gmt":"2021-06-07T01:42:06","guid":{"rendered":"http:\/\/blogdoeloiltoncajuhy.com.br\/site\/?p=56983"},"modified":"2021-06-06T22:42:07","modified_gmt":"2021-06-07T01:42:07","slug":"homens-sao-encontrados-amarrados-e-com-marcas-de-disparos-de-arma-de-fogo-na-regiao-metropolitana-de-salvador","status":"publish","type":"post","link":"https:\/\/blogdoeloiltoncajuhy.com.br\/site\/homens-sao-encontrados-amarrados-e-com-marcas-de-disparos-de-arma-de-fogo-na-regiao-metropolitana-de-salvador\/","title":{"rendered":"Homens s\u00e3o encontrados amarrados e com marcas de disparos de arma de fogo na regi\u00e3o metropolitana de Salvador"},"content":{"rendered":"\n<h5 class=\"has-text-align-center wp-block-heading\"><em>Caso aconteceu na manh\u00e3 deste domingo (6) em Cama\u00e7ari<\/em><\/h5>\n\n\n\n<div class=\"wp-block-image\"><figure class=\"aligncenter size-large\"><a href=\"https:\/\/i0.wp.com\/blogdoeloiltoncajuhy.com.br\/site\/wp-content\/uploads\/2021\/06\/Tres-homens-encontrados-mortos.jpg\"><img data-recalc-dims=\"1\" fetchpriority=\"high\" decoding=\"async\" width=\"800\" height=\"492\" src=\"https:\/\/i0.wp.com\/blogdoeloiltoncajuhy.com.br\/site\/wp-content\/uploads\/2021\/06\/Tres-homens-encontrados-mortos.jpg?resize=800%2C492\" alt=\"\" class=\"wp-image-56984\" srcset=\"https:\/\/i0.wp.com\/blogdoeloiltoncajuhy.com.br\/site\/wp-content\/uploads\/2021\/06\/Tres-homens-encontrados-mortos.jpg?w=984&amp;ssl=1 984w, https:\/\/i0.wp.com\/blogdoeloiltoncajuhy.com.br\/site\/wp-content\/uploads\/2021\/06\/Tres-homens-encontrados-mortos.jpg?resize=300%2C184&amp;ssl=1 300w, https:\/\/i0.wp.com\/blogdoeloiltoncajuhy.com.br\/site\/wp-content\/uploads\/2021\/06\/Tres-homens-encontrados-mortos.jpg?resize=768%2C472&amp;ssl=1 768w\" sizes=\"(max-width: 800px) 100vw, 800px\" \/><\/a><figcaption><em><sub>Homens s\u00e3o encontrados amarrados e com marcas de disparos de arma de fogo na regi\u00e3o metropolitana de Salvador \u2014 Foto: Divulga\u00e7\u00e3o\/Pol\u00edcia Civil<\/sub><\/em><\/figcaption><\/figure><\/div>\n\n\n\n<p>Tr\u00eas homens foram encontrados amarrados e com marcas de disparos de arma de fogo neste domingo (6) em Cama\u00e7ari, na regi\u00e3o metropolitana de Salvador. A informa\u00e7\u00e3o \u00e9 da Pol\u00edcia Civil.<\/p>\n\n\n\n<p>De acordo com informa\u00e7\u00f5es da 59\u00aa Companhia Independente de Pol\u00edcia Militar (CIPM), militares da unidade foram acionados pelo Centro Integrado de Comunica\u00e7\u00f5es (Cicom) para atender a uma ocorr\u00eancia em que populares haviam achado tr\u00eas corpos na Avenida Atl\u00e2ntica.<\/p>\n\n\n\n<p>No local, a guarni\u00e7\u00e3o constatou o fato. Ainda de acordo com a PM, a \u00e1rea foi isolada e a per\u00edcia t\u00e9cnica acionada para a remo\u00e7\u00e3o dos corpos.<\/p>\n\n\n\n<p>Segundo a Pol\u00edcia Civil, duas das v\u00edtimas foram identificadas como Fabr\u00edcio Souza de Oliveira e Driel dos Reis Cardoso. O terceiro corpo, no entanto, ainda n\u00e3o foi identificado.<\/p>\n\n\n\n<p>A autoria e motiva\u00e7\u00e3o s\u00e3o investigadas pela 26\u00aa Delegacia Territorial (DT) de Abrantes. Equipes da Delegacia expediram guias de per\u00edcia e remo\u00e7\u00e3o.<\/p>\n","protected":false},"excerpt":{"rendered":"<p>Caso aconteceu na manh\u00e3 deste domingo (6) em Cama\u00e7ari Tr\u00eas homens foram encontrados amarrados e com marcas de disparos de arma de fogo neste domingo (6) em Cama\u00e7ari, na regi\u00e3o metropolitana de Salvador. A informa\u00e7\u00e3o \u00e9 da Pol\u00edcia Civil. De acordo com informa\u00e7\u00f5es da 59\u00aa Companhia Independente de Pol\u00edcia Militar (CIPM), militares da unidade foram [&hellip;]<\/p>\n","protected":false},"author":2,"featured_media":56984,"comment_status":"open","ping_status":"open","sticky":false,"template":"","format":"standard","meta":{"_acf_changed":false,"_monsterinsights_skip_tracking":false,"_monsterinsights_sitenote_active":false,"_monsterinsights_sitenote_note":"","_monsterinsights_sitenote_category":0,"_jetpack_memberships_contains_paid_content":false,"footnotes":"","jetpack_publicize_message":"","jetpack_publicize_feature_enabled":true,"jetpack_social_post_already_shared":false,"jetpack_social_options":{"image_generator_settings":{"template":"highway","default_image_id":0,"font":"","enabled":false},"version":2}},"categories":[15],"tags":[],"class_list":["post-56983","post","type-post","status-publish","format-standard","has-post-thumbnail","hentry","category-policia"],"acf":[],"jetpack_publicize_connections":[],"jetpack_featured_media_url":"https:\/\/i0.wp.com\/blogdoeloiltoncajuhy.com.br\/site\/wp-content\/uploads\/2021\/06\/Tres-homens-encontrados-mortos.jpg?fit=984%2C605&ssl=1","jetpack_sharing_enabled":true,"publishpress_future_workflow_manual_trigger":{"enabledWorkflows":[]},"_links":{"self":[{"href":"https:\/\/blogdoeloiltoncajuhy.com.br\/site\/wp-json\/wp\/v2\/posts\/56983","targetHints":{"allow":["GET"]}}],"collection":[{"href":"https:\/\/blogdoeloiltoncajuhy.com.br\/site\/wp-json\/wp\/v2\/posts"}],"about":[{"href":"https:\/\/blogdoeloiltoncajuhy.com.br\/site\/wp-json\/wp\/v2\/types\/post"}],"author":[{"embeddable":true,"href":"https:\/\/blogdoeloiltoncajuhy.com.br\/site\/wp-json\/wp\/v2\/users\/2"}],"replies":[{"embeddable":true,"href":"https:\/\/blogdoeloiltoncajuhy.com.br\/site\/wp-json\/wp\/v2\/comments?post=56983"}],"version-history":[{"count":2,"href":"https:\/\/blogdoeloiltoncajuhy.com.br\/site\/wp-json\/wp\/v2\/posts\/56983\/revisions"}],"predecessor-version":[{"id":56986,"href":"https:\/\/blogdoeloiltoncajuhy.com.br\/site\/wp-json\/wp\/v2\/posts\/56983\/revisions\/56986"}],"wp:featuredmedia":[{"embeddable":true,"href":"https:\/\/blogdoeloiltoncajuhy.com.br\/site\/wp-json\/wp\/v2\/media\/56984"}],"wp:attachment":[{"href":"https:\/\/blogdoeloiltoncajuhy.com.br\/site\/wp-json\/wp\/v2\/media?parent=56983"}],"wp:term":[{"taxonomy":"category","embeddable":true,"href":"https:\/\/blogdoeloiltoncajuhy.com.br\/site\/wp-json\/wp\/v2\/categories?post=56983"},{"taxonomy":"post_tag","embeddable":true,"href":"https:\/\/blogdoeloiltoncajuhy.com.br\/site\/wp-json\/wp\/v2\/tags?post=56983"}],"curies":[{"name":"wp","href":"https:\/\/api.w.org\/{rel}","templated":true}]}}