{"id":56975,"date":"2021-06-05T23:46:50","date_gmt":"2021-06-06T02:46:50","guid":{"rendered":"http:\/\/blogdoeloiltoncajuhy.com.br\/site\/?p=56975"},"modified":"2021-06-05T23:46:51","modified_gmt":"2021-06-06T02:46:51","slug":"senhor-do-bonfim-nte-25-realiza-atendimento-com-agendamento-previo","status":"publish","type":"post","link":"https:\/\/blogdoeloiltoncajuhy.com.br\/site\/senhor-do-bonfim-nte-25-realiza-atendimento-com-agendamento-previo\/","title":{"rendered":"Senhor do Bonfim: NTE-25 realiza atendimento com agendamento pr\u00e9vio"},"content":{"rendered":"\n<div class=\"wp-block-image\"><figure class=\"aligncenter size-large\"><a href=\"https:\/\/i0.wp.com\/blogdoeloiltoncajuhy.com.br\/site\/wp-content\/uploads\/2021\/06\/NTE-25_Senhor-do-Bonfim.jpeg\"><img data-recalc-dims=\"1\" fetchpriority=\"high\" decoding=\"async\" width=\"800\" height=\"513\" src=\"https:\/\/i0.wp.com\/blogdoeloiltoncajuhy.com.br\/site\/wp-content\/uploads\/2021\/06\/NTE-25_Senhor-do-Bonfim.jpeg?resize=800%2C513\" alt=\"\" class=\"wp-image-56976\" srcset=\"https:\/\/i0.wp.com\/blogdoeloiltoncajuhy.com.br\/site\/wp-content\/uploads\/2021\/06\/NTE-25_Senhor-do-Bonfim.jpeg?resize=1024%2C656&amp;ssl=1 1024w, https:\/\/i0.wp.com\/blogdoeloiltoncajuhy.com.br\/site\/wp-content\/uploads\/2021\/06\/NTE-25_Senhor-do-Bonfim.jpeg?resize=300%2C192&amp;ssl=1 300w, https:\/\/i0.wp.com\/blogdoeloiltoncajuhy.com.br\/site\/wp-content\/uploads\/2021\/06\/NTE-25_Senhor-do-Bonfim.jpeg?resize=768%2C492&amp;ssl=1 768w, https:\/\/i0.wp.com\/blogdoeloiltoncajuhy.com.br\/site\/wp-content\/uploads\/2021\/06\/NTE-25_Senhor-do-Bonfim.jpeg?w=1225&amp;ssl=1 1225w\" sizes=\"(max-width: 800px) 100vw, 800px\" \/><\/a><figcaption><em><sub>NTE-25 Senhor do Bonfim &#8211; Foto: Divulga\u00e7\u00e3o<\/sub><\/em><\/figcaption><\/figure><\/div>\n\n\n\n<p>O N\u00facleo Territorial de Educa\u00e7\u00e3o &#8211; NTE-25, com sede em Senhor do Bonfim, devido a pandemia da Covid-19, est\u00e1 realizando atendimento presencial, por\u00e9m com agendamento pr\u00e9vio para evitar aglomera\u00e7\u00e3o.<\/p>\n\n\n\n<p>O \u00f3rg\u00e3o atende de segunda \u00e0 quinta-feira, das 08h \u00e0s 12h e das 13h \u00e0s 17h. O atendimento com agendamento pr\u00e9vio \u00e9 na sexta-feira, das 08h \u00e0s 12h. Os interessados devem entrar em contato com os n\u00fameros (74) 3542 4750 e 99910 2916 (WhatsApp).<\/p>\n\n\n\n<p>A comunidade escolar pode tirar qualquer d\u00favida relacionada \u00e0 rede estadual de ensino, bem como sobre os programa do Governo do Estado, inclusive o &#8220;Estado Solid\u00e1rio&#8221;.<\/p>\n\n\n\n<div class=\"wp-block-image\"><figure class=\"aligncenter size-large is-resized\"><a href=\"https:\/\/i0.wp.com\/blogdoeloiltoncajuhy.com.br\/site\/wp-content\/uploads\/2021\/06\/NTE-25_Senhor-do-Bonfim-Comunicado.jpeg\"><img data-recalc-dims=\"1\" decoding=\"async\" src=\"https:\/\/i0.wp.com\/blogdoeloiltoncajuhy.com.br\/site\/wp-content\/uploads\/2021\/06\/NTE-25_Senhor-do-Bonfim-Comunicado.jpeg?resize=645%2C645\" alt=\"\" class=\"wp-image-56977\" width=\"645\" height=\"645\" srcset=\"https:\/\/i0.wp.com\/blogdoeloiltoncajuhy.com.br\/site\/wp-content\/uploads\/2021\/06\/NTE-25_Senhor-do-Bonfim-Comunicado.jpeg?resize=1024%2C1024&amp;ssl=1 1024w, https:\/\/i0.wp.com\/blogdoeloiltoncajuhy.com.br\/site\/wp-content\/uploads\/2021\/06\/NTE-25_Senhor-do-Bonfim-Comunicado.jpeg?resize=300%2C300&amp;ssl=1 300w, https:\/\/i0.wp.com\/blogdoeloiltoncajuhy.com.br\/site\/wp-content\/uploads\/2021\/06\/NTE-25_Senhor-do-Bonfim-Comunicado.jpeg?resize=150%2C150&amp;ssl=1 150w, https:\/\/i0.wp.com\/blogdoeloiltoncajuhy.com.br\/site\/wp-content\/uploads\/2021\/06\/NTE-25_Senhor-do-Bonfim-Comunicado.jpeg?resize=768%2C768&amp;ssl=1 768w, https:\/\/i0.wp.com\/blogdoeloiltoncajuhy.com.br\/site\/wp-content\/uploads\/2021\/06\/NTE-25_Senhor-do-Bonfim-Comunicado.jpeg?w=1241&amp;ssl=1 1241w\" sizes=\"(max-width: 645px) 100vw, 645px\" \/><\/a><\/figure><\/div>\n","protected":false},"excerpt":{"rendered":"<p>O N\u00facleo Territorial de Educa\u00e7\u00e3o &#8211; NTE-25, com sede em Senhor do Bonfim, devido a pandemia da Covid-19, est\u00e1 realizando atendimento presencial, por\u00e9m com agendamento pr\u00e9vio para evitar aglomera\u00e7\u00e3o. O \u00f3rg\u00e3o atende de segunda \u00e0 quinta-feira, das 08h \u00e0s 12h e das 13h \u00e0s 17h. O atendimento com agendamento pr\u00e9vio \u00e9 na sexta-feira, das 08h [&hellip;]<\/p>\n","protected":false},"author":2,"featured_media":56976,"comment_status":"open","ping_status":"open","sticky":false,"template":"","format":"standard","meta":{"_acf_changed":false,"_monsterinsights_skip_tracking":false,"_monsterinsights_sitenote_active":false,"_monsterinsights_sitenote_note":"","_monsterinsights_sitenote_category":0,"_jetpack_memberships_contains_paid_content":false,"footnotes":"","jetpack_publicize_message":"","jetpack_publicize_feature_enabled":true,"jetpack_social_post_already_shared":false,"jetpack_social_options":{"image_generator_settings":{"template":"highway","default_image_id":0,"font":"","enabled":false},"version":2}},"categories":[4],"tags":[],"class_list":["post-56975","post","type-post","status-publish","format-standard","has-post-thumbnail","hentry","category-local"],"acf":[],"jetpack_publicize_connections":[],"jetpack_featured_media_url":"https:\/\/i0.wp.com\/blogdoeloiltoncajuhy.com.br\/site\/wp-content\/uploads\/2021\/06\/NTE-25_Senhor-do-Bonfim.jpeg?fit=1225%2C785&ssl=1","jetpack_sharing_enabled":true,"publishpress_future_workflow_manual_trigger":{"enabledWorkflows":[]},"_links":{"self":[{"href":"https:\/\/blogdoeloiltoncajuhy.com.br\/site\/wp-json\/wp\/v2\/posts\/56975","targetHints":{"allow":["GET"]}}],"collection":[{"href":"https:\/\/blogdoeloiltoncajuhy.com.br\/site\/wp-json\/wp\/v2\/posts"}],"about":[{"href":"https:\/\/blogdoeloiltoncajuhy.com.br\/site\/wp-json\/wp\/v2\/types\/post"}],"author":[{"embeddable":true,"href":"https:\/\/blogdoeloiltoncajuhy.com.br\/site\/wp-json\/wp\/v2\/users\/2"}],"replies":[{"embeddable":true,"href":"https:\/\/blogdoeloiltoncajuhy.com.br\/site\/wp-json\/wp\/v2\/comments?post=56975"}],"version-history":[{"count":2,"href":"https:\/\/blogdoeloiltoncajuhy.com.br\/site\/wp-json\/wp\/v2\/posts\/56975\/revisions"}],"predecessor-version":[{"id":56979,"href":"https:\/\/blogdoeloiltoncajuhy.com.br\/site\/wp-json\/wp\/v2\/posts\/56975\/revisions\/56979"}],"wp:featuredmedia":[{"embeddable":true,"href":"https:\/\/blogdoeloiltoncajuhy.com.br\/site\/wp-json\/wp\/v2\/media\/56976"}],"wp:attachment":[{"href":"https:\/\/blogdoeloiltoncajuhy.com.br\/site\/wp-json\/wp\/v2\/media?parent=56975"}],"wp:term":[{"taxonomy":"category","embeddable":true,"href":"https:\/\/blogdoeloiltoncajuhy.com.br\/site\/wp-json\/wp\/v2\/categories?post=56975"},{"taxonomy":"post_tag","embeddable":true,"href":"https:\/\/blogdoeloiltoncajuhy.com.br\/site\/wp-json\/wp\/v2\/tags?post=56975"}],"curies":[{"name":"wp","href":"https:\/\/api.w.org\/{rel}","templated":true}]}}