{"id":56966,"date":"2021-06-05T11:35:29","date_gmt":"2021-06-05T14:35:29","guid":{"rendered":"http:\/\/blogdoeloiltoncajuhy.com.br\/site\/?p=56966"},"modified":"2021-06-05T11:35:30","modified_gmt":"2021-06-05T14:35:30","slug":"myrian-rios-surpreende-fas-e-revela-que-esta-completamente-surda","status":"publish","type":"post","link":"https:\/\/blogdoeloiltoncajuhy.com.br\/site\/myrian-rios-surpreende-fas-e-revela-que-esta-completamente-surda\/","title":{"rendered":"Myrian Rios surpreende f\u00e3s e revela que est\u00e1 completamente surda"},"content":{"rendered":"\n<figure class=\"wp-block-image alignwide size-large\"><a href=\"https:\/\/i0.wp.com\/blogdoeloiltoncajuhy.com.br\/site\/wp-content\/uploads\/2021\/06\/Myrian-Rios-01.jpg\"><img data-recalc-dims=\"1\" fetchpriority=\"high\" decoding=\"async\" width=\"380\" height=\"280\" src=\"https:\/\/i0.wp.com\/blogdoeloiltoncajuhy.com.br\/site\/wp-content\/uploads\/2021\/06\/Myrian-Rios-01.jpg?resize=380%2C280\" alt=\"\" class=\"wp-image-56967\" srcset=\"https:\/\/i0.wp.com\/blogdoeloiltoncajuhy.com.br\/site\/wp-content\/uploads\/2021\/06\/Myrian-Rios-01.jpg?w=380&amp;ssl=1 380w, https:\/\/i0.wp.com\/blogdoeloiltoncajuhy.com.br\/site\/wp-content\/uploads\/2021\/06\/Myrian-Rios-01.jpg?resize=300%2C221&amp;ssl=1 300w\" sizes=\"(max-width: 380px) 100vw, 380px\" \/><\/a><figcaption><em><sub>Foto: Reprodu\u00e7\u00e3o | Instagram @Myrianrios<\/sub><\/em><\/figcaption><\/figure>\n\n\n\n<p>Myrian Rios, 62, surpreendeu os f\u00e3s nesta semana ao revelar que perdeu completamente a audi\u00e7\u00e3o de ambos os ouvidos. A atriz afirmou nas redes sociais que o problema tem fator gen\u00e9tico.<\/p>\n\n\n\n<p><em>&#8220;Eu fiquei surda&#8221;<\/em>, contou. <em>&#8220;Completamente surda dos dois ouvidos. Eu n\u00e3o ou\u00e7o passarinho cantando, n\u00e3o ou\u00e7o o barulho da chuva. Isso me incomoda. Eu n\u00e3o ou\u00e7o nada. Eu ou\u00e7o a minha voz. Eu estou ouvindo a minha voz, por exemplo&#8221;<\/em>.<\/p>\n\n\n\n<p><em>&#8220;Eu n\u00e3o ou\u00e7o meus filhos me chamando, cachorro latindo&#8221;<\/em>, continuou. <em>&#8220;S\u00f3 se falar muito pertinho do meu ouvido. Dentro do meu ouvido eu ou\u00e7o&#8221;<\/em>.<\/p>\n\n\n\n<p>Ela explicou que \u00e9 um processo que ela vem vivenciando h\u00e1 algum tempo. <em>&#8220;H\u00e1 muitos anos eu fui perdendo a minha audi\u00e7\u00e3o&#8221;<\/em>, disse. <em>&#8220;\u00c9 uma gen\u00e9tica da minha fam\u00edlia, da parte materna. As pessoas v\u00e3o perdendo a audi\u00e7\u00e3o. A minha m\u00e3e, o meu tio, a minha tia\u2026 V\u00e1rias pessoas da minha fam\u00edlia foram perdendo a audi\u00e7\u00e3o at\u00e9 ter perda de audi\u00e7\u00e3o severa. E eu segui a gen\u00e9tica da minha m\u00e3e e dos meus tios&#8221;<\/em>.<\/p>\n\n\n\n<p>Rios tamb\u00e9m contou que a defici\u00eancia auditiva acaba complicando seu cotidiano. <em>&#8220;\u00c9 dif\u00edcil, n\u00e9, porque eu sou atriz, tenho que escutar: &#8216;Oi, aten\u00e7\u00e3o, gravando!'&#8221;<\/em>, afirmou.<\/p>\n\n\n\n<p>A atriz disse que j\u00e1 tentou de algumas formas reverter esse processo. <em>&#8220;Tentei usar aparelho na \u00e9poca, mas n\u00e3o dava, n\u00e3o adaptou&#8221;<\/em>, afirmou.<\/p>\n\n\n\n<p>H\u00e1 cerca de 11 anos, ela fez um implante coclear, aparelho eletr\u00f4nico que capta o som e o transforma em impulsos el\u00e9tricos diretamente sobre o nervo da audi\u00e7\u00e3o. <em>&#8220;Na \u00e9poca o m\u00e9dico me avisou que tudo isso era muito novo e que talvez em dez anos eu precisaria abrir a cabe\u00e7a para trocar a bateria&#8221;<\/em>, disse. <em>&#8220;Os dez anos chegaram&#8221;<\/em>.<\/p>\n\n\n\n<p>Ap\u00f3s receber carinho dos f\u00e3s e responder a perguntas, ela tamb\u00e9m disse que agora est\u00e1 se tratando com um novo m\u00e9dico, que indicou que ela voltasse a usar aparelho. <em>&#8220;Com as tecnologias avan\u00e7adas, continuarei trabalhando normalmente&#8221;<\/em>, afirmou.<\/p>\n\n\n\n<figure class=\"wp-block-image alignwide size-large\"><a href=\"https:\/\/i0.wp.com\/blogdoeloiltoncajuhy.com.br\/site\/wp-content\/uploads\/2021\/06\/Myrian-Rios-Roberto.jpg\"><img data-recalc-dims=\"1\" decoding=\"async\" width=\"564\" height=\"557\" src=\"https:\/\/i0.wp.com\/blogdoeloiltoncajuhy.com.br\/site\/wp-content\/uploads\/2021\/06\/Myrian-Rios-Roberto.jpg?resize=564%2C557\" alt=\"\" class=\"wp-image-56968\" srcset=\"https:\/\/i0.wp.com\/blogdoeloiltoncajuhy.com.br\/site\/wp-content\/uploads\/2021\/06\/Myrian-Rios-Roberto.jpg?w=564&amp;ssl=1 564w, https:\/\/i0.wp.com\/blogdoeloiltoncajuhy.com.br\/site\/wp-content\/uploads\/2021\/06\/Myrian-Rios-Roberto.jpg?resize=300%2C296&amp;ssl=1 300w\" sizes=\"(max-width: 564px) 100vw, 564px\" \/><\/a><figcaption><em><sub>Myrian Rio e Roberto Carlos &#8211; Foto: Pinterest<\/sub><\/em><\/figcaption><\/figure>\n","protected":false},"excerpt":{"rendered":"<p>Myrian Rios, 62, surpreendeu os f\u00e3s nesta semana ao revelar que perdeu completamente a audi\u00e7\u00e3o de ambos os ouvidos. A atriz afirmou nas redes sociais que o problema tem fator gen\u00e9tico. &#8220;Eu fiquei surda&#8221;, contou. &#8220;Completamente surda dos dois ouvidos. Eu n\u00e3o ou\u00e7o passarinho cantando, n\u00e3o ou\u00e7o o barulho da chuva. Isso me incomoda. Eu [&hellip;]<\/p>\n","protected":false},"author":2,"featured_media":56967,"comment_status":"open","ping_status":"open","sticky":false,"template":"","format":"standard","meta":{"_acf_changed":false,"_monsterinsights_skip_tracking":false,"_monsterinsights_sitenote_active":false,"_monsterinsights_sitenote_note":"","_monsterinsights_sitenote_category":0,"_jetpack_memberships_contains_paid_content":false,"footnotes":"","jetpack_publicize_message":"","jetpack_publicize_feature_enabled":true,"jetpack_social_post_already_shared":false,"jetpack_social_options":{"image_generator_settings":{"template":"highway","default_image_id":0,"font":"","enabled":false},"version":2}},"categories":[8],"tags":[],"class_list":["post-56966","post","type-post","status-publish","format-standard","has-post-thumbnail","hentry","category-cultura"],"acf":[],"jetpack_publicize_connections":[],"jetpack_featured_media_url":"https:\/\/i0.wp.com\/blogdoeloiltoncajuhy.com.br\/site\/wp-content\/uploads\/2021\/06\/Myrian-Rios-01.jpg?fit=380%2C280&ssl=1","jetpack_sharing_enabled":true,"publishpress_future_workflow_manual_trigger":{"enabledWorkflows":[]},"_links":{"self":[{"href":"https:\/\/blogdoeloiltoncajuhy.com.br\/site\/wp-json\/wp\/v2\/posts\/56966","targetHints":{"allow":["GET"]}}],"collection":[{"href":"https:\/\/blogdoeloiltoncajuhy.com.br\/site\/wp-json\/wp\/v2\/posts"}],"about":[{"href":"https:\/\/blogdoeloiltoncajuhy.com.br\/site\/wp-json\/wp\/v2\/types\/post"}],"author":[{"embeddable":true,"href":"https:\/\/blogdoeloiltoncajuhy.com.br\/site\/wp-json\/wp\/v2\/users\/2"}],"replies":[{"embeddable":true,"href":"https:\/\/blogdoeloiltoncajuhy.com.br\/site\/wp-json\/wp\/v2\/comments?post=56966"}],"version-history":[{"count":2,"href":"https:\/\/blogdoeloiltoncajuhy.com.br\/site\/wp-json\/wp\/v2\/posts\/56966\/revisions"}],"predecessor-version":[{"id":56970,"href":"https:\/\/blogdoeloiltoncajuhy.com.br\/site\/wp-json\/wp\/v2\/posts\/56966\/revisions\/56970"}],"wp:featuredmedia":[{"embeddable":true,"href":"https:\/\/blogdoeloiltoncajuhy.com.br\/site\/wp-json\/wp\/v2\/media\/56967"}],"wp:attachment":[{"href":"https:\/\/blogdoeloiltoncajuhy.com.br\/site\/wp-json\/wp\/v2\/media?parent=56966"}],"wp:term":[{"taxonomy":"category","embeddable":true,"href":"https:\/\/blogdoeloiltoncajuhy.com.br\/site\/wp-json\/wp\/v2\/categories?post=56966"},{"taxonomy":"post_tag","embeddable":true,"href":"https:\/\/blogdoeloiltoncajuhy.com.br\/site\/wp-json\/wp\/v2\/tags?post=56966"}],"curies":[{"name":"wp","href":"https:\/\/api.w.org\/{rel}","templated":true}]}}